{"id":10130,"date":"2023-03-28T11:18:03","date_gmt":"2023-03-28T14:18:03","guid":{"rendered":"https:\/\/www.sertras.com\/gestao-de-fornecedores\/?p=10130"},"modified":"2023-10-13T16:49:09","modified_gmt":"2023-10-13T19:49:09","slug":"homologacao-de-fornecedores-estrategicos","status":"publish","type":"post","link":"https:\/\/www.sertras.com\/gestao-de-fornecedores\/homologacao-de-fornecedores-estrategicos\/","title":{"rendered":"<strong>Homologa\u00e7\u00e3o de Fornecedores Estrat\u00e9gicos<\/strong>"},"content":{"rendered":"\n<p>Nas postagens anteriores ensinamos que na homologa\u00e7\u00e3o de fornecedores <a href=\"\/gestao-de-fornecedores?p=9692\" target=\"_blank\" rel=\"noreferrer noopener\">sem risco<\/a> aparente, <a href=\"\/gestao-de-fornecedores?p=10004\" target=\"_blank\" rel=\"noreferrer noopener\">risco baixo<\/a> e <a href=\"\/gestao-de-fornecedores?p=10094\" target=\"_blank\" rel=\"noreferrer noopener\">risco m\u00e9dio<\/a> basicamente buscamos determinar a conformidade da empresa fornecedora com respeito ao cumprimento de leis, adicionando mitiga\u00e7\u00e3o de riscos de compliance e reputacionais por meio de pesquisas de Big Data.<\/p>\n\n\n\n<p>Os fornecedores estrat\u00e9gicos tem uma tratativa muito diferente j\u00e1 que caso cometamos um erro na escolha, o impacto para a empresa pode ser catastr\u00f3fico.<\/p>\n\n\n\n<h4 class=\"wp-block-heading\" id=\"h-quais-acoes-devo-realizar-neste-caso\"><strong>Quais a\u00e7\u00f5es devo realizar neste caso?<\/strong><\/h4>\n\n\n\n<p>Al\u00e9m de pesquisar em bancos de dados p\u00fablicos para conhecer situa\u00e7\u00e3o tribut\u00e1ria e credit\u00edcia como nas demais homologa\u00e7\u00f5es, e&nbsp; \u00e9 necess\u00e1rio realizar as seguintes a\u00e7\u00f5es:<\/p>\n\n\n\n<ul class=\"wp-block-list\">\n<li><strong>Determinar a sa\u00fade financeira da empresa:<\/strong> Isto se faz solicitando ao fornecedor Balan\u00e7o e DRE dos \u00faltimos dois anos, relat\u00f3rio do \u00f3rg\u00e3o de prote\u00e7\u00e3o ao cr\u00e9dito<\/li>\n\n\n\n<li><strong>Processos judiciais:<\/strong> Aten\u00e7\u00e3o tamb\u00e9m com os trabalhistas para empresas de terceiriza\u00e7\u00e3o de m\u00e3o de obra.<\/li>\n\n\n\n<li><strong>Refer\u00eancias comerciais:<\/strong> De nada adianta pedir refer\u00eancias e n\u00e3o ligar para elas.<\/li>\n\n\n\n<li><strong>Certifica\u00e7\u00f5es:<\/strong> Cuidado com elas. Hoje em dia temos uma grande quantidade de certifica\u00e7\u00f5es ISO ou outras que est\u00e3o suspensas por n\u00e3o fazer a auditoria de acompanhamento. Tamb\u00e9m encontramos centenas de certificados falsos ou com a data de validade adulterada.<\/li>\n<\/ul>\n\n\n\n<p>A Sertras criou a Homologa\u00e7\u00e3o Platino para fornecedores classificados como Estrat\u00e9gicos ou de Alavancagem.<\/p>\n\n\n\n<p><\/p>\n\n\n\n<h4 class=\"wp-block-heading\" id=\"h-exemplo-de-um-fornecedor-estrategico-ou-de-alavancagem\"><strong>Exemplo de um Fornecedor Estrat\u00e9gico ou de Alavancagem<\/strong><\/h4>\n\n\n\n<p>Vamos utilizar como exemplo um dos principais itens comprados pela CSN &#8211; Companhia Sider\u00fargica Nacional, que \u00e9 o min\u00e9rio de ferro.&nbsp; Lembrando que, nesta situa\u00e7\u00e3o hipot\u00e9tica, caso a CSN n\u00e3o possua este produto, n\u00e3o consiga produzir sua principal mercadoria e consequentemente haveria uma interrup\u00e7\u00e3o nas cadeias de suprimentos, log\u00edstica e comercial.&nbsp;<\/p>\n\n\n\n<p>Portanto, a compra deste material \u00e9 cr\u00edtica e requer uma sele\u00e7\u00e3o criteriosa do(s) fornecedor(es) destas categorias. A an\u00e1lise documental feita em fornecedores de risco menor, vai garantir que ao cumprir com todos os requisitos t\u00e9cnicos e legais, o fornecedor tem grandes chances de n\u00e3o sofrer penaliza\u00e7\u00f5es e multas que podem impactar os compradores financeiramente ou na sua reputa\u00e7\u00e3o por\u00e9m, por conta do alto valor da compra, precisamos tamb\u00e9m analisar a sa\u00fade financeira do fornecedor e se a empresa possui uma boa reputa\u00e7\u00e3o nas esferas jur\u00eddicas (quantidade de processos judiciais).<\/p>\n\n\n\n<p><\/p>\n\n\n\n<h4 class=\"wp-block-heading\" id=\"h-por-que-a-analise-financeira-e-importante-neste-processo\"><strong>Por que a An\u00e1lise Financeira \u00e9 importante neste processo?<\/strong><\/h4>\n\n\n\n<p>A <a href=\"\/gestao-de-fornecedores?p=4965\" target=\"_blank\" rel=\"noreferrer noopener\">an\u00e1lise financeira<\/a> \u00e9 uma t\u00e9cnica acad\u00eamica para determinar o risco que um fornecedor estrat\u00e9gico significa para a empresa compradora.<\/p>\n\n\n\n<p>Atrav\u00e9s de uma an\u00e1lise das informa\u00e7\u00f5es financeiras do fornecedor (balan\u00e7o patrimonial, DRE e relat\u00f3rio do \u00f3rg\u00e3o de prote\u00e7\u00e3o ao cr\u00e9dito), conseguimos construir indicadores que apresentam a situa\u00e7\u00e3o da empresa em rela\u00e7\u00e3o \u00e0:<\/p>\n\n\n\n<ul class=\"wp-block-list\">\n<li>Capacidade de arcar com suas obriga\u00e7\u00f5es;<\/li>\n\n\n\n<li>Porcentagem de lucro sobre vendas;<\/li>\n\n\n\n<li>Probabilidade de fal\u00eancia nos pr\u00f3ximos anos,<\/li>\n\n\n\n<li>Outros indicadores relevantes para determinar risco.<\/li>\n<\/ul>\n\n\n\n<p>Al\u00e9m do anterior, verificamos a assinatura do representante legal nos documentos, os subtotais, a partida dupla, e alguns outros detalhes do processo cont\u00e1bil.<\/p>\n\n\n\n<p>Com o nosso relat\u00f3rio financeiro, o comprador tem em m\u00e3os ainda mais informa\u00e7\u00f5es para sua tomada de decis\u00e3o. \u00c9 v\u00e1lido ressaltar que o processo de homologa\u00e7\u00e3o n\u00e3o isenta a an\u00e1lise do pr\u00f3prio comprador. H\u00e1 outros pontos que devem ser levados em considera\u00e7\u00e3o como: qualidade t\u00e9cnica do produto ou servi\u00e7o, tempo de entrega, pre\u00e7o, etc.<\/p>\n","protected":false},"excerpt":{"rendered":"<p>Nas postagens anteriores ensinamos que na homologa\u00e7\u00e3o de fornecedores sem risco aparente, risco baixo e risco m\u00e9dio basicamente buscamos determinar a conformidade da empresa fornecedora com respeito ao cumprimento de leis, adicionando mitiga\u00e7\u00e3o de riscos de compliance e reputacionais por meio de pesquisas de Big Data. Os fornecedores estrat\u00e9gicos tem uma tratativa muito diferente j\u00e1&hellip;<\/p>\n","protected":false},"author":14,"featured_media":10131,"comment_status":"open","ping_status":"open","sticky":false,"template":"","format":"standard","meta":{"footnotes":""},"categories":[144],"tags":[152,156,189],"class_list":["post-10130","post","type-post","status-publish","format-standard","has-post-thumbnail","hentry","category-homologacao","tag-compradores","tag-gestao-de-fornecedores","tag-kraljic","category-144","description-off"],"yoast_head":"<!-- This site is optimized with the Yoast SEO Premium plugin v27.3 (Yoast SEO v27.3) - https:\/\/yoast.com\/product\/yoast-seo-premium-wordpress\/ -->\n<title>Homologa\u00e7\u00e3o de Fornecedores Estrat\u00e9gicos - Sertras Gest\u00e3o de Fornecedores<\/title>\n<meta name=\"description\" content=\"Os fornecedores estrat\u00e9gicos tem uma tratativa muito diferente j\u00e1 que caso cometamos um erro na escolha, o impacto para a empresa pode ser catastr\u00f3fico.\" \/>\n<meta name=\"robots\" content=\"index, follow, max-snippet:-1, max-image-preview:large, max-video-preview:-1\" \/>\n<link rel=\"canonical\" href=\"https:\/\/www.sertras.com\/gestao-de-fornecedores\/homologacao-de-fornecedores-estrategicos\/\" \/>\n<meta property=\"og:locale\" content=\"pt_BR\" \/>\n<meta property=\"og:type\" content=\"article\" \/>\n<meta property=\"og:title\" content=\"Homologa\u00e7\u00e3o de Fornecedores Estrat\u00e9gicos\" \/>\n<meta property=\"og:description\" content=\"Os fornecedores estrat\u00e9gicos tem uma tratativa muito diferente j\u00e1 que caso cometamos um erro na escolha, o impacto para a empresa pode ser catastr\u00f3fico.\" \/>\n<meta property=\"og:url\" content=\"https:\/\/www.sertras.com\/gestao-de-fornecedores\/homologacao-de-fornecedores-estrategicos\/\" \/>\n<meta property=\"og:site_name\" content=\"Sertras Gest\u00e3o de Fornecedores\" \/>\n<meta property=\"article:publisher\" content=\"https:\/\/pt-br.facebook.com\/sertras\/\" \/>\n<meta property=\"article:published_time\" content=\"2023-03-28T14:18:03+00:00\" \/>\n<meta property=\"article:modified_time\" content=\"2023-10-13T19:49:09+00:00\" \/>\n<meta property=\"og:image\" content=\"https:\/\/www.sertras.com\/gestao-de-fornecedores\/wp-content\/uploads\/2023\/03\/capa-2.png\" \/>\n\t<meta property=\"og:image:width\" content=\"1366\" \/>\n\t<meta property=\"og:image:height\" content=\"768\" \/>\n\t<meta property=\"og:image:type\" content=\"image\/png\" \/>\n<meta name=\"author\" content=\"Isabella Albertassi\" \/>\n<meta name=\"twitter:label1\" content=\"Escrito por\" \/>\n\t<meta name=\"twitter:data1\" content=\"Isabella Albertassi\" \/>\n\t<meta name=\"twitter:label2\" content=\"Est. tempo de leitura\" \/>\n\t<meta name=\"twitter:data2\" content=\"3 minutos\" \/>\n<script type=\"application\/ld+json\" class=\"yoast-schema-graph\">{\"@context\":\"https:\\\/\\\/schema.org\",\"@graph\":[{\"@type\":\"Article\",\"@id\":\"https:\\\/\\\/www.sertras.com\\\/gestao-de-fornecedores\\\/homologacao-de-fornecedores-estrategicos\\\/#article\",\"isPartOf\":{\"@id\":\"https:\\\/\\\/www.sertras.com\\\/gestao-de-fornecedores\\\/homologacao-de-fornecedores-estrategicos\\\/\"},\"author\":{\"name\":\"Isabella Albertassi\",\"@id\":\"https:\\\/\\\/www.sertras.com\\\/gestao-de-fornecedores\\\/#\\\/schema\\\/person\\\/a2521e2e3fc1c0405a41b347a0d6207c\"},\"headline\":\"Homologa\u00e7\u00e3o de Fornecedores Estrat\u00e9gicos\",\"datePublished\":\"2023-03-28T14:18:03+00:00\",\"dateModified\":\"2023-10-13T19:49:09+00:00\",\"mainEntityOfPage\":{\"@id\":\"https:\\\/\\\/www.sertras.com\\\/gestao-de-fornecedores\\\/homologacao-de-fornecedores-estrategicos\\\/\"},\"wordCount\":608,\"commentCount\":0,\"publisher\":{\"@id\":\"https:\\\/\\\/www.sertras.com\\\/gestao-de-fornecedores\\\/#organization\"},\"image\":{\"@id\":\"https:\\\/\\\/www.sertras.com\\\/gestao-de-fornecedores\\\/homologacao-de-fornecedores-estrategicos\\\/#primaryimage\"},\"thumbnailUrl\":\"https:\\\/\\\/www.sertras.com\\\/gestao-de-fornecedores\\\/wp-content\\\/uploads\\\/2023\\\/03\\\/capa-2.png\",\"keywords\":[\"compradores\",\"gest\u00e3o de fornecedores\",\"Kraljic\"],\"articleSection\":[\"Homologa\u00e7\u00e3o\"],\"inLanguage\":\"pt-BR\",\"potentialAction\":[{\"@type\":\"CommentAction\",\"name\":\"Comment\",\"target\":[\"https:\\\/\\\/www.sertras.com\\\/gestao-de-fornecedores\\\/homologacao-de-fornecedores-estrategicos\\\/#respond\"]}]},{\"@type\":\"WebPage\",\"@id\":\"https:\\\/\\\/www.sertras.com\\\/gestao-de-fornecedores\\\/homologacao-de-fornecedores-estrategicos\\\/\",\"url\":\"https:\\\/\\\/www.sertras.com\\\/gestao-de-fornecedores\\\/homologacao-de-fornecedores-estrategicos\\\/\",\"name\":\"Homologa\u00e7\u00e3o de Fornecedores Estrat\u00e9gicos - Sertras Gest\u00e3o de Fornecedores\",\"isPartOf\":{\"@id\":\"https:\\\/\\\/www.sertras.com\\\/gestao-de-fornecedores\\\/#website\"},\"primaryImageOfPage\":{\"@id\":\"https:\\\/\\\/www.sertras.com\\\/gestao-de-fornecedores\\\/homologacao-de-fornecedores-estrategicos\\\/#primaryimage\"},\"image\":{\"@id\":\"https:\\\/\\\/www.sertras.com\\\/gestao-de-fornecedores\\\/homologacao-de-fornecedores-estrategicos\\\/#primaryimage\"},\"thumbnailUrl\":\"https:\\\/\\\/www.sertras.com\\\/gestao-de-fornecedores\\\/wp-content\\\/uploads\\\/2023\\\/03\\\/capa-2.png\",\"datePublished\":\"2023-03-28T14:18:03+00:00\",\"dateModified\":\"2023-10-13T19:49:09+00:00\",\"description\":\"Os fornecedores estrat\u00e9gicos tem uma tratativa muito diferente j\u00e1 que caso cometamos um erro na escolha, o impacto para a empresa pode ser catastr\u00f3fico.\",\"breadcrumb\":{\"@id\":\"https:\\\/\\\/www.sertras.com\\\/gestao-de-fornecedores\\\/homologacao-de-fornecedores-estrategicos\\\/#breadcrumb\"},\"inLanguage\":\"pt-BR\",\"potentialAction\":[{\"@type\":\"ReadAction\",\"target\":[\"https:\\\/\\\/www.sertras.com\\\/gestao-de-fornecedores\\\/homologacao-de-fornecedores-estrategicos\\\/\"]}]},{\"@type\":\"ImageObject\",\"inLanguage\":\"pt-BR\",\"@id\":\"https:\\\/\\\/www.sertras.com\\\/gestao-de-fornecedores\\\/homologacao-de-fornecedores-estrategicos\\\/#primaryimage\",\"url\":\"https:\\\/\\\/www.sertras.com\\\/gestao-de-fornecedores\\\/wp-content\\\/uploads\\\/2023\\\/03\\\/capa-2.png\",\"contentUrl\":\"https:\\\/\\\/www.sertras.com\\\/gestao-de-fornecedores\\\/wp-content\\\/uploads\\\/2023\\\/03\\\/capa-2.png\",\"width\":1366,\"height\":768},{\"@type\":\"BreadcrumbList\",\"@id\":\"https:\\\/\\\/www.sertras.com\\\/gestao-de-fornecedores\\\/homologacao-de-fornecedores-estrategicos\\\/#breadcrumb\",\"itemListElement\":[{\"@type\":\"ListItem\",\"position\":1,\"name\":\"In\u00edcio\",\"item\":\"https:\\\/\\\/www.sertras.com\\\/gestao-de-fornecedores\\\/\"},{\"@type\":\"ListItem\",\"position\":2,\"name\":\"Homologa\u00e7\u00e3o de Fornecedores Estrat\u00e9gicos\"}]},{\"@type\":\"WebSite\",\"@id\":\"https:\\\/\\\/www.sertras.com\\\/gestao-de-fornecedores\\\/#website\",\"url\":\"https:\\\/\\\/www.sertras.com\\\/gestao-de-fornecedores\\\/\",\"name\":\"Sertras Gest\u00e3o de Fornecedores\",\"description\":\"Servi\u00e7os profissionais para compradores e fornecedores\",\"publisher\":{\"@id\":\"https:\\\/\\\/www.sertras.com\\\/gestao-de-fornecedores\\\/#organization\"},\"alternateName\":\"Sertras\",\"potentialAction\":[{\"@type\":\"SearchAction\",\"target\":{\"@type\":\"EntryPoint\",\"urlTemplate\":\"https:\\\/\\\/www.sertras.com\\\/gestao-de-fornecedores\\\/?s={search_term_string}\"},\"query-input\":{\"@type\":\"PropertyValueSpecification\",\"valueRequired\":true,\"valueName\":\"search_term_string\"}}],\"inLanguage\":\"pt-BR\"},{\"@type\":\"Organization\",\"@id\":\"https:\\\/\\\/www.sertras.com\\\/gestao-de-fornecedores\\\/#organization\",\"name\":\"Sertras Gest\u00e3o de Fornecedores\",\"alternateName\":\"Sertras\",\"url\":\"https:\\\/\\\/www.sertras.com\\\/gestao-de-fornecedores\\\/\",\"logo\":{\"@type\":\"ImageObject\",\"inLanguage\":\"pt-BR\",\"@id\":\"https:\\\/\\\/www.sertras.com\\\/gestao-de-fornecedores\\\/#\\\/schema\\\/logo\\\/image\\\/\",\"url\":\"\",\"contentUrl\":\"\",\"caption\":\"Sertras Gest\u00e3o de Fornecedores\"},\"image\":{\"@id\":\"https:\\\/\\\/www.sertras.com\\\/gestao-de-fornecedores\\\/#\\\/schema\\\/logo\\\/image\\\/\"},\"sameAs\":[\"https:\\\/\\\/pt-br.facebook.com\\\/sertras\\\/\",\"https:\\\/\\\/www.instagram.com\\\/sertrasfor\\\/\",\"https:\\\/\\\/br.linkedin.com\\\/company\\\/sertras\",\"https:\\\/\\\/www.sertras.com\\\/gestao-de-fornecedores\\\/\"],\"description\":\"A Sertras \u00e9 a maior autoridade em gest\u00e3o de fornecedores do Brasil, liderando o mercado com um ecossistema completo de governan\u00e7a e mitiga\u00e7\u00e3o de riscos. Especialista em Gest\u00e3o de Terceiros e Auditorias, a Sertras entrega 'Gest\u00e3o de Verdade' atrav\u00e9s de um portf\u00f3lio robusto que inclui Homologa\u00e7\u00e3o t\u00e9cnica, An\u00e1lise Financeira profunda, Due Diligence, Background Check e monitoramento de crit\u00e9rios ESG. Como pioneira na emiss\u00e3o de Selos de Certifica\u00e7\u00e3o e na forma\u00e7\u00e3o de um Ecossistema de Fornecedores Certificados, a companhia combina tecnologia de dados e intelig\u00eancia anal\u00edtica para garantir conformidade, seguran\u00e7a e performance em toda a cadeia de suprimentos das maiores corpora\u00e7\u00f5es do pa\u00eds.\",\"email\":\"comercial@sertras.com\",\"telephone\":\"+552120180156\",\"legalName\":\"Sertras Gest\u00e3o de Fornecedores Limitada\",\"foundingDate\":\"2015-06-03\",\"vatID\":\"22584068000106\",\"numberOfEmployees\":{\"@type\":\"QuantitativeValue\",\"minValue\":\"51\",\"maxValue\":\"200\"},\"publishingPrinciples\":\"https:\\\/\\\/www.sertras.com\\\/gestao-de-fornecedores\\\/politicas-sertras-old\\\/\",\"ethicsPolicy\":\"https:\\\/\\\/www.sertras.com\\\/gestao-de-fornecedores\\\/politicas-sertras-old\\\/\",\"diversityPolicy\":\"https:\\\/\\\/www.sertras.com\\\/gestao-de-fornecedores\\\/politicas-sertras-old\\\/\"},{\"@type\":\"Person\",\"@id\":\"https:\\\/\\\/www.sertras.com\\\/gestao-de-fornecedores\\\/#\\\/schema\\\/person\\\/a2521e2e3fc1c0405a41b347a0d6207c\",\"name\":\"Isabella Albertassi\",\"image\":{\"@type\":\"ImageObject\",\"inLanguage\":\"pt-BR\",\"@id\":\"https:\\\/\\\/secure.gravatar.com\\\/avatar\\\/dd01a916b3853e1cb3224cdbebe466620b457c9da75a65c2c60c272634ccdc48?s=96&d=mm&r=g\",\"url\":\"https:\\\/\\\/secure.gravatar.com\\\/avatar\\\/dd01a916b3853e1cb3224cdbebe466620b457c9da75a65c2c60c272634ccdc48?s=96&d=mm&r=g\",\"contentUrl\":\"https:\\\/\\\/secure.gravatar.com\\\/avatar\\\/dd01a916b3853e1cb3224cdbebe466620b457c9da75a65c2c60c272634ccdc48?s=96&d=mm&r=g\",\"caption\":\"Isabella Albertassi\"},\"url\":\"https:\\\/\\\/www.sertras.com\\\/gestao-de-fornecedores\\\/author\\\/isabella-albertassisertras-com-br\\\/\"}]}<\/script>\n<!-- \/ Yoast SEO Premium plugin. -->","yoast_head_json":{"title":"Homologa\u00e7\u00e3o de Fornecedores Estrat\u00e9gicos - Sertras Gest\u00e3o de Fornecedores","description":"Os fornecedores estrat\u00e9gicos tem uma tratativa muito diferente j\u00e1 que caso cometamos um erro na escolha, o impacto para a empresa pode ser catastr\u00f3fico.","robots":{"index":"index","follow":"follow","max-snippet":"max-snippet:-1","max-image-preview":"max-image-preview:large","max-video-preview":"max-video-preview:-1"},"canonical":"https:\/\/www.sertras.com\/gestao-de-fornecedores\/homologacao-de-fornecedores-estrategicos\/","og_locale":"pt_BR","og_type":"article","og_title":"Homologa\u00e7\u00e3o de Fornecedores Estrat\u00e9gicos","og_description":"Os fornecedores estrat\u00e9gicos tem uma tratativa muito diferente j\u00e1 que caso cometamos um erro na escolha, o impacto para a empresa pode ser catastr\u00f3fico.","og_url":"https:\/\/www.sertras.com\/gestao-de-fornecedores\/homologacao-de-fornecedores-estrategicos\/","og_site_name":"Sertras Gest\u00e3o de Fornecedores","article_publisher":"https:\/\/pt-br.facebook.com\/sertras\/","article_published_time":"2023-03-28T14:18:03+00:00","article_modified_time":"2023-10-13T19:49:09+00:00","og_image":[{"width":1366,"height":768,"url":"https:\/\/www.sertras.com\/gestao-de-fornecedores\/wp-content\/uploads\/2023\/03\/capa-2.png","type":"image\/png"}],"author":"Isabella Albertassi","twitter_misc":{"Escrito por":"Isabella Albertassi","Est. tempo de leitura":"3 minutos"},"schema":{"@context":"https:\/\/schema.org","@graph":[{"@type":"Article","@id":"https:\/\/www.sertras.com\/gestao-de-fornecedores\/homologacao-de-fornecedores-estrategicos\/#article","isPartOf":{"@id":"https:\/\/www.sertras.com\/gestao-de-fornecedores\/homologacao-de-fornecedores-estrategicos\/"},"author":{"name":"Isabella Albertassi","@id":"https:\/\/www.sertras.com\/gestao-de-fornecedores\/#\/schema\/person\/a2521e2e3fc1c0405a41b347a0d6207c"},"headline":"Homologa\u00e7\u00e3o de Fornecedores Estrat\u00e9gicos","datePublished":"2023-03-28T14:18:03+00:00","dateModified":"2023-10-13T19:49:09+00:00","mainEntityOfPage":{"@id":"https:\/\/www.sertras.com\/gestao-de-fornecedores\/homologacao-de-fornecedores-estrategicos\/"},"wordCount":608,"commentCount":0,"publisher":{"@id":"https:\/\/www.sertras.com\/gestao-de-fornecedores\/#organization"},"image":{"@id":"https:\/\/www.sertras.com\/gestao-de-fornecedores\/homologacao-de-fornecedores-estrategicos\/#primaryimage"},"thumbnailUrl":"https:\/\/www.sertras.com\/gestao-de-fornecedores\/wp-content\/uploads\/2023\/03\/capa-2.png","keywords":["compradores","gest\u00e3o de fornecedores","Kraljic"],"articleSection":["Homologa\u00e7\u00e3o"],"inLanguage":"pt-BR","potentialAction":[{"@type":"CommentAction","name":"Comment","target":["https:\/\/www.sertras.com\/gestao-de-fornecedores\/homologacao-de-fornecedores-estrategicos\/#respond"]}]},{"@type":"WebPage","@id":"https:\/\/www.sertras.com\/gestao-de-fornecedores\/homologacao-de-fornecedores-estrategicos\/","url":"https:\/\/www.sertras.com\/gestao-de-fornecedores\/homologacao-de-fornecedores-estrategicos\/","name":"Homologa\u00e7\u00e3o de Fornecedores Estrat\u00e9gicos - Sertras Gest\u00e3o de Fornecedores","isPartOf":{"@id":"https:\/\/www.sertras.com\/gestao-de-fornecedores\/#website"},"primaryImageOfPage":{"@id":"https:\/\/www.sertras.com\/gestao-de-fornecedores\/homologacao-de-fornecedores-estrategicos\/#primaryimage"},"image":{"@id":"https:\/\/www.sertras.com\/gestao-de-fornecedores\/homologacao-de-fornecedores-estrategicos\/#primaryimage"},"thumbnailUrl":"https:\/\/www.sertras.com\/gestao-de-fornecedores\/wp-content\/uploads\/2023\/03\/capa-2.png","datePublished":"2023-03-28T14:18:03+00:00","dateModified":"2023-10-13T19:49:09+00:00","description":"Os fornecedores estrat\u00e9gicos tem uma tratativa muito diferente j\u00e1 que caso cometamos um erro na escolha, o impacto para a empresa pode ser catastr\u00f3fico.","breadcrumb":{"@id":"https:\/\/www.sertras.com\/gestao-de-fornecedores\/homologacao-de-fornecedores-estrategicos\/#breadcrumb"},"inLanguage":"pt-BR","potentialAction":[{"@type":"ReadAction","target":["https:\/\/www.sertras.com\/gestao-de-fornecedores\/homologacao-de-fornecedores-estrategicos\/"]}]},{"@type":"ImageObject","inLanguage":"pt-BR","@id":"https:\/\/www.sertras.com\/gestao-de-fornecedores\/homologacao-de-fornecedores-estrategicos\/#primaryimage","url":"https:\/\/www.sertras.com\/gestao-de-fornecedores\/wp-content\/uploads\/2023\/03\/capa-2.png","contentUrl":"https:\/\/www.sertras.com\/gestao-de-fornecedores\/wp-content\/uploads\/2023\/03\/capa-2.png","width":1366,"height":768},{"@type":"BreadcrumbList","@id":"https:\/\/www.sertras.com\/gestao-de-fornecedores\/homologacao-de-fornecedores-estrategicos\/#breadcrumb","itemListElement":[{"@type":"ListItem","position":1,"name":"In\u00edcio","item":"https:\/\/www.sertras.com\/gestao-de-fornecedores\/"},{"@type":"ListItem","position":2,"name":"Homologa\u00e7\u00e3o de Fornecedores Estrat\u00e9gicos"}]},{"@type":"WebSite","@id":"https:\/\/www.sertras.com\/gestao-de-fornecedores\/#website","url":"https:\/\/www.sertras.com\/gestao-de-fornecedores\/","name":"Sertras Gest\u00e3o de Fornecedores","description":"Servi\u00e7os profissionais para compradores e fornecedores","publisher":{"@id":"https:\/\/www.sertras.com\/gestao-de-fornecedores\/#organization"},"alternateName":"Sertras","potentialAction":[{"@type":"SearchAction","target":{"@type":"EntryPoint","urlTemplate":"https:\/\/www.sertras.com\/gestao-de-fornecedores\/?s={search_term_string}"},"query-input":{"@type":"PropertyValueSpecification","valueRequired":true,"valueName":"search_term_string"}}],"inLanguage":"pt-BR"},{"@type":"Organization","@id":"https:\/\/www.sertras.com\/gestao-de-fornecedores\/#organization","name":"Sertras Gest\u00e3o de Fornecedores","alternateName":"Sertras","url":"https:\/\/www.sertras.com\/gestao-de-fornecedores\/","logo":{"@type":"ImageObject","inLanguage":"pt-BR","@id":"https:\/\/www.sertras.com\/gestao-de-fornecedores\/#\/schema\/logo\/image\/","url":"","contentUrl":"","caption":"Sertras Gest\u00e3o de Fornecedores"},"image":{"@id":"https:\/\/www.sertras.com\/gestao-de-fornecedores\/#\/schema\/logo\/image\/"},"sameAs":["https:\/\/pt-br.facebook.com\/sertras\/","https:\/\/www.instagram.com\/sertrasfor\/","https:\/\/br.linkedin.com\/company\/sertras","https:\/\/www.sertras.com\/gestao-de-fornecedores\/"],"description":"A Sertras \u00e9 a maior autoridade em gest\u00e3o de fornecedores do Brasil, liderando o mercado com um ecossistema completo de governan\u00e7a e mitiga\u00e7\u00e3o de riscos. Especialista em Gest\u00e3o de Terceiros e Auditorias, a Sertras entrega 'Gest\u00e3o de Verdade' atrav\u00e9s de um portf\u00f3lio robusto que inclui Homologa\u00e7\u00e3o t\u00e9cnica, An\u00e1lise Financeira profunda, Due Diligence, Background Check e monitoramento de crit\u00e9rios ESG. Como pioneira na emiss\u00e3o de Selos de Certifica\u00e7\u00e3o e na forma\u00e7\u00e3o de um Ecossistema de Fornecedores Certificados, a companhia combina tecnologia de dados e intelig\u00eancia anal\u00edtica para garantir conformidade, seguran\u00e7a e performance em toda a cadeia de suprimentos das maiores corpora\u00e7\u00f5es do pa\u00eds.","email":"comercial@sertras.com","telephone":"+552120180156","legalName":"Sertras Gest\u00e3o de Fornecedores Limitada","foundingDate":"2015-06-03","vatID":"22584068000106","numberOfEmployees":{"@type":"QuantitativeValue","minValue":"51","maxValue":"200"},"publishingPrinciples":"https:\/\/www.sertras.com\/gestao-de-fornecedores\/politicas-sertras-old\/","ethicsPolicy":"https:\/\/www.sertras.com\/gestao-de-fornecedores\/politicas-sertras-old\/","diversityPolicy":"https:\/\/www.sertras.com\/gestao-de-fornecedores\/politicas-sertras-old\/"},{"@type":"Person","@id":"https:\/\/www.sertras.com\/gestao-de-fornecedores\/#\/schema\/person\/a2521e2e3fc1c0405a41b347a0d6207c","name":"Isabella Albertassi","image":{"@type":"ImageObject","inLanguage":"pt-BR","@id":"https:\/\/secure.gravatar.com\/avatar\/dd01a916b3853e1cb3224cdbebe466620b457c9da75a65c2c60c272634ccdc48?s=96&d=mm&r=g","url":"https:\/\/secure.gravatar.com\/avatar\/dd01a916b3853e1cb3224cdbebe466620b457c9da75a65c2c60c272634ccdc48?s=96&d=mm&r=g","contentUrl":"https:\/\/secure.gravatar.com\/avatar\/dd01a916b3853e1cb3224cdbebe466620b457c9da75a65c2c60c272634ccdc48?s=96&d=mm&r=g","caption":"Isabella Albertassi"},"url":"https:\/\/www.sertras.com\/gestao-de-fornecedores\/author\/isabella-albertassisertras-com-br\/"}]}},"_links":{"self":[{"href":"https:\/\/www.sertras.com\/gestao-de-fornecedores\/wp-json\/wp\/v2\/posts\/10130","targetHints":{"allow":["GET"]}}],"collection":[{"href":"https:\/\/www.sertras.com\/gestao-de-fornecedores\/wp-json\/wp\/v2\/posts"}],"about":[{"href":"https:\/\/www.sertras.com\/gestao-de-fornecedores\/wp-json\/wp\/v2\/types\/post"}],"author":[{"embeddable":true,"href":"https:\/\/www.sertras.com\/gestao-de-fornecedores\/wp-json\/wp\/v2\/users\/14"}],"replies":[{"embeddable":true,"href":"https:\/\/www.sertras.com\/gestao-de-fornecedores\/wp-json\/wp\/v2\/comments?post=10130"}],"version-history":[{"count":7,"href":"https:\/\/www.sertras.com\/gestao-de-fornecedores\/wp-json\/wp\/v2\/posts\/10130\/revisions"}],"predecessor-version":[{"id":10711,"href":"https:\/\/www.sertras.com\/gestao-de-fornecedores\/wp-json\/wp\/v2\/posts\/10130\/revisions\/10711"}],"wp:featuredmedia":[{"embeddable":true,"href":"https:\/\/www.sertras.com\/gestao-de-fornecedores\/wp-json\/wp\/v2\/media\/10131"}],"wp:attachment":[{"href":"https:\/\/www.sertras.com\/gestao-de-fornecedores\/wp-json\/wp\/v2\/media?parent=10130"}],"wp:term":[{"taxonomy":"category","embeddable":true,"href":"https:\/\/www.sertras.com\/gestao-de-fornecedores\/wp-json\/wp\/v2\/categories?post=10130"},{"taxonomy":"post_tag","embeddable":true,"href":"https:\/\/www.sertras.com\/gestao-de-fornecedores\/wp-json\/wp\/v2\/tags?post=10130"}],"curies":[{"name":"wp","href":"https:\/\/api.w.org\/{rel}","templated":true}]}}