{"id":10443,"date":"2023-06-13T12:21:30","date_gmt":"2023-06-13T15:21:30","guid":{"rendered":"https:\/\/www.sertras.com\/gestao-de-fornecedores\/?p=10443"},"modified":"2023-10-13T16:51:28","modified_gmt":"2023-10-13T19:51:28","slug":"analise-trabalhista-na-gestao-de-terceiros","status":"publish","type":"post","link":"https:\/\/www.sertras.com\/gestao-de-fornecedores\/analise-trabalhista-na-gestao-de-terceiros\/","title":{"rendered":"Gest\u00e3o de Terceiros: Como garantir a responsabilidade social nos terceirizados e quarteirizados?"},"content":{"rendered":"\t\t<div data-elementor-type=\"wp-post\" data-elementor-id=\"10443\" class=\"elementor elementor-10443\" data-elementor-post-type=\"post\">\n\t\t\t\t\t\t<section class=\"elementor-section elementor-top-section elementor-element elementor-element-17e1eaaa elementor-section-boxed elementor-section-height-default elementor-section-height-default\" data-id=\"17e1eaaa\" data-element_type=\"section\" data-e-type=\"section\">\n\t\t\t\t\t\t<div class=\"elementor-container elementor-column-gap-default\">\n\t\t\t\t\t<div class=\"elementor-column elementor-col-100 elementor-top-column elementor-element elementor-element-3c9d6c30\" data-id=\"3c9d6c30\" data-element_type=\"column\" data-e-type=\"column\">\n\t\t\t<div class=\"elementor-widget-wrap elementor-element-populated\">\n\t\t\t\t\t\t<div class=\"elementor-element elementor-element-59278c3a elementor-widget elementor-widget-text-editor\" data-id=\"59278c3a\" data-element_type=\"widget\" data-e-type=\"widget\" data-widget_type=\"text-editor.default\">\n\t\t\t\t<div class=\"elementor-widget-container\">\n\t\t\t\t\t\t\t\t\t\n<p><span style=\"font-weight: 400;\">Uma empresa <span style=\"color: #3366ff;\">comprometida com os direitos humanos e o trabalho decente<\/span> reconhece a import\u00e2ncia de estender os mesmos padr\u00f5es de excel\u00eancia na gest\u00e3o de recursos humanos n\u00e3o apenas para seus funcion\u00e1rios diretos, mas tamb\u00e9m para todas as empresas terceirizadas e quarteirizadas com as quais colabora. Nesse sentido, garantir que os parceiros terceirizados adotem pr\u00e1ticas de gest\u00e3o alinhadas com os princ\u00edpios \u00e9ticos e os padr\u00f5es de trabalho estabelecidos pela empresa \u00e9 essencial para manter a coer\u00eancia e a responsabilidade em toda a cadeia de suprimentos.\u00a0<\/span><\/p>\n<p><span style=\"font-weight: 400;\">Pensando nesta necessidade a <span style=\"color: #3366ff;\">Sertras<\/span> criou o servi\u00e7o de <span style=\"color: #3366ff;\">Gest\u00e3o de Terceiros<\/span> que tem como principal objetivo assegurar que todos os trabalhadores envolvidos nas suas opera\u00e7\u00f5es desfrutem de condi\u00e7\u00f5es justas, seguras e dignas, e assim a sua empresa demonstra seu compromisso com a promo\u00e7\u00e3o da equidade e do respeito aos direitos fundamentais de todos os envolvidos em suas atividades empresariais.<\/span><\/p>\n<p><span style=\"font-weight: 400;\">Este servi\u00e7o \u00e9 realizado controlando dois processos importantes na terceiriza\u00e7\u00e3o que s\u00e3o:\u00a0<\/span><\/p>\n<ol>\n<li><span style=\"font-weight: 400;\"><span style=\"color: #3366ff;\">Mobiliza\u00e7\u00e3o:<\/span> Processo que garante que foram respeitados todas as leis para a contrata\u00e7\u00e3o de um trabalhador terceirizado, e;<\/span><\/li>\n<li><span style=\"font-weight: 400;\"><span style=\"color: #3366ff;\">Compet\u00eancia mensal:<\/span> Processo que garante se foram pagos todos os direitos obrigat\u00f3rios (por lei e conven\u00e7\u00e3o coletiva da categoria) para todos os terceirizados e quarteirizados.<\/span><\/li>\n<\/ol>\n\n<p>E quais direitos s\u00e3o esses? Pagamento dos sal\u00e1rios, FGTS (fundo de garantia do tempo de servi\u00e7o), f\u00e9rias, 13\u00b0 sal\u00e1rio, pagamento\/compensa\u00e7\u00e3o das horas extras, INSS (respons\u00e1vel pelo pagamento da aposentadoria e demais benef\u00edcios aos trabalhadores brasileiros) e cumprimento do acordo\/conven\u00e7\u00e3o coletiva da empresa.<\/p>\n\n<h3 id=\"h-quais-documentos-sao-controlados\" class=\"wp-block-heading\"><strong>Quais documentos s\u00e3o controlados?<\/strong><\/h3>\n\n<p><strong>PESSOAS:<\/strong><\/p>\n\n<p><strong>Folha de ponto &#8211; <\/strong>Atrav\u00e9s dela \u00e9 poss\u00edvel identificar se a jornada de trabalho, as horas extras (se n\u00e3o est\u00e3o excedendo o limite permitido por lei e\/ou pr\u00e9-estabelecido em conven\u00e7\u00e3o ou acordo coletivo) e o descanso semanal remunerado est\u00e3o sendo respeitados.<\/p>\n\n<p><strong>Comprovante de pagamento e Holerite assinado &#8211; <\/strong>Atrav\u00e9s dele \u00e9 poss\u00edvel confirmar os valores pagos e os descontos daquela compet\u00eancia.<\/p>\n\n<p><strong>Aviso e comprovante de pagamento das F\u00e9rias &#8211; <\/strong>Atrav\u00e9s dele \u00e9 poss\u00edvel confirmar os valores pagos e se as f\u00e9rias foram concedidas no prazo determinado pela legisla\u00e7\u00e3o.<\/p>\n\n<p><strong>EMPRESA:<\/strong><\/p>\n\n<p><strong>GFIP (Guia de Recolhimento do FGTS e de Informa\u00e7\u00f5es \u00e0 Previd\u00eancia Social) espec\u00edfica para o tomador de servi\u00e7o &#8211; <\/strong>Traz as informa\u00e7\u00f5es inerentes aos recolhimentos de previd\u00eancia social e FGTS dos colaboradores, al\u00e9m de informar todo ocorrido com o colaborador. Exemplo: demiss\u00f5es, afastamento, acidente do trabalho, licen\u00e7a maternidade, dentre outros.<br \/><strong>Folha de pagamento da empresa espec\u00edfica para o tomador de servi\u00e7o &#8211; <\/strong>Traz as informa\u00e7\u00f5es da jornada de trabalho (horas), fiscais, cont\u00e1beis e trabalhistas em valores de cada colaborador. Ela contabiliza todos os valores que a empresa deve aos funcion\u00e1rios\/prestadores de servi\u00e7os.\u00a0<\/p>\n\n<p><strong>Guia de recolhimento do FGTS &#8211; <\/strong>\u00c9 um documento que cont\u00e9m informa\u00e7\u00f5es sobre a quantidade de colaboradores e a al\u00edquota que ser\u00e1 paga. \u00c9 utilizada para repasse do pagamento do FGTS \u2013 Fundo de Garantia do Tempo de Servi\u00e7o \u00e0 CEF (Caixa Econ\u00f4mica Federal).<\/p>\n\n<p><strong>Declara\u00e7\u00e3o de contribui\u00e7\u00f5es e tributos para a Receita Federal (DCTF Web) &#8211; <\/strong>Atrav\u00e9s dele consultamos de forma r\u00e1pida as informa\u00e7\u00f5es (pagamentos) coletadas pelas empresas e repassadas \u00e0 previd\u00eancia social.<\/p>\n\n<p>Esse acompanhamento tem a inten\u00e7\u00e3o de garantir que seus documentos estejam v\u00e1lidos e atualizados, al\u00e9m de evitar que multas por obriga\u00e7\u00f5es trabalhistas sejam aplicadas.<\/p>\n\n<p>Controlar estes documentos \u00e9 o b\u00e1sico. N\u00f3s recomendamos solicitar todos os documentos de sa\u00fade e seguran\u00e7a para garantir que os trabalhadores est\u00e3o completamente aptos para executar a fun\u00e7\u00e3o. Contamos com uma equipe de especialistas no assunto, auxiliando diariamente nossos fornecedores e capazes de identificar erros, riscos e atrasos, alertando a sua empresa sempre que necess\u00e1rio.<\/p>\n\n<p>Saiba mais sobre o servi\u00e7o de Gest\u00e3o de Terceiros entrando em contato com o nosso time Comercial, <a href=\"\/gestao-de-fornecedores?page_id=3544\">clique aqui<\/a> e envie-nos uma mensagem!<\/p>\n\n<figure class=\"wp-block-image size-large is-resized\"><img fetchpriority=\"high\" decoding=\"async\" class=\"wp-image-10444\" src=\"https:\/\/www.sertras.com\/gestao-de-fornecedores\/wp-content\/uploads\/2023\/06\/assinatura-Giuliana-1024x366.png\" alt=\"\" width=\"457\" height=\"164\" srcset=\"https:\/\/www.sertras.com\/gestao-de-fornecedores\/wp-content\/uploads\/2023\/06\/assinatura-Giuliana-1024x366.png 1024w, https:\/\/www.sertras.com\/gestao-de-fornecedores\/wp-content\/uploads\/2023\/06\/assinatura-Giuliana-300x107.png 300w, https:\/\/www.sertras.com\/gestao-de-fornecedores\/wp-content\/uploads\/2023\/06\/assinatura-Giuliana-768x274.png 768w, https:\/\/www.sertras.com\/gestao-de-fornecedores\/wp-content\/uploads\/2023\/06\/assinatura-Giuliana-1536x549.png 1536w, https:\/\/www.sertras.com\/gestao-de-fornecedores\/wp-content\/uploads\/2023\/06\/assinatura-Giuliana-2048x731.png 2048w\" sizes=\"(max-width: 457px) 100vw, 457px\" \/><\/figure>\n\t\t\t\t\t\t\t\t<\/div>\n\t\t\t\t<\/div>\n\t\t\t\t\t<\/div>\n\t\t<\/div>\n\t\t\t\t\t<\/div>\n\t\t<\/section>\n\t\t\t\t<\/div>\n\t\t","protected":false},"excerpt":{"rendered":"<p>Uma empresa comprometida com os direitos humanos e o trabalho decente reconhece a import\u00e2ncia de estender os mesmos padr\u00f5es de excel\u00eancia na gest\u00e3o de recursos humanos n\u00e3o apenas para seus funcion\u00e1rios diretos, mas tamb\u00e9m para todas as empresas terceirizadas e quarteirizadas com as quais colabora. Nesse sentido, garantir que os parceiros terceirizados adotem pr\u00e1ticas de&hellip;<\/p>\n","protected":false},"author":12,"featured_media":10461,"comment_status":"open","ping_status":"open","sticky":false,"template":"","format":"standard","meta":{"footnotes":""},"categories":[142],"tags":[152,156],"class_list":["post-10443","post","type-post","status-publish","format-standard","has-post-thumbnail","hentry","category-gestao-de-terceiros","tag-compradores","tag-gestao-de-fornecedores"],"yoast_head":"<!-- This site is optimized with the Yoast SEO Premium plugin v27.3 (Yoast SEO v27.3) - https:\/\/yoast.com\/product\/yoast-seo-premium-wordpress\/ -->\n<title>Gest\u00e3o de Terceiros: Como garantir a responsabilidade social nos terceirizados e quarteirizados? - Sertras Gest\u00e3o de Fornecedores<\/title>\n<meta name=\"description\" content=\"O processo de Gest\u00e3o de Terceiros tem por objetivo reduzir passivos trabalhistas e \u00e9 constitu\u00eddo de algumas fases. A primeira delas, \u00e9 o processo de mobiliza\u00e7\u00e3o. Ap\u00f3s este processo ser conclu\u00eddo com toda entrega de documentos, e todos os recursos\u00a0 liberados para iniciar as atividades, come\u00e7amos o acompanhamento recorrente da documenta\u00e7\u00e3o trabalhista desses recursos, a fim de garantir que todos os direitos legais sejam\u00a0 cumpridos pela empresa terceirizada.\" \/>\n<meta name=\"robots\" content=\"index, follow, max-snippet:-1, max-image-preview:large, max-video-preview:-1\" \/>\n<link rel=\"canonical\" href=\"https:\/\/www.sertras.com\/gestao-de-fornecedores\/analise-trabalhista-na-gestao-de-terceiros\/\" \/>\n<meta property=\"og:locale\" content=\"pt_BR\" \/>\n<meta property=\"og:type\" content=\"article\" \/>\n<meta property=\"og:title\" content=\"Gest\u00e3o de Terceiros: Como garantir a responsabilidade social nos terceirizados e quarteirizados?\" \/>\n<meta property=\"og:description\" content=\"O processo de Gest\u00e3o de Terceiros tem por objetivo reduzir passivos trabalhistas e \u00e9 constitu\u00eddo de algumas fases. A primeira delas, \u00e9 o processo de mobiliza\u00e7\u00e3o. Ap\u00f3s este processo ser conclu\u00eddo com toda entrega de documentos, e todos os recursos\u00a0 liberados para iniciar as atividades, come\u00e7amos o acompanhamento recorrente da documenta\u00e7\u00e3o trabalhista desses recursos, a fim de garantir que todos os direitos legais sejam\u00a0 cumpridos pela empresa terceirizada.\" \/>\n<meta property=\"og:url\" content=\"https:\/\/www.sertras.com\/gestao-de-fornecedores\/analise-trabalhista-na-gestao-de-terceiros\/\" \/>\n<meta property=\"og:site_name\" content=\"Sertras Gest\u00e3o de Fornecedores\" \/>\n<meta property=\"article:publisher\" content=\"https:\/\/pt-br.facebook.com\/sertras\/\" \/>\n<meta property=\"article:published_time\" content=\"2023-06-13T15:21:30+00:00\" \/>\n<meta property=\"article:modified_time\" content=\"2023-10-13T19:51:28+00:00\" \/>\n<meta property=\"og:image\" content=\"https:\/\/www.sertras.com\/gestao-de-fornecedores\/wp-content\/uploads\/2023\/06\/capa-1.png\" \/>\n\t<meta property=\"og:image:width\" content=\"1366\" \/>\n\t<meta property=\"og:image:height\" content=\"768\" \/>\n\t<meta property=\"og:image:type\" content=\"image\/png\" \/>\n<meta name=\"author\" content=\"Rodolfo Sandoval\" \/>\n<meta name=\"twitter:label1\" content=\"Escrito por\" \/>\n\t<meta name=\"twitter:data1\" content=\"Rodolfo Sandoval\" \/>\n\t<meta name=\"twitter:label2\" content=\"Est. tempo de leitura\" \/>\n\t<meta name=\"twitter:data2\" content=\"4 minutos\" \/>\n<script type=\"application\/ld+json\" class=\"yoast-schema-graph\">{\"@context\":\"https:\\\/\\\/schema.org\",\"@graph\":[{\"@type\":\"Article\",\"@id\":\"https:\\\/\\\/www.sertras.com\\\/gestao-de-fornecedores\\\/analise-trabalhista-na-gestao-de-terceiros\\\/#article\",\"isPartOf\":{\"@id\":\"https:\\\/\\\/www.sertras.com\\\/gestao-de-fornecedores\\\/analise-trabalhista-na-gestao-de-terceiros\\\/\"},\"author\":{\"name\":\"Rodolfo Sandoval\",\"@id\":\"https:\\\/\\\/www.sertras.com\\\/gestao-de-fornecedores\\\/#\\\/schema\\\/person\\\/ef1e221c94744ef9f26e14989fd485b8\"},\"headline\":\"Gest\u00e3o de Terceiros: Como garantir a responsabilidade social nos terceirizados e quarteirizados?\",\"datePublished\":\"2023-06-13T15:21:30+00:00\",\"dateModified\":\"2023-10-13T19:51:28+00:00\",\"mainEntityOfPage\":{\"@id\":\"https:\\\/\\\/www.sertras.com\\\/gestao-de-fornecedores\\\/analise-trabalhista-na-gestao-de-terceiros\\\/\"},\"wordCount\":698,\"commentCount\":0,\"publisher\":{\"@id\":\"https:\\\/\\\/www.sertras.com\\\/gestao-de-fornecedores\\\/#organization\"},\"image\":{\"@id\":\"https:\\\/\\\/www.sertras.com\\\/gestao-de-fornecedores\\\/analise-trabalhista-na-gestao-de-terceiros\\\/#primaryimage\"},\"thumbnailUrl\":\"https:\\\/\\\/www.sertras.com\\\/gestao-de-fornecedores\\\/wp-content\\\/uploads\\\/2023\\\/06\\\/capa-1.png\",\"keywords\":[\"compradores\",\"gest\u00e3o de fornecedores\"],\"articleSection\":[\"Gest\u00e3o de Terceiros\"],\"inLanguage\":\"pt-BR\",\"potentialAction\":[{\"@type\":\"CommentAction\",\"name\":\"Comment\",\"target\":[\"https:\\\/\\\/www.sertras.com\\\/gestao-de-fornecedores\\\/analise-trabalhista-na-gestao-de-terceiros\\\/#respond\"]}]},{\"@type\":\"WebPage\",\"@id\":\"https:\\\/\\\/www.sertras.com\\\/gestao-de-fornecedores\\\/analise-trabalhista-na-gestao-de-terceiros\\\/\",\"url\":\"https:\\\/\\\/www.sertras.com\\\/gestao-de-fornecedores\\\/analise-trabalhista-na-gestao-de-terceiros\\\/\",\"name\":\"Gest\u00e3o de Terceiros: Como garantir a responsabilidade social nos terceirizados e quarteirizados? - Sertras Gest\u00e3o de Fornecedores\",\"isPartOf\":{\"@id\":\"https:\\\/\\\/www.sertras.com\\\/gestao-de-fornecedores\\\/#website\"},\"primaryImageOfPage\":{\"@id\":\"https:\\\/\\\/www.sertras.com\\\/gestao-de-fornecedores\\\/analise-trabalhista-na-gestao-de-terceiros\\\/#primaryimage\"},\"image\":{\"@id\":\"https:\\\/\\\/www.sertras.com\\\/gestao-de-fornecedores\\\/analise-trabalhista-na-gestao-de-terceiros\\\/#primaryimage\"},\"thumbnailUrl\":\"https:\\\/\\\/www.sertras.com\\\/gestao-de-fornecedores\\\/wp-content\\\/uploads\\\/2023\\\/06\\\/capa-1.png\",\"datePublished\":\"2023-06-13T15:21:30+00:00\",\"dateModified\":\"2023-10-13T19:51:28+00:00\",\"description\":\"O processo de Gest\u00e3o de Terceiros tem por objetivo reduzir passivos trabalhistas e \u00e9 constitu\u00eddo de algumas fases. A primeira delas, \u00e9 o processo de mobiliza\u00e7\u00e3o. Ap\u00f3s este processo ser conclu\u00eddo com toda entrega de documentos, e todos os recursos\u00a0 liberados para iniciar as atividades, come\u00e7amos o acompanhamento recorrente da documenta\u00e7\u00e3o trabalhista desses recursos, a fim de garantir que todos os direitos legais sejam\u00a0 cumpridos pela empresa terceirizada.\",\"breadcrumb\":{\"@id\":\"https:\\\/\\\/www.sertras.com\\\/gestao-de-fornecedores\\\/analise-trabalhista-na-gestao-de-terceiros\\\/#breadcrumb\"},\"inLanguage\":\"pt-BR\",\"potentialAction\":[{\"@type\":\"ReadAction\",\"target\":[\"https:\\\/\\\/www.sertras.com\\\/gestao-de-fornecedores\\\/analise-trabalhista-na-gestao-de-terceiros\\\/\"]}]},{\"@type\":\"ImageObject\",\"inLanguage\":\"pt-BR\",\"@id\":\"https:\\\/\\\/www.sertras.com\\\/gestao-de-fornecedores\\\/analise-trabalhista-na-gestao-de-terceiros\\\/#primaryimage\",\"url\":\"https:\\\/\\\/www.sertras.com\\\/gestao-de-fornecedores\\\/wp-content\\\/uploads\\\/2023\\\/06\\\/capa-1.png\",\"contentUrl\":\"https:\\\/\\\/www.sertras.com\\\/gestao-de-fornecedores\\\/wp-content\\\/uploads\\\/2023\\\/06\\\/capa-1.png\",\"width\":1366,\"height\":768},{\"@type\":\"BreadcrumbList\",\"@id\":\"https:\\\/\\\/www.sertras.com\\\/gestao-de-fornecedores\\\/analise-trabalhista-na-gestao-de-terceiros\\\/#breadcrumb\",\"itemListElement\":[{\"@type\":\"ListItem\",\"position\":1,\"name\":\"In\u00edcio\",\"item\":\"https:\\\/\\\/www.sertras.com\\\/gestao-de-fornecedores\\\/\"},{\"@type\":\"ListItem\",\"position\":2,\"name\":\"Gest\u00e3o de Terceiros: Como garantir a responsabilidade social nos terceirizados e quarteirizados?\"}]},{\"@type\":\"WebSite\",\"@id\":\"https:\\\/\\\/www.sertras.com\\\/gestao-de-fornecedores\\\/#website\",\"url\":\"https:\\\/\\\/www.sertras.com\\\/gestao-de-fornecedores\\\/\",\"name\":\"Sertras Gest\u00e3o de Fornecedores\",\"description\":\"Servi\u00e7os profissionais para compradores e fornecedores\",\"publisher\":{\"@id\":\"https:\\\/\\\/www.sertras.com\\\/gestao-de-fornecedores\\\/#organization\"},\"alternateName\":\"Sertras\",\"potentialAction\":[{\"@type\":\"SearchAction\",\"target\":{\"@type\":\"EntryPoint\",\"urlTemplate\":\"https:\\\/\\\/www.sertras.com\\\/gestao-de-fornecedores\\\/?s={search_term_string}\"},\"query-input\":{\"@type\":\"PropertyValueSpecification\",\"valueRequired\":true,\"valueName\":\"search_term_string\"}}],\"inLanguage\":\"pt-BR\"},{\"@type\":\"Organization\",\"@id\":\"https:\\\/\\\/www.sertras.com\\\/gestao-de-fornecedores\\\/#organization\",\"name\":\"Sertras Gest\u00e3o de Fornecedores\",\"alternateName\":\"Sertras\",\"url\":\"https:\\\/\\\/www.sertras.com\\\/gestao-de-fornecedores\\\/\",\"logo\":{\"@type\":\"ImageObject\",\"inLanguage\":\"pt-BR\",\"@id\":\"https:\\\/\\\/www.sertras.com\\\/gestao-de-fornecedores\\\/#\\\/schema\\\/logo\\\/image\\\/\",\"url\":\"\",\"contentUrl\":\"\",\"caption\":\"Sertras Gest\u00e3o de Fornecedores\"},\"image\":{\"@id\":\"https:\\\/\\\/www.sertras.com\\\/gestao-de-fornecedores\\\/#\\\/schema\\\/logo\\\/image\\\/\"},\"sameAs\":[\"https:\\\/\\\/pt-br.facebook.com\\\/sertras\\\/\",\"https:\\\/\\\/www.instagram.com\\\/sertrasfor\\\/\",\"https:\\\/\\\/br.linkedin.com\\\/company\\\/sertras\",\"https:\\\/\\\/www.sertras.com\\\/gestao-de-fornecedores\\\/\"],\"description\":\"A Sertras \u00e9 a maior autoridade em gest\u00e3o de fornecedores do Brasil, liderando o mercado com um ecossistema completo de governan\u00e7a e mitiga\u00e7\u00e3o de riscos. Especialista em Gest\u00e3o de Terceiros e Auditorias, a Sertras entrega 'Gest\u00e3o de Verdade' atrav\u00e9s de um portf\u00f3lio robusto que inclui Homologa\u00e7\u00e3o t\u00e9cnica, An\u00e1lise Financeira profunda, Due Diligence, Background Check e monitoramento de crit\u00e9rios ESG. Como pioneira na emiss\u00e3o de Selos de Certifica\u00e7\u00e3o e na forma\u00e7\u00e3o de um Ecossistema de Fornecedores Certificados, a companhia combina tecnologia de dados e intelig\u00eancia anal\u00edtica para garantir conformidade, seguran\u00e7a e performance em toda a cadeia de suprimentos das maiores corpora\u00e7\u00f5es do pa\u00eds.\",\"email\":\"comercial@sertras.com\",\"telephone\":\"+552120180156\",\"legalName\":\"Sertras Gest\u00e3o de Fornecedores Limitada\",\"foundingDate\":\"2015-06-03\",\"vatID\":\"22584068000106\",\"numberOfEmployees\":{\"@type\":\"QuantitativeValue\",\"minValue\":\"51\",\"maxValue\":\"200\"},\"publishingPrinciples\":\"https:\\\/\\\/www.sertras.com\\\/gestao-de-fornecedores\\\/politicas-sertras-old\\\/\",\"ethicsPolicy\":\"https:\\\/\\\/www.sertras.com\\\/gestao-de-fornecedores\\\/politicas-sertras-old\\\/\",\"diversityPolicy\":\"https:\\\/\\\/www.sertras.com\\\/gestao-de-fornecedores\\\/politicas-sertras-old\\\/\"},{\"@type\":\"Person\",\"@id\":\"https:\\\/\\\/www.sertras.com\\\/gestao-de-fornecedores\\\/#\\\/schema\\\/person\\\/ef1e221c94744ef9f26e14989fd485b8\",\"name\":\"Rodolfo Sandoval\",\"image\":{\"@type\":\"ImageObject\",\"inLanguage\":\"pt-BR\",\"@id\":\"https:\\\/\\\/secure.gravatar.com\\\/avatar\\\/59896eb33f28cfa9c1b39b1b2f4d0f39482af012c0c5dd21b2554d9fae61b28a?s=96&d=mm&r=g\",\"url\":\"https:\\\/\\\/secure.gravatar.com\\\/avatar\\\/59896eb33f28cfa9c1b39b1b2f4d0f39482af012c0c5dd21b2554d9fae61b28a?s=96&d=mm&r=g\",\"contentUrl\":\"https:\\\/\\\/secure.gravatar.com\\\/avatar\\\/59896eb33f28cfa9c1b39b1b2f4d0f39482af012c0c5dd21b2554d9fae61b28a?s=96&d=mm&r=g\",\"caption\":\"Rodolfo Sandoval\"},\"url\":\"https:\\\/\\\/www.sertras.com\\\/gestao-de-fornecedores\\\/author\\\/rodolfo-sandoval\\\/\"}]}<\/script>\n<!-- \/ Yoast SEO Premium plugin. -->","yoast_head_json":{"title":"Gest\u00e3o de Terceiros: Como garantir a responsabilidade social nos terceirizados e quarteirizados? - Sertras Gest\u00e3o de Fornecedores","description":"O processo de Gest\u00e3o de Terceiros tem por objetivo reduzir passivos trabalhistas e \u00e9 constitu\u00eddo de algumas fases. A primeira delas, \u00e9 o processo de mobiliza\u00e7\u00e3o. Ap\u00f3s este processo ser conclu\u00eddo com toda entrega de documentos, e todos os recursos\u00a0 liberados para iniciar as atividades, come\u00e7amos o acompanhamento recorrente da documenta\u00e7\u00e3o trabalhista desses recursos, a fim de garantir que todos os direitos legais sejam\u00a0 cumpridos pela empresa terceirizada.","robots":{"index":"index","follow":"follow","max-snippet":"max-snippet:-1","max-image-preview":"max-image-preview:large","max-video-preview":"max-video-preview:-1"},"canonical":"https:\/\/www.sertras.com\/gestao-de-fornecedores\/analise-trabalhista-na-gestao-de-terceiros\/","og_locale":"pt_BR","og_type":"article","og_title":"Gest\u00e3o de Terceiros: Como garantir a responsabilidade social nos terceirizados e quarteirizados?","og_description":"O processo de Gest\u00e3o de Terceiros tem por objetivo reduzir passivos trabalhistas e \u00e9 constitu\u00eddo de algumas fases. A primeira delas, \u00e9 o processo de mobiliza\u00e7\u00e3o. Ap\u00f3s este processo ser conclu\u00eddo com toda entrega de documentos, e todos os recursos\u00a0 liberados para iniciar as atividades, come\u00e7amos o acompanhamento recorrente da documenta\u00e7\u00e3o trabalhista desses recursos, a fim de garantir que todos os direitos legais sejam\u00a0 cumpridos pela empresa terceirizada.","og_url":"https:\/\/www.sertras.com\/gestao-de-fornecedores\/analise-trabalhista-na-gestao-de-terceiros\/","og_site_name":"Sertras Gest\u00e3o de Fornecedores","article_publisher":"https:\/\/pt-br.facebook.com\/sertras\/","article_published_time":"2023-06-13T15:21:30+00:00","article_modified_time":"2023-10-13T19:51:28+00:00","og_image":[{"width":1366,"height":768,"url":"https:\/\/www.sertras.com\/gestao-de-fornecedores\/wp-content\/uploads\/2023\/06\/capa-1.png","type":"image\/png"}],"author":"Rodolfo Sandoval","twitter_misc":{"Escrito por":"Rodolfo Sandoval","Est. tempo de leitura":"4 minutos"},"schema":{"@context":"https:\/\/schema.org","@graph":[{"@type":"Article","@id":"https:\/\/www.sertras.com\/gestao-de-fornecedores\/analise-trabalhista-na-gestao-de-terceiros\/#article","isPartOf":{"@id":"https:\/\/www.sertras.com\/gestao-de-fornecedores\/analise-trabalhista-na-gestao-de-terceiros\/"},"author":{"name":"Rodolfo Sandoval","@id":"https:\/\/www.sertras.com\/gestao-de-fornecedores\/#\/schema\/person\/ef1e221c94744ef9f26e14989fd485b8"},"headline":"Gest\u00e3o de Terceiros: Como garantir a responsabilidade social nos terceirizados e quarteirizados?","datePublished":"2023-06-13T15:21:30+00:00","dateModified":"2023-10-13T19:51:28+00:00","mainEntityOfPage":{"@id":"https:\/\/www.sertras.com\/gestao-de-fornecedores\/analise-trabalhista-na-gestao-de-terceiros\/"},"wordCount":698,"commentCount":0,"publisher":{"@id":"https:\/\/www.sertras.com\/gestao-de-fornecedores\/#organization"},"image":{"@id":"https:\/\/www.sertras.com\/gestao-de-fornecedores\/analise-trabalhista-na-gestao-de-terceiros\/#primaryimage"},"thumbnailUrl":"https:\/\/www.sertras.com\/gestao-de-fornecedores\/wp-content\/uploads\/2023\/06\/capa-1.png","keywords":["compradores","gest\u00e3o de fornecedores"],"articleSection":["Gest\u00e3o de Terceiros"],"inLanguage":"pt-BR","potentialAction":[{"@type":"CommentAction","name":"Comment","target":["https:\/\/www.sertras.com\/gestao-de-fornecedores\/analise-trabalhista-na-gestao-de-terceiros\/#respond"]}]},{"@type":"WebPage","@id":"https:\/\/www.sertras.com\/gestao-de-fornecedores\/analise-trabalhista-na-gestao-de-terceiros\/","url":"https:\/\/www.sertras.com\/gestao-de-fornecedores\/analise-trabalhista-na-gestao-de-terceiros\/","name":"Gest\u00e3o de Terceiros: Como garantir a responsabilidade social nos terceirizados e quarteirizados? - Sertras Gest\u00e3o de Fornecedores","isPartOf":{"@id":"https:\/\/www.sertras.com\/gestao-de-fornecedores\/#website"},"primaryImageOfPage":{"@id":"https:\/\/www.sertras.com\/gestao-de-fornecedores\/analise-trabalhista-na-gestao-de-terceiros\/#primaryimage"},"image":{"@id":"https:\/\/www.sertras.com\/gestao-de-fornecedores\/analise-trabalhista-na-gestao-de-terceiros\/#primaryimage"},"thumbnailUrl":"https:\/\/www.sertras.com\/gestao-de-fornecedores\/wp-content\/uploads\/2023\/06\/capa-1.png","datePublished":"2023-06-13T15:21:30+00:00","dateModified":"2023-10-13T19:51:28+00:00","description":"O processo de Gest\u00e3o de Terceiros tem por objetivo reduzir passivos trabalhistas e \u00e9 constitu\u00eddo de algumas fases. A primeira delas, \u00e9 o processo de mobiliza\u00e7\u00e3o. Ap\u00f3s este processo ser conclu\u00eddo com toda entrega de documentos, e todos os recursos\u00a0 liberados para iniciar as atividades, come\u00e7amos o acompanhamento recorrente da documenta\u00e7\u00e3o trabalhista desses recursos, a fim de garantir que todos os direitos legais sejam\u00a0 cumpridos pela empresa terceirizada.","breadcrumb":{"@id":"https:\/\/www.sertras.com\/gestao-de-fornecedores\/analise-trabalhista-na-gestao-de-terceiros\/#breadcrumb"},"inLanguage":"pt-BR","potentialAction":[{"@type":"ReadAction","target":["https:\/\/www.sertras.com\/gestao-de-fornecedores\/analise-trabalhista-na-gestao-de-terceiros\/"]}]},{"@type":"ImageObject","inLanguage":"pt-BR","@id":"https:\/\/www.sertras.com\/gestao-de-fornecedores\/analise-trabalhista-na-gestao-de-terceiros\/#primaryimage","url":"https:\/\/www.sertras.com\/gestao-de-fornecedores\/wp-content\/uploads\/2023\/06\/capa-1.png","contentUrl":"https:\/\/www.sertras.com\/gestao-de-fornecedores\/wp-content\/uploads\/2023\/06\/capa-1.png","width":1366,"height":768},{"@type":"BreadcrumbList","@id":"https:\/\/www.sertras.com\/gestao-de-fornecedores\/analise-trabalhista-na-gestao-de-terceiros\/#breadcrumb","itemListElement":[{"@type":"ListItem","position":1,"name":"In\u00edcio","item":"https:\/\/www.sertras.com\/gestao-de-fornecedores\/"},{"@type":"ListItem","position":2,"name":"Gest\u00e3o de Terceiros: Como garantir a responsabilidade social nos terceirizados e quarteirizados?"}]},{"@type":"WebSite","@id":"https:\/\/www.sertras.com\/gestao-de-fornecedores\/#website","url":"https:\/\/www.sertras.com\/gestao-de-fornecedores\/","name":"Sertras Gest\u00e3o de Fornecedores","description":"Servi\u00e7os profissionais para compradores e fornecedores","publisher":{"@id":"https:\/\/www.sertras.com\/gestao-de-fornecedores\/#organization"},"alternateName":"Sertras","potentialAction":[{"@type":"SearchAction","target":{"@type":"EntryPoint","urlTemplate":"https:\/\/www.sertras.com\/gestao-de-fornecedores\/?s={search_term_string}"},"query-input":{"@type":"PropertyValueSpecification","valueRequired":true,"valueName":"search_term_string"}}],"inLanguage":"pt-BR"},{"@type":"Organization","@id":"https:\/\/www.sertras.com\/gestao-de-fornecedores\/#organization","name":"Sertras Gest\u00e3o de Fornecedores","alternateName":"Sertras","url":"https:\/\/www.sertras.com\/gestao-de-fornecedores\/","logo":{"@type":"ImageObject","inLanguage":"pt-BR","@id":"https:\/\/www.sertras.com\/gestao-de-fornecedores\/#\/schema\/logo\/image\/","url":"","contentUrl":"","caption":"Sertras Gest\u00e3o de Fornecedores"},"image":{"@id":"https:\/\/www.sertras.com\/gestao-de-fornecedores\/#\/schema\/logo\/image\/"},"sameAs":["https:\/\/pt-br.facebook.com\/sertras\/","https:\/\/www.instagram.com\/sertrasfor\/","https:\/\/br.linkedin.com\/company\/sertras","https:\/\/www.sertras.com\/gestao-de-fornecedores\/"],"description":"A Sertras \u00e9 a maior autoridade em gest\u00e3o de fornecedores do Brasil, liderando o mercado com um ecossistema completo de governan\u00e7a e mitiga\u00e7\u00e3o de riscos. Especialista em Gest\u00e3o de Terceiros e Auditorias, a Sertras entrega 'Gest\u00e3o de Verdade' atrav\u00e9s de um portf\u00f3lio robusto que inclui Homologa\u00e7\u00e3o t\u00e9cnica, An\u00e1lise Financeira profunda, Due Diligence, Background Check e monitoramento de crit\u00e9rios ESG. Como pioneira na emiss\u00e3o de Selos de Certifica\u00e7\u00e3o e na forma\u00e7\u00e3o de um Ecossistema de Fornecedores Certificados, a companhia combina tecnologia de dados e intelig\u00eancia anal\u00edtica para garantir conformidade, seguran\u00e7a e performance em toda a cadeia de suprimentos das maiores corpora\u00e7\u00f5es do pa\u00eds.","email":"comercial@sertras.com","telephone":"+552120180156","legalName":"Sertras Gest\u00e3o de Fornecedores Limitada","foundingDate":"2015-06-03","vatID":"22584068000106","numberOfEmployees":{"@type":"QuantitativeValue","minValue":"51","maxValue":"200"},"publishingPrinciples":"https:\/\/www.sertras.com\/gestao-de-fornecedores\/politicas-sertras-old\/","ethicsPolicy":"https:\/\/www.sertras.com\/gestao-de-fornecedores\/politicas-sertras-old\/","diversityPolicy":"https:\/\/www.sertras.com\/gestao-de-fornecedores\/politicas-sertras-old\/"},{"@type":"Person","@id":"https:\/\/www.sertras.com\/gestao-de-fornecedores\/#\/schema\/person\/ef1e221c94744ef9f26e14989fd485b8","name":"Rodolfo Sandoval","image":{"@type":"ImageObject","inLanguage":"pt-BR","@id":"https:\/\/secure.gravatar.com\/avatar\/59896eb33f28cfa9c1b39b1b2f4d0f39482af012c0c5dd21b2554d9fae61b28a?s=96&d=mm&r=g","url":"https:\/\/secure.gravatar.com\/avatar\/59896eb33f28cfa9c1b39b1b2f4d0f39482af012c0c5dd21b2554d9fae61b28a?s=96&d=mm&r=g","contentUrl":"https:\/\/secure.gravatar.com\/avatar\/59896eb33f28cfa9c1b39b1b2f4d0f39482af012c0c5dd21b2554d9fae61b28a?s=96&d=mm&r=g","caption":"Rodolfo Sandoval"},"url":"https:\/\/www.sertras.com\/gestao-de-fornecedores\/author\/rodolfo-sandoval\/"}]}},"_links":{"self":[{"href":"https:\/\/www.sertras.com\/gestao-de-fornecedores\/wp-json\/wp\/v2\/posts\/10443","targetHints":{"allow":["GET"]}}],"collection":[{"href":"https:\/\/www.sertras.com\/gestao-de-fornecedores\/wp-json\/wp\/v2\/posts"}],"about":[{"href":"https:\/\/www.sertras.com\/gestao-de-fornecedores\/wp-json\/wp\/v2\/types\/post"}],"author":[{"embeddable":true,"href":"https:\/\/www.sertras.com\/gestao-de-fornecedores\/wp-json\/wp\/v2\/users\/12"}],"replies":[{"embeddable":true,"href":"https:\/\/www.sertras.com\/gestao-de-fornecedores\/wp-json\/wp\/v2\/comments?post=10443"}],"version-history":[{"count":9,"href":"https:\/\/www.sertras.com\/gestao-de-fornecedores\/wp-json\/wp\/v2\/posts\/10443\/revisions"}],"predecessor-version":[{"id":10464,"href":"https:\/\/www.sertras.com\/gestao-de-fornecedores\/wp-json\/wp\/v2\/posts\/10443\/revisions\/10464"}],"wp:featuredmedia":[{"embeddable":true,"href":"https:\/\/www.sertras.com\/gestao-de-fornecedores\/wp-json\/wp\/v2\/media\/10461"}],"wp:attachment":[{"href":"https:\/\/www.sertras.com\/gestao-de-fornecedores\/wp-json\/wp\/v2\/media?parent=10443"}],"wp:term":[{"taxonomy":"category","embeddable":true,"href":"https:\/\/www.sertras.com\/gestao-de-fornecedores\/wp-json\/wp\/v2\/categories?post=10443"},{"taxonomy":"post_tag","embeddable":true,"href":"https:\/\/www.sertras.com\/gestao-de-fornecedores\/wp-json\/wp\/v2\/tags?post=10443"}],"curies":[{"name":"wp","href":"https:\/\/api.w.org\/{rel}","templated":true}]}}