{"id":10467,"date":"2023-06-29T16:03:25","date_gmt":"2023-06-29T19:03:25","guid":{"rendered":"https:\/\/www.sertras.com\/gestao-de-fornecedores\/?p=10467"},"modified":"2023-10-13T16:51:56","modified_gmt":"2023-10-13T19:51:56","slug":"esg-e-para-todas-as-empresas-por-onde-comecar","status":"publish","type":"post","link":"https:\/\/www.sertras.com\/gestao-de-fornecedores\/esg-e-para-todas-as-empresas-por-onde-comecar\/","title":{"rendered":"ESG \u00e9 para todas as empresas: por onde come\u00e7ar?"},"content":{"rendered":"\n<p>O termo ESG (Environmental, Social and Governance) engloba todas as tend\u00eancias de gest\u00e3o empresarial desenvolvidas nas \u00faltimas tr\u00eas d\u00e9cadas, e tem ganhado cada vez mais for\u00e7a e import\u00e2ncia \u00e0 medida que as regulamenta\u00e7\u00f5es exigem que grandes empresas demonstrem suas pr\u00e1ticas. Por esse motivo, todas as empresas, independente do tamanho, que atuam como fornecedoras de grandes empresas tamb\u00e9m devem demonstrar seu alinhamento com essa forma de gest\u00e3o.<\/p>\n\n\n\n<p>A boa not\u00edcia \u00e9 que todas as empresas s\u00e9rias que foram criadas com o objetivo de entregar valor \u00e0 sociedade realizam a\u00e7\u00f5es ESG. O problema que deve ser resolvido \u00e9 como evidenciar estas a\u00e7\u00f5es de forma que elas possam ser documentadas, medidas e melhoradas.<\/p>\n\n\n\n<p>Recentemente, tivemos a oportunidade de participar de um congresso sobre ESG em Nova York, onde a respons\u00e1vel pela sustentabilidade de um banco alem\u00e3o de grande import\u00e2ncia destacou que a demonstra\u00e7\u00e3o de pr\u00e1ticas ESG pode beneficiar at\u00e9 mesmo o acesso ao cr\u00e9dito. As grandes empresas est\u00e3o cada vez mais exigindo que seus fornecedores adotem pr\u00e1ticas sustent\u00e1veis e demonstrem uma estrat\u00e9gia ESG. Ao divulgar suas a\u00e7\u00f5es, \u00e9 poss\u00edvel melhorar a reputa\u00e7\u00e3o da marca, o que pode resultar em vantagens comerciais significativas, al\u00e9m de impactar positivamente a produtividade e, consequentemente, as finan\u00e7as.<\/p>\n\n\n\n<p>A Sertras reconhece os desafios de iniciar a divulga\u00e7\u00e3o de nossas pr\u00e1ticas. No entanto, considerando todas as vantagens associadas a esse tema, por que n\u00e3o trazer as pr\u00e1ticas ESG para a sua empresa? A Sertras compartilha 6 dicas que podem ser implementadas sem grandes investimentos:<\/p>\n\n\n\n<p><strong>1)<\/strong> <strong>Defina os valores e princ\u00edpios da empresa:<\/strong> Antes de implementar pr\u00e1ticas ESG, \u00e9 fundamental estabelecer um conjunto claro de valores e princ\u00edpios que orientem a empresa. Esses valores devem estar alinhados com a filosofia ESG, incluindo o cuidado com o meio ambiente, a responsabilidade social e uma boa governan\u00e7a sempre destacando compliance.<\/p>\n\n\n\n<p><strong>2) Realize uma an\u00e1lise de impacto ambiental e social:<\/strong> Voc\u00ea j\u00e1 implementou a coleta seletiva de lixo? Est\u00e1 adotando medidas para economizar papel e reduzir seu consumo? Eliminou o uso de copos pl\u00e1sticos? Considerou a utiliza\u00e7\u00e3o de carros h\u00edbridos em sua frota? Al\u00e9m disso, sua empresa garante o pagamento de sal\u00e1rios justos e oferece benef\u00edcios al\u00e9m dos obrigat\u00f3rios? Voc\u00eas rejeitam qualquer forma de corrup\u00e7\u00e3o? Possuem procedimentos para combater a discrimina\u00e7\u00e3o e o ass\u00e9dio? \u00c9 prov\u00e1vel que sua empresa j\u00e1 esteja realizando algumas a\u00e7\u00f5es relacionadas a essas quest\u00f5es. O importante agora \u00e9 registrar essas pr\u00e1ticas e come\u00e7ar a mensurar seu impacto.<\/p>\n\n\n\n<p><strong>3) Implemente pr\u00e1ticas sustent\u00e1veis: <\/strong>Agora que j\u00e1 conhecemos as pr\u00e1ticas que realizamos, \u00e9 hora de buscar novas iniciativas. Por exemplo, uma op\u00e7\u00e3o \u00e9 substituir o papel toalha por secadores el\u00e9tricos. \u00c9 importante considerar que todas as a\u00e7\u00f5es consomem recursos, por isso devemos avaliar qual delas resulta em menor consumo e impacto ambiental.<\/p>\n\n\n\n<p><strong>4)<\/strong> <strong>Tenha uma pol\u00edtica de responsabilidade social: <\/strong>Estabele\u00e7a uma pol\u00edtica de responsabilidade social que defina a\u00e7\u00f5es concretas para contribuir com a comunidade. Por exemplo, voc\u00ea pode realizar doa\u00e7\u00f5es de alimentos, roupas e material escolar. Al\u00e9m disso, considere estabelecer parcerias com institui\u00e7\u00f5es sem fins lucrativos que estejam envolvidas em causas relevantes para a empresa. <strong>Caso n\u00e3o possa gerenciar as a\u00e7\u00f5es acima aqui temos uma recomenda\u00e7\u00e3o que deu certo para n\u00f3s.<\/strong> Na Sertras, uma pr\u00e1tica que adotamos \u00e9 contratar estagi\u00e1rios da nossa cidade com o objetivo de efetiv\u00e1-los quando estiverem prontos. Essa abordagem nos permite formar profissionais capacitados, mesmo que n\u00e3o possuam experi\u00eancia pr\u00e9via, desde que demonstrem vontade de aprender e tenham atitude para enfrentar desafios. Embora possamos buscar os melhores profissionais do mercado, j\u00e1 que oferecemos sal\u00e1rios e benef\u00edcios compat\u00edveis, optamos por investir em talentos locais, fortalecendo nossa comunidade e contribuindo para o desenvolvimento da regi\u00e3o sempre que poss\u00edvel.<\/p>\n\n\n\n<p><strong>5) Adote uma boa governan\u00e7a:<\/strong> Implemente pr\u00e1ticas de governan\u00e7a que promovam a transpar\u00eancia e a \u00e9tica nos neg\u00f3cios. Isso inclui ter uma pol\u00edtica clara de combate \u00e0 corrup\u00e7\u00e3o e adotar boas pr\u00e1ticas cont\u00e1beis e financeiras.<\/p>\n\n\n\n<p><strong>6) Comunique suas a\u00e7\u00f5es:<\/strong> Divulgue as medidas que a empresa est\u00e1 adotando para implementar pr\u00e1ticas ESG para colaboradores, clientes e fornecedores. Essa comunica\u00e7\u00e3o pode ser feita por meio de relat\u00f3rios de sustentabilidade, site da empresa, redes sociais e outros canais adequados.<\/p>\n\n\n\n<p>A Sertras entende a import\u00e2ncia de iniciar esse processo e est\u00e1 aqui para auxili\u00e1-lo nessa jornada rumo a pr\u00e1ticas mais sustent\u00e1veis e respons\u00e1veis. Todos os nossos servi\u00e7os ajudam a sua empresa a demonstrar idoneidade e o selo Sertras garante que a sua empresa cumpre com os requisitos das empresas compradoras.<\/p>\n\n\n\n<p>N\u00e3o se esque\u00e7a que a implementa\u00e7\u00e3o de pr\u00e1ticas ESG \u00e9 um processo cont\u00ednuo e que demanda comprometimento e dedica\u00e7\u00e3o por parte da empresa. Ao adotar essas pr\u00e1ticas, voc\u00ea pode n\u00e3o apenas ajudar a melhorar o mundo ao seu redor, mas tamb\u00e9m obter vantagens competitivas em rela\u00e7\u00e3o a empresas que n\u00e3o seguem essa abordagem.<\/p>\n\n\n\n<p>Comente e compartilhe conosco as suas experi\u00eancias e desafios. Todos temos algo que agregar e nada melhor que compartilhar experi\u00eancia e conhecimento.<\/p>\n\n\n\n<figure class=\"wp-block-image size-large is-resized\"><img fetchpriority=\"high\" decoding=\"async\" width=\"1024\" height=\"366\" src=\"https:\/\/www.sertras.com\/gestao-de-fornecedores\/wp-content\/uploads\/2023\/06\/assinatura-vitoria-1024x366.png\" alt=\"\" class=\"wp-image-10468\" style=\"width:515px;height:184px\" srcset=\"https:\/\/www.sertras.com\/gestao-de-fornecedores\/wp-content\/uploads\/2023\/06\/assinatura-vitoria-1024x366.png 1024w, https:\/\/www.sertras.com\/gestao-de-fornecedores\/wp-content\/uploads\/2023\/06\/assinatura-vitoria-300x107.png 300w, https:\/\/www.sertras.com\/gestao-de-fornecedores\/wp-content\/uploads\/2023\/06\/assinatura-vitoria-768x274.png 768w, https:\/\/www.sertras.com\/gestao-de-fornecedores\/wp-content\/uploads\/2023\/06\/assinatura-vitoria-1536x549.png 1536w, https:\/\/www.sertras.com\/gestao-de-fornecedores\/wp-content\/uploads\/2023\/06\/assinatura-vitoria-2048x731.png 2048w\" sizes=\"(max-width: 1024px) 100vw, 1024px\" \/><\/figure>\n\n\n\n<p><\/p>\n","protected":false},"excerpt":{"rendered":"<p>O termo ESG (Environmental, Social and Governance) engloba todas as tend\u00eancias de gest\u00e3o empresarial desenvolvidas nas \u00faltimas tr\u00eas d\u00e9cadas, e tem ganhado cada vez mais for\u00e7a e import\u00e2ncia \u00e0 medida que as regulamenta\u00e7\u00f5es exigem que grandes empresas demonstrem suas pr\u00e1ticas. Por esse motivo, todas as empresas, independente do tamanho, que atuam como fornecedoras de grandes&hellip;<\/p>\n","protected":false},"author":12,"featured_media":10469,"comment_status":"open","ping_status":"open","sticky":false,"template":"","format":"standard","meta":{"footnotes":""},"categories":[149],"tags":[153],"class_list":["post-10467","post","type-post","status-publish","format-standard","has-post-thumbnail","hentry","category-esg","tag-fornecedores","category-149","description-off"],"yoast_head":"<!-- This site is optimized with the Yoast SEO Premium plugin v27.3 (Yoast SEO v27.3) - https:\/\/yoast.com\/product\/yoast-seo-premium-wordpress\/ -->\n<title>ESG \u00e9 para todas as empresas: por onde come\u00e7ar? - Sertras Gest\u00e3o de Fornecedores<\/title>\n<meta name=\"robots\" content=\"index, follow, max-snippet:-1, max-image-preview:large, max-video-preview:-1\" \/>\n<link rel=\"canonical\" href=\"https:\/\/www.sertras.com\/gestao-de-fornecedores\/esg-e-para-todas-as-empresas-por-onde-comecar\/\" \/>\n<meta property=\"og:locale\" content=\"pt_BR\" \/>\n<meta property=\"og:type\" content=\"article\" \/>\n<meta property=\"og:title\" content=\"ESG \u00e9 para todas as empresas: por onde come\u00e7ar?\" \/>\n<meta property=\"og:description\" content=\"O termo ESG (Environmental, Social and Governance) engloba todas as tend\u00eancias de gest\u00e3o empresarial desenvolvidas nas \u00faltimas tr\u00eas d\u00e9cadas, e tem ganhado cada vez mais for\u00e7a e import\u00e2ncia \u00e0 medida que as regulamenta\u00e7\u00f5es exigem que grandes empresas demonstrem suas pr\u00e1ticas. Por esse motivo, todas as empresas, independente do tamanho, que atuam como fornecedoras de grandes&hellip;\" \/>\n<meta property=\"og:url\" content=\"https:\/\/www.sertras.com\/gestao-de-fornecedores\/esg-e-para-todas-as-empresas-por-onde-comecar\/\" \/>\n<meta property=\"og:site_name\" content=\"Sertras Gest\u00e3o de Fornecedores\" \/>\n<meta property=\"article:publisher\" content=\"https:\/\/pt-br.facebook.com\/sertras\/\" \/>\n<meta property=\"article:published_time\" content=\"2023-06-29T19:03:25+00:00\" \/>\n<meta property=\"article:modified_time\" content=\"2023-10-13T19:51:56+00:00\" \/>\n<meta property=\"og:image\" content=\"https:\/\/www.sertras.com\/gestao-de-fornecedores\/wp-content\/uploads\/2023\/06\/Capa-2-1024x576.png\" \/>\n\t<meta property=\"og:image:width\" content=\"1024\" \/>\n\t<meta property=\"og:image:height\" content=\"576\" \/>\n\t<meta property=\"og:image:type\" content=\"image\/png\" \/>\n<meta name=\"author\" content=\"Rodolfo Sandoval\" \/>\n<meta name=\"twitter:label1\" content=\"Escrito por\" \/>\n\t<meta name=\"twitter:data1\" content=\"Rodolfo Sandoval\" \/>\n\t<meta name=\"twitter:label2\" content=\"Est. tempo de leitura\" \/>\n\t<meta name=\"twitter:data2\" content=\"5 minutos\" \/>\n<script type=\"application\/ld+json\" class=\"yoast-schema-graph\">{\"@context\":\"https:\\\/\\\/schema.org\",\"@graph\":[{\"@type\":\"Article\",\"@id\":\"https:\\\/\\\/www.sertras.com\\\/gestao-de-fornecedores\\\/esg-e-para-todas-as-empresas-por-onde-comecar\\\/#article\",\"isPartOf\":{\"@id\":\"https:\\\/\\\/www.sertras.com\\\/gestao-de-fornecedores\\\/esg-e-para-todas-as-empresas-por-onde-comecar\\\/\"},\"author\":{\"name\":\"Rodolfo Sandoval\",\"@id\":\"https:\\\/\\\/www.sertras.com\\\/gestao-de-fornecedores\\\/#\\\/schema\\\/person\\\/ef1e221c94744ef9f26e14989fd485b8\"},\"headline\":\"ESG \u00e9 para todas as empresas: por onde come\u00e7ar?\",\"datePublished\":\"2023-06-29T19:03:25+00:00\",\"dateModified\":\"2023-10-13T19:51:56+00:00\",\"mainEntityOfPage\":{\"@id\":\"https:\\\/\\\/www.sertras.com\\\/gestao-de-fornecedores\\\/esg-e-para-todas-as-empresas-por-onde-comecar\\\/\"},\"wordCount\":901,\"commentCount\":0,\"publisher\":{\"@id\":\"https:\\\/\\\/www.sertras.com\\\/gestao-de-fornecedores\\\/#organization\"},\"image\":{\"@id\":\"https:\\\/\\\/www.sertras.com\\\/gestao-de-fornecedores\\\/esg-e-para-todas-as-empresas-por-onde-comecar\\\/#primaryimage\"},\"thumbnailUrl\":\"https:\\\/\\\/www.sertras.com\\\/gestao-de-fornecedores\\\/wp-content\\\/uploads\\\/2023\\\/06\\\/Capa-2.png\",\"keywords\":[\"fornecedores\"],\"articleSection\":[\"ESG\"],\"inLanguage\":\"pt-BR\",\"potentialAction\":[{\"@type\":\"CommentAction\",\"name\":\"Comment\",\"target\":[\"https:\\\/\\\/www.sertras.com\\\/gestao-de-fornecedores\\\/esg-e-para-todas-as-empresas-por-onde-comecar\\\/#respond\"]}]},{\"@type\":\"WebPage\",\"@id\":\"https:\\\/\\\/www.sertras.com\\\/gestao-de-fornecedores\\\/esg-e-para-todas-as-empresas-por-onde-comecar\\\/\",\"url\":\"https:\\\/\\\/www.sertras.com\\\/gestao-de-fornecedores\\\/esg-e-para-todas-as-empresas-por-onde-comecar\\\/\",\"name\":\"ESG \u00e9 para todas as empresas: por onde come\u00e7ar? - Sertras Gest\u00e3o de Fornecedores\",\"isPartOf\":{\"@id\":\"https:\\\/\\\/www.sertras.com\\\/gestao-de-fornecedores\\\/#website\"},\"primaryImageOfPage\":{\"@id\":\"https:\\\/\\\/www.sertras.com\\\/gestao-de-fornecedores\\\/esg-e-para-todas-as-empresas-por-onde-comecar\\\/#primaryimage\"},\"image\":{\"@id\":\"https:\\\/\\\/www.sertras.com\\\/gestao-de-fornecedores\\\/esg-e-para-todas-as-empresas-por-onde-comecar\\\/#primaryimage\"},\"thumbnailUrl\":\"https:\\\/\\\/www.sertras.com\\\/gestao-de-fornecedores\\\/wp-content\\\/uploads\\\/2023\\\/06\\\/Capa-2.png\",\"datePublished\":\"2023-06-29T19:03:25+00:00\",\"dateModified\":\"2023-10-13T19:51:56+00:00\",\"breadcrumb\":{\"@id\":\"https:\\\/\\\/www.sertras.com\\\/gestao-de-fornecedores\\\/esg-e-para-todas-as-empresas-por-onde-comecar\\\/#breadcrumb\"},\"inLanguage\":\"pt-BR\",\"potentialAction\":[{\"@type\":\"ReadAction\",\"target\":[\"https:\\\/\\\/www.sertras.com\\\/gestao-de-fornecedores\\\/esg-e-para-todas-as-empresas-por-onde-comecar\\\/\"]}]},{\"@type\":\"ImageObject\",\"inLanguage\":\"pt-BR\",\"@id\":\"https:\\\/\\\/www.sertras.com\\\/gestao-de-fornecedores\\\/esg-e-para-todas-as-empresas-por-onde-comecar\\\/#primaryimage\",\"url\":\"https:\\\/\\\/www.sertras.com\\\/gestao-de-fornecedores\\\/wp-content\\\/uploads\\\/2023\\\/06\\\/Capa-2.png\",\"contentUrl\":\"https:\\\/\\\/www.sertras.com\\\/gestao-de-fornecedores\\\/wp-content\\\/uploads\\\/2023\\\/06\\\/Capa-2.png\",\"width\":1366,\"height\":768},{\"@type\":\"BreadcrumbList\",\"@id\":\"https:\\\/\\\/www.sertras.com\\\/gestao-de-fornecedores\\\/esg-e-para-todas-as-empresas-por-onde-comecar\\\/#breadcrumb\",\"itemListElement\":[{\"@type\":\"ListItem\",\"position\":1,\"name\":\"In\u00edcio\",\"item\":\"https:\\\/\\\/www.sertras.com\\\/gestao-de-fornecedores\\\/\"},{\"@type\":\"ListItem\",\"position\":2,\"name\":\"ESG \u00e9 para todas as empresas: por onde come\u00e7ar?\"}]},{\"@type\":\"WebSite\",\"@id\":\"https:\\\/\\\/www.sertras.com\\\/gestao-de-fornecedores\\\/#website\",\"url\":\"https:\\\/\\\/www.sertras.com\\\/gestao-de-fornecedores\\\/\",\"name\":\"Sertras Gest\u00e3o de Fornecedores\",\"description\":\"Servi\u00e7os profissionais para compradores e fornecedores\",\"publisher\":{\"@id\":\"https:\\\/\\\/www.sertras.com\\\/gestao-de-fornecedores\\\/#organization\"},\"alternateName\":\"Sertras\",\"potentialAction\":[{\"@type\":\"SearchAction\",\"target\":{\"@type\":\"EntryPoint\",\"urlTemplate\":\"https:\\\/\\\/www.sertras.com\\\/gestao-de-fornecedores\\\/?s={search_term_string}\"},\"query-input\":{\"@type\":\"PropertyValueSpecification\",\"valueRequired\":true,\"valueName\":\"search_term_string\"}}],\"inLanguage\":\"pt-BR\"},{\"@type\":\"Organization\",\"@id\":\"https:\\\/\\\/www.sertras.com\\\/gestao-de-fornecedores\\\/#organization\",\"name\":\"Sertras Gest\u00e3o de Fornecedores\",\"alternateName\":\"Sertras\",\"url\":\"https:\\\/\\\/www.sertras.com\\\/gestao-de-fornecedores\\\/\",\"logo\":{\"@type\":\"ImageObject\",\"inLanguage\":\"pt-BR\",\"@id\":\"https:\\\/\\\/www.sertras.com\\\/gestao-de-fornecedores\\\/#\\\/schema\\\/logo\\\/image\\\/\",\"url\":\"\",\"contentUrl\":\"\",\"caption\":\"Sertras Gest\u00e3o de Fornecedores\"},\"image\":{\"@id\":\"https:\\\/\\\/www.sertras.com\\\/gestao-de-fornecedores\\\/#\\\/schema\\\/logo\\\/image\\\/\"},\"sameAs\":[\"https:\\\/\\\/pt-br.facebook.com\\\/sertras\\\/\",\"https:\\\/\\\/www.instagram.com\\\/sertrasfor\\\/\",\"https:\\\/\\\/br.linkedin.com\\\/company\\\/sertras\",\"https:\\\/\\\/www.sertras.com\\\/gestao-de-fornecedores\\\/\"],\"description\":\"A Sertras \u00e9 a maior autoridade em gest\u00e3o de fornecedores do Brasil, liderando o mercado com um ecossistema completo de governan\u00e7a e mitiga\u00e7\u00e3o de riscos. Especialista em Gest\u00e3o de Terceiros e Auditorias, a Sertras entrega 'Gest\u00e3o de Verdade' atrav\u00e9s de um portf\u00f3lio robusto que inclui Homologa\u00e7\u00e3o t\u00e9cnica, An\u00e1lise Financeira profunda, Due Diligence, Background Check e monitoramento de crit\u00e9rios ESG. Como pioneira na emiss\u00e3o de Selos de Certifica\u00e7\u00e3o e na forma\u00e7\u00e3o de um Ecossistema de Fornecedores Certificados, a companhia combina tecnologia de dados e intelig\u00eancia anal\u00edtica para garantir conformidade, seguran\u00e7a e performance em toda a cadeia de suprimentos das maiores corpora\u00e7\u00f5es do pa\u00eds.\",\"email\":\"comercial@sertras.com\",\"telephone\":\"+552120180156\",\"legalName\":\"Sertras Gest\u00e3o de Fornecedores Limitada\",\"foundingDate\":\"2015-06-03\",\"vatID\":\"22584068000106\",\"numberOfEmployees\":{\"@type\":\"QuantitativeValue\",\"minValue\":\"51\",\"maxValue\":\"200\"},\"publishingPrinciples\":\"https:\\\/\\\/www.sertras.com\\\/gestao-de-fornecedores\\\/politicas-sertras-old\\\/\",\"ethicsPolicy\":\"https:\\\/\\\/www.sertras.com\\\/gestao-de-fornecedores\\\/politicas-sertras-old\\\/\",\"diversityPolicy\":\"https:\\\/\\\/www.sertras.com\\\/gestao-de-fornecedores\\\/politicas-sertras-old\\\/\"},{\"@type\":\"Person\",\"@id\":\"https:\\\/\\\/www.sertras.com\\\/gestao-de-fornecedores\\\/#\\\/schema\\\/person\\\/ef1e221c94744ef9f26e14989fd485b8\",\"name\":\"Rodolfo Sandoval\",\"image\":{\"@type\":\"ImageObject\",\"inLanguage\":\"pt-BR\",\"@id\":\"https:\\\/\\\/secure.gravatar.com\\\/avatar\\\/59896eb33f28cfa9c1b39b1b2f4d0f39482af012c0c5dd21b2554d9fae61b28a?s=96&d=mm&r=g\",\"url\":\"https:\\\/\\\/secure.gravatar.com\\\/avatar\\\/59896eb33f28cfa9c1b39b1b2f4d0f39482af012c0c5dd21b2554d9fae61b28a?s=96&d=mm&r=g\",\"contentUrl\":\"https:\\\/\\\/secure.gravatar.com\\\/avatar\\\/59896eb33f28cfa9c1b39b1b2f4d0f39482af012c0c5dd21b2554d9fae61b28a?s=96&d=mm&r=g\",\"caption\":\"Rodolfo Sandoval\"},\"url\":\"https:\\\/\\\/www.sertras.com\\\/gestao-de-fornecedores\\\/author\\\/rodolfo-sandoval\\\/\"}]}<\/script>\n<!-- \/ Yoast SEO Premium plugin. -->","yoast_head_json":{"title":"ESG \u00e9 para todas as empresas: por onde come\u00e7ar? - Sertras Gest\u00e3o de Fornecedores","robots":{"index":"index","follow":"follow","max-snippet":"max-snippet:-1","max-image-preview":"max-image-preview:large","max-video-preview":"max-video-preview:-1"},"canonical":"https:\/\/www.sertras.com\/gestao-de-fornecedores\/esg-e-para-todas-as-empresas-por-onde-comecar\/","og_locale":"pt_BR","og_type":"article","og_title":"ESG \u00e9 para todas as empresas: por onde come\u00e7ar?","og_description":"O termo ESG (Environmental, Social and Governance) engloba todas as tend\u00eancias de gest\u00e3o empresarial desenvolvidas nas \u00faltimas tr\u00eas d\u00e9cadas, e tem ganhado cada vez mais for\u00e7a e import\u00e2ncia \u00e0 medida que as regulamenta\u00e7\u00f5es exigem que grandes empresas demonstrem suas pr\u00e1ticas. Por esse motivo, todas as empresas, independente do tamanho, que atuam como fornecedoras de grandes&hellip;","og_url":"https:\/\/www.sertras.com\/gestao-de-fornecedores\/esg-e-para-todas-as-empresas-por-onde-comecar\/","og_site_name":"Sertras Gest\u00e3o de Fornecedores","article_publisher":"https:\/\/pt-br.facebook.com\/sertras\/","article_published_time":"2023-06-29T19:03:25+00:00","article_modified_time":"2023-10-13T19:51:56+00:00","og_image":[{"width":1024,"height":576,"url":"https:\/\/www.sertras.com\/gestao-de-fornecedores\/wp-content\/uploads\/2023\/06\/Capa-2-1024x576.png","type":"image\/png"}],"author":"Rodolfo Sandoval","twitter_misc":{"Escrito por":"Rodolfo Sandoval","Est. tempo de leitura":"5 minutos"},"schema":{"@context":"https:\/\/schema.org","@graph":[{"@type":"Article","@id":"https:\/\/www.sertras.com\/gestao-de-fornecedores\/esg-e-para-todas-as-empresas-por-onde-comecar\/#article","isPartOf":{"@id":"https:\/\/www.sertras.com\/gestao-de-fornecedores\/esg-e-para-todas-as-empresas-por-onde-comecar\/"},"author":{"name":"Rodolfo Sandoval","@id":"https:\/\/www.sertras.com\/gestao-de-fornecedores\/#\/schema\/person\/ef1e221c94744ef9f26e14989fd485b8"},"headline":"ESG \u00e9 para todas as empresas: por onde come\u00e7ar?","datePublished":"2023-06-29T19:03:25+00:00","dateModified":"2023-10-13T19:51:56+00:00","mainEntityOfPage":{"@id":"https:\/\/www.sertras.com\/gestao-de-fornecedores\/esg-e-para-todas-as-empresas-por-onde-comecar\/"},"wordCount":901,"commentCount":0,"publisher":{"@id":"https:\/\/www.sertras.com\/gestao-de-fornecedores\/#organization"},"image":{"@id":"https:\/\/www.sertras.com\/gestao-de-fornecedores\/esg-e-para-todas-as-empresas-por-onde-comecar\/#primaryimage"},"thumbnailUrl":"https:\/\/www.sertras.com\/gestao-de-fornecedores\/wp-content\/uploads\/2023\/06\/Capa-2.png","keywords":["fornecedores"],"articleSection":["ESG"],"inLanguage":"pt-BR","potentialAction":[{"@type":"CommentAction","name":"Comment","target":["https:\/\/www.sertras.com\/gestao-de-fornecedores\/esg-e-para-todas-as-empresas-por-onde-comecar\/#respond"]}]},{"@type":"WebPage","@id":"https:\/\/www.sertras.com\/gestao-de-fornecedores\/esg-e-para-todas-as-empresas-por-onde-comecar\/","url":"https:\/\/www.sertras.com\/gestao-de-fornecedores\/esg-e-para-todas-as-empresas-por-onde-comecar\/","name":"ESG \u00e9 para todas as empresas: por onde come\u00e7ar? - Sertras Gest\u00e3o de Fornecedores","isPartOf":{"@id":"https:\/\/www.sertras.com\/gestao-de-fornecedores\/#website"},"primaryImageOfPage":{"@id":"https:\/\/www.sertras.com\/gestao-de-fornecedores\/esg-e-para-todas-as-empresas-por-onde-comecar\/#primaryimage"},"image":{"@id":"https:\/\/www.sertras.com\/gestao-de-fornecedores\/esg-e-para-todas-as-empresas-por-onde-comecar\/#primaryimage"},"thumbnailUrl":"https:\/\/www.sertras.com\/gestao-de-fornecedores\/wp-content\/uploads\/2023\/06\/Capa-2.png","datePublished":"2023-06-29T19:03:25+00:00","dateModified":"2023-10-13T19:51:56+00:00","breadcrumb":{"@id":"https:\/\/www.sertras.com\/gestao-de-fornecedores\/esg-e-para-todas-as-empresas-por-onde-comecar\/#breadcrumb"},"inLanguage":"pt-BR","potentialAction":[{"@type":"ReadAction","target":["https:\/\/www.sertras.com\/gestao-de-fornecedores\/esg-e-para-todas-as-empresas-por-onde-comecar\/"]}]},{"@type":"ImageObject","inLanguage":"pt-BR","@id":"https:\/\/www.sertras.com\/gestao-de-fornecedores\/esg-e-para-todas-as-empresas-por-onde-comecar\/#primaryimage","url":"https:\/\/www.sertras.com\/gestao-de-fornecedores\/wp-content\/uploads\/2023\/06\/Capa-2.png","contentUrl":"https:\/\/www.sertras.com\/gestao-de-fornecedores\/wp-content\/uploads\/2023\/06\/Capa-2.png","width":1366,"height":768},{"@type":"BreadcrumbList","@id":"https:\/\/www.sertras.com\/gestao-de-fornecedores\/esg-e-para-todas-as-empresas-por-onde-comecar\/#breadcrumb","itemListElement":[{"@type":"ListItem","position":1,"name":"In\u00edcio","item":"https:\/\/www.sertras.com\/gestao-de-fornecedores\/"},{"@type":"ListItem","position":2,"name":"ESG \u00e9 para todas as empresas: por onde come\u00e7ar?"}]},{"@type":"WebSite","@id":"https:\/\/www.sertras.com\/gestao-de-fornecedores\/#website","url":"https:\/\/www.sertras.com\/gestao-de-fornecedores\/","name":"Sertras Gest\u00e3o de Fornecedores","description":"Servi\u00e7os profissionais para compradores e fornecedores","publisher":{"@id":"https:\/\/www.sertras.com\/gestao-de-fornecedores\/#organization"},"alternateName":"Sertras","potentialAction":[{"@type":"SearchAction","target":{"@type":"EntryPoint","urlTemplate":"https:\/\/www.sertras.com\/gestao-de-fornecedores\/?s={search_term_string}"},"query-input":{"@type":"PropertyValueSpecification","valueRequired":true,"valueName":"search_term_string"}}],"inLanguage":"pt-BR"},{"@type":"Organization","@id":"https:\/\/www.sertras.com\/gestao-de-fornecedores\/#organization","name":"Sertras Gest\u00e3o de Fornecedores","alternateName":"Sertras","url":"https:\/\/www.sertras.com\/gestao-de-fornecedores\/","logo":{"@type":"ImageObject","inLanguage":"pt-BR","@id":"https:\/\/www.sertras.com\/gestao-de-fornecedores\/#\/schema\/logo\/image\/","url":"","contentUrl":"","caption":"Sertras Gest\u00e3o de Fornecedores"},"image":{"@id":"https:\/\/www.sertras.com\/gestao-de-fornecedores\/#\/schema\/logo\/image\/"},"sameAs":["https:\/\/pt-br.facebook.com\/sertras\/","https:\/\/www.instagram.com\/sertrasfor\/","https:\/\/br.linkedin.com\/company\/sertras","https:\/\/www.sertras.com\/gestao-de-fornecedores\/"],"description":"A Sertras \u00e9 a maior autoridade em gest\u00e3o de fornecedores do Brasil, liderando o mercado com um ecossistema completo de governan\u00e7a e mitiga\u00e7\u00e3o de riscos. Especialista em Gest\u00e3o de Terceiros e Auditorias, a Sertras entrega 'Gest\u00e3o de Verdade' atrav\u00e9s de um portf\u00f3lio robusto que inclui Homologa\u00e7\u00e3o t\u00e9cnica, An\u00e1lise Financeira profunda, Due Diligence, Background Check e monitoramento de crit\u00e9rios ESG. Como pioneira na emiss\u00e3o de Selos de Certifica\u00e7\u00e3o e na forma\u00e7\u00e3o de um Ecossistema de Fornecedores Certificados, a companhia combina tecnologia de dados e intelig\u00eancia anal\u00edtica para garantir conformidade, seguran\u00e7a e performance em toda a cadeia de suprimentos das maiores corpora\u00e7\u00f5es do pa\u00eds.","email":"comercial@sertras.com","telephone":"+552120180156","legalName":"Sertras Gest\u00e3o de Fornecedores Limitada","foundingDate":"2015-06-03","vatID":"22584068000106","numberOfEmployees":{"@type":"QuantitativeValue","minValue":"51","maxValue":"200"},"publishingPrinciples":"https:\/\/www.sertras.com\/gestao-de-fornecedores\/politicas-sertras-old\/","ethicsPolicy":"https:\/\/www.sertras.com\/gestao-de-fornecedores\/politicas-sertras-old\/","diversityPolicy":"https:\/\/www.sertras.com\/gestao-de-fornecedores\/politicas-sertras-old\/"},{"@type":"Person","@id":"https:\/\/www.sertras.com\/gestao-de-fornecedores\/#\/schema\/person\/ef1e221c94744ef9f26e14989fd485b8","name":"Rodolfo Sandoval","image":{"@type":"ImageObject","inLanguage":"pt-BR","@id":"https:\/\/secure.gravatar.com\/avatar\/59896eb33f28cfa9c1b39b1b2f4d0f39482af012c0c5dd21b2554d9fae61b28a?s=96&d=mm&r=g","url":"https:\/\/secure.gravatar.com\/avatar\/59896eb33f28cfa9c1b39b1b2f4d0f39482af012c0c5dd21b2554d9fae61b28a?s=96&d=mm&r=g","contentUrl":"https:\/\/secure.gravatar.com\/avatar\/59896eb33f28cfa9c1b39b1b2f4d0f39482af012c0c5dd21b2554d9fae61b28a?s=96&d=mm&r=g","caption":"Rodolfo Sandoval"},"url":"https:\/\/www.sertras.com\/gestao-de-fornecedores\/author\/rodolfo-sandoval\/"}]}},"_links":{"self":[{"href":"https:\/\/www.sertras.com\/gestao-de-fornecedores\/wp-json\/wp\/v2\/posts\/10467","targetHints":{"allow":["GET"]}}],"collection":[{"href":"https:\/\/www.sertras.com\/gestao-de-fornecedores\/wp-json\/wp\/v2\/posts"}],"about":[{"href":"https:\/\/www.sertras.com\/gestao-de-fornecedores\/wp-json\/wp\/v2\/types\/post"}],"author":[{"embeddable":true,"href":"https:\/\/www.sertras.com\/gestao-de-fornecedores\/wp-json\/wp\/v2\/users\/12"}],"replies":[{"embeddable":true,"href":"https:\/\/www.sertras.com\/gestao-de-fornecedores\/wp-json\/wp\/v2\/comments?post=10467"}],"version-history":[{"count":3,"href":"https:\/\/www.sertras.com\/gestao-de-fornecedores\/wp-json\/wp\/v2\/posts\/10467\/revisions"}],"predecessor-version":[{"id":10896,"href":"https:\/\/www.sertras.com\/gestao-de-fornecedores\/wp-json\/wp\/v2\/posts\/10467\/revisions\/10896"}],"wp:featuredmedia":[{"embeddable":true,"href":"https:\/\/www.sertras.com\/gestao-de-fornecedores\/wp-json\/wp\/v2\/media\/10469"}],"wp:attachment":[{"href":"https:\/\/www.sertras.com\/gestao-de-fornecedores\/wp-json\/wp\/v2\/media?parent=10467"}],"wp:term":[{"taxonomy":"category","embeddable":true,"href":"https:\/\/www.sertras.com\/gestao-de-fornecedores\/wp-json\/wp\/v2\/categories?post=10467"},{"taxonomy":"post_tag","embeddable":true,"href":"https:\/\/www.sertras.com\/gestao-de-fornecedores\/wp-json\/wp\/v2\/tags?post=10467"}],"curies":[{"name":"wp","href":"https:\/\/api.w.org\/{rel}","templated":true}]}}