{"id":11649,"date":"2024-01-08T09:32:12","date_gmt":"2024-01-08T12:32:12","guid":{"rendered":"https:\/\/www.sertras.com\/gestao-de-fornecedores\/?p=11649"},"modified":"2024-02-14T16:52:57","modified_gmt":"2024-02-14T19:52:57","slug":"missao-visao-e-valores-a-filosofia-por-tras-de-toda-empresa","status":"publish","type":"post","link":"https:\/\/www.sertras.com\/gestao-de-fornecedores\/missao-visao-e-valores-a-filosofia-por-tras-de-toda-empresa\/","title":{"rendered":"Miss\u00e3o, Vis\u00e3o e Valores: A filosofia por tr\u00e1s de toda empresa"},"content":{"rendered":"\t\t<div data-elementor-type=\"wp-post\" data-elementor-id=\"11649\" class=\"elementor elementor-11649\" data-elementor-post-type=\"post\">\n\t\t\t\t\t\t<section class=\"elementor-section elementor-top-section elementor-element elementor-element-5255b46 elementor-section-boxed elementor-section-height-default elementor-section-height-default\" data-id=\"5255b46\" data-element_type=\"section\" data-e-type=\"section\">\n\t\t\t\t\t\t<div class=\"elementor-container elementor-column-gap-default\">\n\t\t\t\t\t<div class=\"elementor-column elementor-col-100 elementor-top-column elementor-element elementor-element-b3a066c\" data-id=\"b3a066c\" data-element_type=\"column\" data-e-type=\"column\">\n\t\t\t<div class=\"elementor-widget-wrap elementor-element-populated\">\n\t\t\t\t\t\t<div class=\"elementor-element elementor-element-556db45 elementor-widget elementor-widget-text-editor\" data-id=\"556db45\" data-element_type=\"widget\" data-e-type=\"widget\" data-widget_type=\"text-editor.default\">\n\t\t\t\t<div class=\"elementor-widget-container\">\n\t\t\t\t\t\t\t\t\t<p>A disciplina de planejamento estrat\u00e9gico na administra\u00e7\u00e3o de empresas sempre inicia nos ensinando a reunir a equipe e que definamos juntos a Miss\u00e3o, Vis\u00e3o e Valores da empresa. Esta recomenda\u00e7\u00e3o muitas vezes pode parecer clich\u00ea ou at\u00e9 mesmo dispens\u00e1vel. Contudo, a experi\u00eancia pr\u00e1tica me ensinou que o motor que gera o lucro na empresa \u00e9 o seu prop\u00f3sito e n\u00e3o ao contr\u00e1rio. Quando a miss\u00e3o da empresa limita-se exclusivamente \u00e0 busca pelo lucro, inadvertidamente abrimos portas para um caminho sem retorno, onde a corrup\u00e7\u00e3o pode se instalar facilmente.<\/p>\t\t\t\t\t\t\t\t<\/div>\n\t\t\t\t<\/div>\n\t\t\t\t<div class=\"elementor-element elementor-element-ae92c5a elementor-widget elementor-widget-text-editor\" data-id=\"ae92c5a\" data-element_type=\"widget\" data-e-type=\"widget\" data-widget_type=\"text-editor.default\">\n\t\t\t\t<div class=\"elementor-widget-container\">\n\t\t\t\t\t\t\t\t\t<h2>O que \u00e9 a Miss\u00e3o e a Vis\u00e3o?<\/h2><p>A <strong>Miss\u00e3o da empresa<\/strong> \u00e9 a ess\u00eancia de sua exist\u00eancia, expressada de forma direta e simplificada. Ela responde \u00e0 pergunta fundamental: Por que esta empresa existe?<\/p><h3 style=\"text-align: center;\"><em>Cumprir a miss\u00e3o \u00e9 a forma de alcan\u00e7ar a vis\u00e3o.<\/em><\/h3><h2>Como definir a Miss\u00e3o da nossa empresa?<\/h2><p>Na <b>Sertras Gest\u00e3o de\u00a0<span style=\"color: var( --e-global-color-text ); font-family: var( --e-global-typography-text-font-family ), Sans-serif; letter-spacing: var(--the7-base-letter-spacing); text-transform: var(--the7-base-text-transform); word-spacing: normal;\">Fornecedores<\/span><\/b><span style=\"color: var( --e-global-color-text ); font-family: var( --e-global-typography-text-font-family ), Sans-serif; font-weight: var( --e-global-typography-text-font-weight ); letter-spacing: var(--the7-base-letter-spacing); text-transform: var(--the7-base-text-transform); word-spacing: normal;\"> fazemos isso\u00a0<\/span><span style=\"color: var( --e-global-color-text ); font-family: var( --e-global-typography-text-font-family ), Sans-serif; font-weight: var( --e-global-typography-text-font-weight ); letter-spacing: var(--the7-base-letter-spacing); text-transform: var(--the7-base-text-transform); word-spacing: normal;\">periodicamente. Por\u00e9m,\u00a0<\/span><span style=\"color: var( --e-global-color-text ); font-family: var( --e-global-typography-text-font-family ), Sans-serif; font-weight: var( --e-global-typography-text-font-weight ); letter-spacing: var(--the7-base-letter-spacing); text-transform: var(--the7-base-text-transform); word-spacing: normal;\">neste ano, ainda n\u00e3o\u00a0<\/span><span style=\"color: var( --e-global-color-text ); font-family: var( --e-global-typography-text-font-family ), Sans-serif; font-weight: var( --e-global-typography-text-font-weight ); letter-spacing: var(--the7-base-letter-spacing); text-transform: var(--the7-base-text-transform); word-spacing: normal;\">atualizamos a Miss\u00e3o e nem\u00a0<\/span><span style=\"color: var( --e-global-color-text ); font-family: var( --e-global-typography-text-font-family ), Sans-serif; font-weight: var( --e-global-typography-text-font-weight ); letter-spacing: var(--the7-base-letter-spacing); text-transform: var(--the7-base-text-transform); word-spacing: normal;\">a Vis\u00e3o. Pelo fato de ter\u00a0<\/span><span style=\"color: var( --e-global-color-text ); font-family: var( --e-global-typography-text-font-family ), Sans-serif; font-weight: var( --e-global-typography-text-font-weight ); letter-spacing: var(--the7-base-letter-spacing); text-transform: var(--the7-base-text-transform); word-spacing: normal;\">sido renovada no ano\u00a0<\/span><span style=\"color: var( --e-global-color-text ); font-family: var( --e-global-typography-text-font-family ), Sans-serif; font-weight: var( --e-global-typography-text-font-weight ); letter-spacing: var(--the7-base-letter-spacing); text-transform: var(--the7-base-text-transform); word-spacing: normal;\">passado junto com nossos\u00a0<\/span><span style=\"color: var( --e-global-color-text ); font-family: var( --e-global-typography-text-font-family ), Sans-serif; font-weight: var( --e-global-typography-text-font-weight ); letter-spacing: var(--the7-base-letter-spacing); text-transform: var(--the7-base-text-transform); word-spacing: normal;\">l\u00edderes.<\/span><\/p><p>Recomendo que seja realizado um Brainstorming que responda algumas perguntas que podem ser:<\/p><ul><li>Por que criamos a empresa?<\/li><li>Quais dores resolvemos?<\/li><li>Quem s\u00e3o os nossos clientes?<\/li><li>Qual \u00e9 a nossa proposta de valor e por que nos faz diferentes?<\/li><li>Outras.<\/li><\/ul><p>O objetivo da miss\u00e3o \u00e9 que ela seja a ess\u00eancia da empresa, crian um senso de pertencimento para o mercado e para os membros. Que seja o centro do planejamento estrat\u00e9gico e que gere um engajamento emocional nos clientes.<\/p><h2>O que \u00e9 a Vis\u00e3o da empresa?<\/h2><p>A <strong>Vis\u00e3o da empresa<\/strong> descreve &#8220;o objetivo&#8221; que a empresa quer alcan\u00e7ar a longo prazo e responde \u00e0s perguntas: O qu\u00ea queremos ser? e\/ou; Onde queremos chegar?<\/p><p>Ela deve ser inspiradora e alcan\u00e7\u00e1vel j\u00e1 que nos ajuda a definir as nossas metas.<\/p><p>As mudan\u00e7as tecnol\u00f3gicas, mudan\u00e7a clim\u00e1tica e outras varia\u00e7\u00f5es tem mudado fortemente a forma como interpretamos o curto, m\u00e9dio e longo prazo. Atualmente pode ser considerado longo prazo de 2 a 5 anos.<\/p><h3>Como definir a Vis\u00e3o da nossa empresa?<\/h3><ul><li>Pensa em objetivos realistas que possam ser alcan\u00e7ados;<\/li><li>Pensa em compromissos que voc\u00ea deve adquirir com stakeholders atuais e futuros;<\/li><li>Pensa em alguma mudan\u00e7a que voc\u00ea quer realizar para a sociedade ou para o planeta;<\/li><li>Pensa no impacto que voc\u00ea quer causar no teu mercado.<\/li><\/ul><p>O objetivo da Vis\u00e3o \u00e9 ser uma inspira\u00e7\u00e3o que proporcione espa\u00e7os colaborativos de discuss\u00e3o para gerar projetos que fa\u00e7am da empresa uma refer\u00eancia em valor.<\/p><h2>O que s\u00e3o os Valores da Empresa?<\/h2><p>Os <strong>Valores da empresa<\/strong> s\u00e3o um conceito relativamente recente, muitas vezes negligenciado no planejamento estrat\u00e9gico, uma pr\u00e1tica que n\u00e3o recomendo. Os nossos valores delineiam a abordagem \u00fanica da empresa na jornada em dire\u00e7\u00e3o \u00e0 vis\u00e3o. Al\u00e9m de demarcar limites de a\u00e7\u00e3o, \u00e9 essencial que esses valores sejam compartilhados por todos os membros da empresa j\u00e1 que definem a nossa cultura e \u00e9tica. Eles s\u00e3o a base do comportamento da organiza\u00e7\u00e3o.<\/p><h3>Como redigir os Valores da empresa?<\/h3><ul><li>N\u00e3o exagera. At\u00e9 10 \u00e9 suficiente;<\/li><li>Devem referenciar principios \u00e9ticos;<\/li><li>Devem ser o espelho da cultura da empresa e por isso devem ser aceitos e seguidos por todos os trabalhadores.<\/li><\/ul><p>O objetivo dos Valores \u00e9 criar a base do comportamento da empresa sendo uma guia que defina a rela\u00e7\u00e3o social com os clientes para alcan\u00e7ar sustentabilidade e valor para a empresa.<\/p>\t\t\t\t\t\t\t\t<\/div>\n\t\t\t\t<\/div>\n\t\t\t\t<div class=\"elementor-element elementor-element-f580ce8 elementor-widget elementor-widget-text-editor\" data-id=\"f580ce8\" data-element_type=\"widget\" data-e-type=\"widget\" data-widget_type=\"text-editor.default\">\n\t\t\t\t<div class=\"elementor-widget-container\">\n\t\t\t\t\t\t\t\t\t<h2>Conclus\u00f5es<\/h2><p><strong>N\u00e3o negligencie esta parte do planejamento.<\/strong> Redigir Miss\u00e3o, Vis\u00e3o e Valores sem o tempo e seriedade n\u00e3o te ajudar\u00e1 na constru\u00e7\u00e3o do plano estrat\u00e9gico.<\/p><p><strong>Se voc\u00ea est\u00e1 criando uma empresa este \u00e9 uma tarefa essencial.<\/strong><\/p><p><strong>Muita gente te dir\u00e1 <\/strong>que \u00e9 uma perda de tempo. N\u00e3o acredite. Se voc\u00ea quer ser um empres\u00e1rio com proposito isto \u00e9 fundamental.<\/p><p>Caso queira conhecer nossa\u00a0<span style=\"color: var( --e-global-color-text ); font-family: var( --e-global-typography-text-font-family ), Sans-serif; font-weight: var( --e-global-typography-text-font-weight ); letter-spacing: var(--the7-base-letter-spacing); text-transform: var(--the7-base-text-transform); word-spacing: normal;\">Miss\u00e3o, Vis\u00e3o e Valores<\/span><span style=\"color: var( --e-global-color-text ); font-family: var( --e-global-typography-text-font-family ), Sans-serif; font-weight: var( --e-global-typography-text-font-weight ); letter-spacing: var(--the7-base-letter-spacing); text-transform: var(--the7-base-text-transform); word-spacing: normal;\">\u00a0<\/span><a style=\"font-family: var( --e-global-typography-text-font-family ), Sans-serif; font-weight: var( --e-global-typography-text-font-weight ); letter-spacing: var(--the7-base-letter-spacing); text-transform: var(--the7-base-text-transform); word-spacing: normal;\" href=\"https:\/\/www.sertras.com\/gestao-de-fornecedores\/sobre\/\" target=\"_self\" data-test-app-aware-link=\"\">Clique aqui<\/a>.<\/p>\t\t\t\t\t\t\t\t<\/div>\n\t\t\t\t<\/div>\n\t\t\t\t\t<\/div>\n\t\t<\/div>\n\t\t\t\t\t<\/div>\n\t\t<\/section>\n\t\t\t\t<\/div>\n\t\t","protected":false},"excerpt":{"rendered":"<p>A disciplina de planejamento estrat\u00e9gico na administra\u00e7\u00e3o de empresas sempre inicia nos ensinando a reunir a equipe e que definamos juntos a Miss\u00e3o, Vis\u00e3o e Valores da empresa. Esta recomenda\u00e7\u00e3o muitas vezes pode parecer clich\u00ea ou at\u00e9 mesmo dispens\u00e1vel. Contudo, a experi\u00eancia pr\u00e1tica me ensinou que o motor que gera o lucro na empresa \u00e9&hellip;<\/p>\n","protected":false},"author":12,"featured_media":11654,"comment_status":"open","ping_status":"open","sticky":false,"template":"","format":"standard","meta":{"footnotes":""},"categories":[1],"tags":[152,153],"class_list":["post-11649","post","type-post","status-publish","format-standard","has-post-thumbnail","hentry","category-utilidade-publica","tag-compradores","tag-fornecedores"],"yoast_head":"<!-- This site is optimized with the Yoast SEO Premium plugin v27.3 (Yoast SEO v27.3) - https:\/\/yoast.com\/product\/yoast-seo-premium-wordpress\/ -->\n<title>Miss\u00e3o, Vis\u00e3o e Valores: A filosofia por tr\u00e1s de toda empresa - Sertras Gest\u00e3o de Fornecedores<\/title>\n<meta name=\"description\" content=\"Planejamento estrat\u00e9gico \u00e9 a base da gest\u00e3o de toda empresa: a defini\u00e7\u00e3o da miss\u00e3o, vis\u00e3o e valores \u00e9 frequentemente negligenciada. N\u00e3o cometa esse erro.\" \/>\n<meta name=\"robots\" content=\"index, follow, max-snippet:-1, max-image-preview:large, max-video-preview:-1\" \/>\n<link rel=\"canonical\" href=\"https:\/\/www.sertras.com\/gestao-de-fornecedores\/missao-visao-e-valores-a-filosofia-por-tras-de-toda-empresa\/\" \/>\n<meta property=\"og:locale\" content=\"pt_BR\" \/>\n<meta property=\"og:type\" content=\"article\" \/>\n<meta property=\"og:title\" content=\"Miss\u00e3o, Vis\u00e3o e Valores: A filosofia por tr\u00e1s de toda empresa\" \/>\n<meta property=\"og:description\" content=\"Planejamento estrat\u00e9gico \u00e9 a base da gest\u00e3o de toda empresa: a defini\u00e7\u00e3o da miss\u00e3o, vis\u00e3o e valores \u00e9 frequentemente negligenciada. N\u00e3o cometa esse erro.\" \/>\n<meta property=\"og:url\" content=\"https:\/\/www.sertras.com\/gestao-de-fornecedores\/missao-visao-e-valores-a-filosofia-por-tras-de-toda-empresa\/\" \/>\n<meta property=\"og:site_name\" content=\"Sertras Gest\u00e3o de Fornecedores\" \/>\n<meta property=\"article:publisher\" content=\"https:\/\/pt-br.facebook.com\/sertras\/\" \/>\n<meta property=\"article:published_time\" content=\"2024-01-08T12:32:12+00:00\" \/>\n<meta property=\"article:modified_time\" content=\"2024-02-14T19:52:57+00:00\" \/>\n<meta property=\"og:image\" content=\"https:\/\/www.sertras.com\/gestao-de-fornecedores\/wp-content\/uploads\/2024\/01\/Artigo-Missao.png\" \/>\n\t<meta property=\"og:image:width\" content=\"1280\" \/>\n\t<meta property=\"og:image:height\" content=\"720\" \/>\n\t<meta property=\"og:image:type\" content=\"image\/png\" \/>\n<meta name=\"author\" content=\"Rodolfo Sandoval\" \/>\n<meta name=\"twitter:label1\" content=\"Escrito por\" \/>\n\t<meta name=\"twitter:data1\" content=\"Rodolfo Sandoval\" \/>\n\t<meta name=\"twitter:label2\" content=\"Est. tempo de leitura\" \/>\n\t<meta name=\"twitter:data2\" content=\"4 minutos\" \/>\n<script type=\"application\/ld+json\" class=\"yoast-schema-graph\">{\"@context\":\"https:\\\/\\\/schema.org\",\"@graph\":[{\"@type\":\"Article\",\"@id\":\"https:\\\/\\\/www.sertras.com\\\/gestao-de-fornecedores\\\/missao-visao-e-valores-a-filosofia-por-tras-de-toda-empresa\\\/#article\",\"isPartOf\":{\"@id\":\"https:\\\/\\\/www.sertras.com\\\/gestao-de-fornecedores\\\/missao-visao-e-valores-a-filosofia-por-tras-de-toda-empresa\\\/\"},\"author\":{\"name\":\"Rodolfo Sandoval\",\"@id\":\"https:\\\/\\\/www.sertras.com\\\/gestao-de-fornecedores\\\/#\\\/schema\\\/person\\\/ef1e221c94744ef9f26e14989fd485b8\"},\"headline\":\"Miss\u00e3o, Vis\u00e3o e Valores: A filosofia por tr\u00e1s de toda empresa\",\"datePublished\":\"2024-01-08T12:32:12+00:00\",\"dateModified\":\"2024-02-14T19:52:57+00:00\",\"mainEntityOfPage\":{\"@id\":\"https:\\\/\\\/www.sertras.com\\\/gestao-de-fornecedores\\\/missao-visao-e-valores-a-filosofia-por-tras-de-toda-empresa\\\/\"},\"wordCount\":693,\"commentCount\":0,\"publisher\":{\"@id\":\"https:\\\/\\\/www.sertras.com\\\/gestao-de-fornecedores\\\/#organization\"},\"image\":{\"@id\":\"https:\\\/\\\/www.sertras.com\\\/gestao-de-fornecedores\\\/missao-visao-e-valores-a-filosofia-por-tras-de-toda-empresa\\\/#primaryimage\"},\"thumbnailUrl\":\"https:\\\/\\\/www.sertras.com\\\/gestao-de-fornecedores\\\/wp-content\\\/uploads\\\/2024\\\/01\\\/Artigo-Missao.webp\",\"keywords\":[\"compradores\",\"fornecedores\"],\"articleSection\":[\"Utilidade P\u00fablica\"],\"inLanguage\":\"pt-BR\",\"potentialAction\":[{\"@type\":\"CommentAction\",\"name\":\"Comment\",\"target\":[\"https:\\\/\\\/www.sertras.com\\\/gestao-de-fornecedores\\\/missao-visao-e-valores-a-filosofia-por-tras-de-toda-empresa\\\/#respond\"]}]},{\"@type\":\"WebPage\",\"@id\":\"https:\\\/\\\/www.sertras.com\\\/gestao-de-fornecedores\\\/missao-visao-e-valores-a-filosofia-por-tras-de-toda-empresa\\\/\",\"url\":\"https:\\\/\\\/www.sertras.com\\\/gestao-de-fornecedores\\\/missao-visao-e-valores-a-filosofia-por-tras-de-toda-empresa\\\/\",\"name\":\"Miss\u00e3o, Vis\u00e3o e Valores: A filosofia por tr\u00e1s de toda empresa - Sertras Gest\u00e3o de Fornecedores\",\"isPartOf\":{\"@id\":\"https:\\\/\\\/www.sertras.com\\\/gestao-de-fornecedores\\\/#website\"},\"primaryImageOfPage\":{\"@id\":\"https:\\\/\\\/www.sertras.com\\\/gestao-de-fornecedores\\\/missao-visao-e-valores-a-filosofia-por-tras-de-toda-empresa\\\/#primaryimage\"},\"image\":{\"@id\":\"https:\\\/\\\/www.sertras.com\\\/gestao-de-fornecedores\\\/missao-visao-e-valores-a-filosofia-por-tras-de-toda-empresa\\\/#primaryimage\"},\"thumbnailUrl\":\"https:\\\/\\\/www.sertras.com\\\/gestao-de-fornecedores\\\/wp-content\\\/uploads\\\/2024\\\/01\\\/Artigo-Missao.webp\",\"datePublished\":\"2024-01-08T12:32:12+00:00\",\"dateModified\":\"2024-02-14T19:52:57+00:00\",\"description\":\"Planejamento estrat\u00e9gico \u00e9 a base da gest\u00e3o de toda empresa: a defini\u00e7\u00e3o da miss\u00e3o, vis\u00e3o e valores \u00e9 frequentemente negligenciada. N\u00e3o cometa esse erro.\",\"breadcrumb\":{\"@id\":\"https:\\\/\\\/www.sertras.com\\\/gestao-de-fornecedores\\\/missao-visao-e-valores-a-filosofia-por-tras-de-toda-empresa\\\/#breadcrumb\"},\"inLanguage\":\"pt-BR\",\"potentialAction\":[{\"@type\":\"ReadAction\",\"target\":[\"https:\\\/\\\/www.sertras.com\\\/gestao-de-fornecedores\\\/missao-visao-e-valores-a-filosofia-por-tras-de-toda-empresa\\\/\"]}]},{\"@type\":\"ImageObject\",\"inLanguage\":\"pt-BR\",\"@id\":\"https:\\\/\\\/www.sertras.com\\\/gestao-de-fornecedores\\\/missao-visao-e-valores-a-filosofia-por-tras-de-toda-empresa\\\/#primaryimage\",\"url\":\"https:\\\/\\\/www.sertras.com\\\/gestao-de-fornecedores\\\/wp-content\\\/uploads\\\/2024\\\/01\\\/Artigo-Missao.webp\",\"contentUrl\":\"https:\\\/\\\/www.sertras.com\\\/gestao-de-fornecedores\\\/wp-content\\\/uploads\\\/2024\\\/01\\\/Artigo-Missao.webp\",\"width\":1280,\"height\":720,\"caption\":\"Grupo de pessoas em reuni\u00e3o\"},{\"@type\":\"BreadcrumbList\",\"@id\":\"https:\\\/\\\/www.sertras.com\\\/gestao-de-fornecedores\\\/missao-visao-e-valores-a-filosofia-por-tras-de-toda-empresa\\\/#breadcrumb\",\"itemListElement\":[{\"@type\":\"ListItem\",\"position\":1,\"name\":\"In\u00edcio\",\"item\":\"https:\\\/\\\/www.sertras.com\\\/gestao-de-fornecedores\\\/\"},{\"@type\":\"ListItem\",\"position\":2,\"name\":\"Miss\u00e3o, Vis\u00e3o e Valores: A filosofia por tr\u00e1s de toda empresa\"}]},{\"@type\":\"WebSite\",\"@id\":\"https:\\\/\\\/www.sertras.com\\\/gestao-de-fornecedores\\\/#website\",\"url\":\"https:\\\/\\\/www.sertras.com\\\/gestao-de-fornecedores\\\/\",\"name\":\"Sertras Gest\u00e3o de Fornecedores\",\"description\":\"Servi\u00e7os profissionais para compradores e fornecedores\",\"publisher\":{\"@id\":\"https:\\\/\\\/www.sertras.com\\\/gestao-de-fornecedores\\\/#organization\"},\"alternateName\":\"Sertras\",\"potentialAction\":[{\"@type\":\"SearchAction\",\"target\":{\"@type\":\"EntryPoint\",\"urlTemplate\":\"https:\\\/\\\/www.sertras.com\\\/gestao-de-fornecedores\\\/?s={search_term_string}\"},\"query-input\":{\"@type\":\"PropertyValueSpecification\",\"valueRequired\":true,\"valueName\":\"search_term_string\"}}],\"inLanguage\":\"pt-BR\"},{\"@type\":\"Organization\",\"@id\":\"https:\\\/\\\/www.sertras.com\\\/gestao-de-fornecedores\\\/#organization\",\"name\":\"Sertras Gest\u00e3o de Fornecedores\",\"alternateName\":\"Sertras\",\"url\":\"https:\\\/\\\/www.sertras.com\\\/gestao-de-fornecedores\\\/\",\"logo\":{\"@type\":\"ImageObject\",\"inLanguage\":\"pt-BR\",\"@id\":\"https:\\\/\\\/www.sertras.com\\\/gestao-de-fornecedores\\\/#\\\/schema\\\/logo\\\/image\\\/\",\"url\":\"\",\"contentUrl\":\"\",\"caption\":\"Sertras Gest\u00e3o de Fornecedores\"},\"image\":{\"@id\":\"https:\\\/\\\/www.sertras.com\\\/gestao-de-fornecedores\\\/#\\\/schema\\\/logo\\\/image\\\/\"},\"sameAs\":[\"https:\\\/\\\/pt-br.facebook.com\\\/sertras\\\/\",\"https:\\\/\\\/www.instagram.com\\\/sertrasfor\\\/\",\"https:\\\/\\\/br.linkedin.com\\\/company\\\/sertras\",\"https:\\\/\\\/www.sertras.com\\\/gestao-de-fornecedores\\\/\"],\"description\":\"A Sertras \u00e9 a maior autoridade em gest\u00e3o de fornecedores do Brasil, liderando o mercado com um ecossistema completo de governan\u00e7a e mitiga\u00e7\u00e3o de riscos. Especialista em Gest\u00e3o de Terceiros e Auditorias, a Sertras entrega 'Gest\u00e3o de Verdade' atrav\u00e9s de um portf\u00f3lio robusto que inclui Homologa\u00e7\u00e3o t\u00e9cnica, An\u00e1lise Financeira profunda, Due Diligence, Background Check e monitoramento de crit\u00e9rios ESG. Como pioneira na emiss\u00e3o de Selos de Certifica\u00e7\u00e3o e na forma\u00e7\u00e3o de um Ecossistema de Fornecedores Certificados, a companhia combina tecnologia de dados e intelig\u00eancia anal\u00edtica para garantir conformidade, seguran\u00e7a e performance em toda a cadeia de suprimentos das maiores corpora\u00e7\u00f5es do pa\u00eds.\",\"email\":\"comercial@sertras.com\",\"telephone\":\"+552120180156\",\"legalName\":\"Sertras Gest\u00e3o de Fornecedores Limitada\",\"foundingDate\":\"2015-06-03\",\"vatID\":\"22584068000106\",\"numberOfEmployees\":{\"@type\":\"QuantitativeValue\",\"minValue\":\"51\",\"maxValue\":\"200\"},\"publishingPrinciples\":\"https:\\\/\\\/www.sertras.com\\\/gestao-de-fornecedores\\\/politicas-sertras-old\\\/\",\"ethicsPolicy\":\"https:\\\/\\\/www.sertras.com\\\/gestao-de-fornecedores\\\/politicas-sertras-old\\\/\",\"diversityPolicy\":\"https:\\\/\\\/www.sertras.com\\\/gestao-de-fornecedores\\\/politicas-sertras-old\\\/\"},{\"@type\":\"Person\",\"@id\":\"https:\\\/\\\/www.sertras.com\\\/gestao-de-fornecedores\\\/#\\\/schema\\\/person\\\/ef1e221c94744ef9f26e14989fd485b8\",\"name\":\"Rodolfo Sandoval\",\"image\":{\"@type\":\"ImageObject\",\"inLanguage\":\"pt-BR\",\"@id\":\"https:\\\/\\\/secure.gravatar.com\\\/avatar\\\/59896eb33f28cfa9c1b39b1b2f4d0f39482af012c0c5dd21b2554d9fae61b28a?s=96&d=mm&r=g\",\"url\":\"https:\\\/\\\/secure.gravatar.com\\\/avatar\\\/59896eb33f28cfa9c1b39b1b2f4d0f39482af012c0c5dd21b2554d9fae61b28a?s=96&d=mm&r=g\",\"contentUrl\":\"https:\\\/\\\/secure.gravatar.com\\\/avatar\\\/59896eb33f28cfa9c1b39b1b2f4d0f39482af012c0c5dd21b2554d9fae61b28a?s=96&d=mm&r=g\",\"caption\":\"Rodolfo Sandoval\"},\"url\":\"https:\\\/\\\/www.sertras.com\\\/gestao-de-fornecedores\\\/author\\\/rodolfo-sandoval\\\/\"}]}<\/script>\n<!-- \/ Yoast SEO Premium plugin. -->","yoast_head_json":{"title":"Miss\u00e3o, Vis\u00e3o e Valores: A filosofia por tr\u00e1s de toda empresa - Sertras Gest\u00e3o de Fornecedores","description":"Planejamento estrat\u00e9gico \u00e9 a base da gest\u00e3o de toda empresa: a defini\u00e7\u00e3o da miss\u00e3o, vis\u00e3o e valores \u00e9 frequentemente negligenciada. N\u00e3o cometa esse erro.","robots":{"index":"index","follow":"follow","max-snippet":"max-snippet:-1","max-image-preview":"max-image-preview:large","max-video-preview":"max-video-preview:-1"},"canonical":"https:\/\/www.sertras.com\/gestao-de-fornecedores\/missao-visao-e-valores-a-filosofia-por-tras-de-toda-empresa\/","og_locale":"pt_BR","og_type":"article","og_title":"Miss\u00e3o, Vis\u00e3o e Valores: A filosofia por tr\u00e1s de toda empresa","og_description":"Planejamento estrat\u00e9gico \u00e9 a base da gest\u00e3o de toda empresa: a defini\u00e7\u00e3o da miss\u00e3o, vis\u00e3o e valores \u00e9 frequentemente negligenciada. N\u00e3o cometa esse erro.","og_url":"https:\/\/www.sertras.com\/gestao-de-fornecedores\/missao-visao-e-valores-a-filosofia-por-tras-de-toda-empresa\/","og_site_name":"Sertras Gest\u00e3o de Fornecedores","article_publisher":"https:\/\/pt-br.facebook.com\/sertras\/","article_published_time":"2024-01-08T12:32:12+00:00","article_modified_time":"2024-02-14T19:52:57+00:00","og_image":[{"width":1280,"height":720,"url":"https:\/\/www.sertras.com\/gestao-de-fornecedores\/wp-content\/uploads\/2024\/01\/Artigo-Missao.png","type":"image\/png"}],"author":"Rodolfo Sandoval","twitter_misc":{"Escrito por":"Rodolfo Sandoval","Est. tempo de leitura":"4 minutos"},"schema":{"@context":"https:\/\/schema.org","@graph":[{"@type":"Article","@id":"https:\/\/www.sertras.com\/gestao-de-fornecedores\/missao-visao-e-valores-a-filosofia-por-tras-de-toda-empresa\/#article","isPartOf":{"@id":"https:\/\/www.sertras.com\/gestao-de-fornecedores\/missao-visao-e-valores-a-filosofia-por-tras-de-toda-empresa\/"},"author":{"name":"Rodolfo Sandoval","@id":"https:\/\/www.sertras.com\/gestao-de-fornecedores\/#\/schema\/person\/ef1e221c94744ef9f26e14989fd485b8"},"headline":"Miss\u00e3o, Vis\u00e3o e Valores: A filosofia por tr\u00e1s de toda empresa","datePublished":"2024-01-08T12:32:12+00:00","dateModified":"2024-02-14T19:52:57+00:00","mainEntityOfPage":{"@id":"https:\/\/www.sertras.com\/gestao-de-fornecedores\/missao-visao-e-valores-a-filosofia-por-tras-de-toda-empresa\/"},"wordCount":693,"commentCount":0,"publisher":{"@id":"https:\/\/www.sertras.com\/gestao-de-fornecedores\/#organization"},"image":{"@id":"https:\/\/www.sertras.com\/gestao-de-fornecedores\/missao-visao-e-valores-a-filosofia-por-tras-de-toda-empresa\/#primaryimage"},"thumbnailUrl":"https:\/\/www.sertras.com\/gestao-de-fornecedores\/wp-content\/uploads\/2024\/01\/Artigo-Missao.webp","keywords":["compradores","fornecedores"],"articleSection":["Utilidade P\u00fablica"],"inLanguage":"pt-BR","potentialAction":[{"@type":"CommentAction","name":"Comment","target":["https:\/\/www.sertras.com\/gestao-de-fornecedores\/missao-visao-e-valores-a-filosofia-por-tras-de-toda-empresa\/#respond"]}]},{"@type":"WebPage","@id":"https:\/\/www.sertras.com\/gestao-de-fornecedores\/missao-visao-e-valores-a-filosofia-por-tras-de-toda-empresa\/","url":"https:\/\/www.sertras.com\/gestao-de-fornecedores\/missao-visao-e-valores-a-filosofia-por-tras-de-toda-empresa\/","name":"Miss\u00e3o, Vis\u00e3o e Valores: A filosofia por tr\u00e1s de toda empresa - Sertras Gest\u00e3o de Fornecedores","isPartOf":{"@id":"https:\/\/www.sertras.com\/gestao-de-fornecedores\/#website"},"primaryImageOfPage":{"@id":"https:\/\/www.sertras.com\/gestao-de-fornecedores\/missao-visao-e-valores-a-filosofia-por-tras-de-toda-empresa\/#primaryimage"},"image":{"@id":"https:\/\/www.sertras.com\/gestao-de-fornecedores\/missao-visao-e-valores-a-filosofia-por-tras-de-toda-empresa\/#primaryimage"},"thumbnailUrl":"https:\/\/www.sertras.com\/gestao-de-fornecedores\/wp-content\/uploads\/2024\/01\/Artigo-Missao.webp","datePublished":"2024-01-08T12:32:12+00:00","dateModified":"2024-02-14T19:52:57+00:00","description":"Planejamento estrat\u00e9gico \u00e9 a base da gest\u00e3o de toda empresa: a defini\u00e7\u00e3o da miss\u00e3o, vis\u00e3o e valores \u00e9 frequentemente negligenciada. N\u00e3o cometa esse erro.","breadcrumb":{"@id":"https:\/\/www.sertras.com\/gestao-de-fornecedores\/missao-visao-e-valores-a-filosofia-por-tras-de-toda-empresa\/#breadcrumb"},"inLanguage":"pt-BR","potentialAction":[{"@type":"ReadAction","target":["https:\/\/www.sertras.com\/gestao-de-fornecedores\/missao-visao-e-valores-a-filosofia-por-tras-de-toda-empresa\/"]}]},{"@type":"ImageObject","inLanguage":"pt-BR","@id":"https:\/\/www.sertras.com\/gestao-de-fornecedores\/missao-visao-e-valores-a-filosofia-por-tras-de-toda-empresa\/#primaryimage","url":"https:\/\/www.sertras.com\/gestao-de-fornecedores\/wp-content\/uploads\/2024\/01\/Artigo-Missao.webp","contentUrl":"https:\/\/www.sertras.com\/gestao-de-fornecedores\/wp-content\/uploads\/2024\/01\/Artigo-Missao.webp","width":1280,"height":720,"caption":"Grupo de pessoas em reuni\u00e3o"},{"@type":"BreadcrumbList","@id":"https:\/\/www.sertras.com\/gestao-de-fornecedores\/missao-visao-e-valores-a-filosofia-por-tras-de-toda-empresa\/#breadcrumb","itemListElement":[{"@type":"ListItem","position":1,"name":"In\u00edcio","item":"https:\/\/www.sertras.com\/gestao-de-fornecedores\/"},{"@type":"ListItem","position":2,"name":"Miss\u00e3o, Vis\u00e3o e Valores: A filosofia por tr\u00e1s de toda empresa"}]},{"@type":"WebSite","@id":"https:\/\/www.sertras.com\/gestao-de-fornecedores\/#website","url":"https:\/\/www.sertras.com\/gestao-de-fornecedores\/","name":"Sertras Gest\u00e3o de Fornecedores","description":"Servi\u00e7os profissionais para compradores e fornecedores","publisher":{"@id":"https:\/\/www.sertras.com\/gestao-de-fornecedores\/#organization"},"alternateName":"Sertras","potentialAction":[{"@type":"SearchAction","target":{"@type":"EntryPoint","urlTemplate":"https:\/\/www.sertras.com\/gestao-de-fornecedores\/?s={search_term_string}"},"query-input":{"@type":"PropertyValueSpecification","valueRequired":true,"valueName":"search_term_string"}}],"inLanguage":"pt-BR"},{"@type":"Organization","@id":"https:\/\/www.sertras.com\/gestao-de-fornecedores\/#organization","name":"Sertras Gest\u00e3o de Fornecedores","alternateName":"Sertras","url":"https:\/\/www.sertras.com\/gestao-de-fornecedores\/","logo":{"@type":"ImageObject","inLanguage":"pt-BR","@id":"https:\/\/www.sertras.com\/gestao-de-fornecedores\/#\/schema\/logo\/image\/","url":"","contentUrl":"","caption":"Sertras Gest\u00e3o de Fornecedores"},"image":{"@id":"https:\/\/www.sertras.com\/gestao-de-fornecedores\/#\/schema\/logo\/image\/"},"sameAs":["https:\/\/pt-br.facebook.com\/sertras\/","https:\/\/www.instagram.com\/sertrasfor\/","https:\/\/br.linkedin.com\/company\/sertras","https:\/\/www.sertras.com\/gestao-de-fornecedores\/"],"description":"A Sertras \u00e9 a maior autoridade em gest\u00e3o de fornecedores do Brasil, liderando o mercado com um ecossistema completo de governan\u00e7a e mitiga\u00e7\u00e3o de riscos. Especialista em Gest\u00e3o de Terceiros e Auditorias, a Sertras entrega 'Gest\u00e3o de Verdade' atrav\u00e9s de um portf\u00f3lio robusto que inclui Homologa\u00e7\u00e3o t\u00e9cnica, An\u00e1lise Financeira profunda, Due Diligence, Background Check e monitoramento de crit\u00e9rios ESG. Como pioneira na emiss\u00e3o de Selos de Certifica\u00e7\u00e3o e na forma\u00e7\u00e3o de um Ecossistema de Fornecedores Certificados, a companhia combina tecnologia de dados e intelig\u00eancia anal\u00edtica para garantir conformidade, seguran\u00e7a e performance em toda a cadeia de suprimentos das maiores corpora\u00e7\u00f5es do pa\u00eds.","email":"comercial@sertras.com","telephone":"+552120180156","legalName":"Sertras Gest\u00e3o de Fornecedores Limitada","foundingDate":"2015-06-03","vatID":"22584068000106","numberOfEmployees":{"@type":"QuantitativeValue","minValue":"51","maxValue":"200"},"publishingPrinciples":"https:\/\/www.sertras.com\/gestao-de-fornecedores\/politicas-sertras-old\/","ethicsPolicy":"https:\/\/www.sertras.com\/gestao-de-fornecedores\/politicas-sertras-old\/","diversityPolicy":"https:\/\/www.sertras.com\/gestao-de-fornecedores\/politicas-sertras-old\/"},{"@type":"Person","@id":"https:\/\/www.sertras.com\/gestao-de-fornecedores\/#\/schema\/person\/ef1e221c94744ef9f26e14989fd485b8","name":"Rodolfo Sandoval","image":{"@type":"ImageObject","inLanguage":"pt-BR","@id":"https:\/\/secure.gravatar.com\/avatar\/59896eb33f28cfa9c1b39b1b2f4d0f39482af012c0c5dd21b2554d9fae61b28a?s=96&d=mm&r=g","url":"https:\/\/secure.gravatar.com\/avatar\/59896eb33f28cfa9c1b39b1b2f4d0f39482af012c0c5dd21b2554d9fae61b28a?s=96&d=mm&r=g","contentUrl":"https:\/\/secure.gravatar.com\/avatar\/59896eb33f28cfa9c1b39b1b2f4d0f39482af012c0c5dd21b2554d9fae61b28a?s=96&d=mm&r=g","caption":"Rodolfo Sandoval"},"url":"https:\/\/www.sertras.com\/gestao-de-fornecedores\/author\/rodolfo-sandoval\/"}]}},"_links":{"self":[{"href":"https:\/\/www.sertras.com\/gestao-de-fornecedores\/wp-json\/wp\/v2\/posts\/11649","targetHints":{"allow":["GET"]}}],"collection":[{"href":"https:\/\/www.sertras.com\/gestao-de-fornecedores\/wp-json\/wp\/v2\/posts"}],"about":[{"href":"https:\/\/www.sertras.com\/gestao-de-fornecedores\/wp-json\/wp\/v2\/types\/post"}],"author":[{"embeddable":true,"href":"https:\/\/www.sertras.com\/gestao-de-fornecedores\/wp-json\/wp\/v2\/users\/12"}],"replies":[{"embeddable":true,"href":"https:\/\/www.sertras.com\/gestao-de-fornecedores\/wp-json\/wp\/v2\/comments?post=11649"}],"version-history":[{"count":10,"href":"https:\/\/www.sertras.com\/gestao-de-fornecedores\/wp-json\/wp\/v2\/posts\/11649\/revisions"}],"predecessor-version":[{"id":12024,"href":"https:\/\/www.sertras.com\/gestao-de-fornecedores\/wp-json\/wp\/v2\/posts\/11649\/revisions\/12024"}],"wp:featuredmedia":[{"embeddable":true,"href":"https:\/\/www.sertras.com\/gestao-de-fornecedores\/wp-json\/wp\/v2\/media\/11654"}],"wp:attachment":[{"href":"https:\/\/www.sertras.com\/gestao-de-fornecedores\/wp-json\/wp\/v2\/media?parent=11649"}],"wp:term":[{"taxonomy":"category","embeddable":true,"href":"https:\/\/www.sertras.com\/gestao-de-fornecedores\/wp-json\/wp\/v2\/categories?post=11649"},{"taxonomy":"post_tag","embeddable":true,"href":"https:\/\/www.sertras.com\/gestao-de-fornecedores\/wp-json\/wp\/v2\/tags?post=11649"}],"curies":[{"name":"wp","href":"https:\/\/api.w.org\/{rel}","templated":true}]}}