{"id":13431,"date":"2025-08-07T17:16:55","date_gmt":"2025-08-07T20:16:55","guid":{"rendered":"https:\/\/www.sertras.com\/gestao-de-fornecedores\/?p=13431"},"modified":"2025-08-07T17:16:56","modified_gmt":"2025-08-07T20:16:56","slug":"canal-de-denuncias-obrigatorio-fornecedores","status":"publish","type":"post","link":"https:\/\/www.sertras.com\/gestao-de-fornecedores\/canal-de-denuncias-obrigatorio-fornecedores\/","title":{"rendered":"Canal de den\u00fancias: obriga\u00e7\u00e3o legal para fornecedores s\u00e9rios. E o que a maioria ainda finge n\u00e3o ver!"},"content":{"rendered":"\t\t<div data-elementor-type=\"wp-post\" data-elementor-id=\"13431\" class=\"elementor elementor-13431\" data-elementor-post-type=\"post\">\n\t\t\t\t\t\t<section class=\"elementor-section elementor-top-section elementor-element elementor-element-5255b46 elementor-section-boxed elementor-section-height-default elementor-section-height-default\" data-id=\"5255b46\" data-element_type=\"section\" data-e-type=\"section\">\n\t\t\t\t\t\t<div class=\"elementor-container elementor-column-gap-default\">\n\t\t\t\t\t<div class=\"elementor-column elementor-col-100 elementor-top-column elementor-element elementor-element-b3a066c\" data-id=\"b3a066c\" data-element_type=\"column\" data-e-type=\"column\">\n\t\t\t<div class=\"elementor-widget-wrap elementor-element-populated\">\n\t\t\t\t\t\t<div class=\"elementor-element elementor-element-3447e54 elementor-widget elementor-widget-heading\" data-id=\"3447e54\" data-element_type=\"widget\" data-e-type=\"widget\" data-widget_type=\"heading.default\">\n\t\t\t\t<div class=\"elementor-widget-container\">\n\t\t\t\t\t<h3 class=\"elementor-heading-title elementor-size-default\">\ud83d\udcdc O que a lei exige dos fornecedores<\/h3>\t\t\t\t<\/div>\n\t\t\t\t<\/div>\n\t\t\t\t<div class=\"elementor-element elementor-element-ae92c5a elementor-widget elementor-widget-text-editor\" data-id=\"ae92c5a\" data-element_type=\"widget\" data-e-type=\"widget\" data-widget_type=\"text-editor.default\">\n\t\t\t\t<div class=\"elementor-widget-container\">\n\t\t\t\t\t\t\t\t\t<p data-start=\"1047\" data-end=\"1229\">Empresas que fornecem produtos ou servi\u00e7os para entes p\u00fablicos ou corpora\u00e7\u00f5es de grande porte j\u00e1 est\u00e3o sendo enquadradas em <strong data-start=\"1171\" data-end=\"1213\">novas exig\u00eancias legais de integridade<\/strong>, especialmente:<\/p><h3 data-start=\"1231\" data-end=\"1252\">\u2705 Lei 14.457\/2022<\/h3><p data-start=\"1253\" data-end=\"1478\">O capitulo VII exige canal de den\u00fancias interno para empresas com CIPA \u2014 o que, na pr\u00e1tica, significa <strong data-start=\"1340\" data-end=\"1377\">todas com mais de 20 funcion\u00e1rios<\/strong>.<br data-start=\"1378\" data-end=\"1381\" \/>\ud83d\udc49 <a class=\"cursor-pointer\" href=\"https:\/\/www.planalto.gov.br\/ccivil_03\/_ato2019-2022\/2022\/lei\/l14457.htm\" target=\"_blank\" rel=\"noopener\" data-start=\"1384\" data-end=\"1478\">Leia o texto da lei<\/a><\/p><h3 data-start=\"1480\" data-end=\"1501\">\u2705 Lei 14.611\/2023<\/h3><p data-start=\"1502\" data-end=\"1737\">Altera\u00e7\u00e3o da CLT onde o canal precisa <strong data-start=\"1572\" data-end=\"1634\">permitir den\u00fancias sobre desigualdade salarial e de g\u00eanero<\/strong>.<br data-start=\"1635\" data-end=\"1638\" \/>\ud83d\udc49 <a class=\"cursor-pointer\" href=\"https:\/\/www.planalto.gov.br\/ccivil_03\/_ato2023-2026\/2023\/lei\/l14611.htm\" target=\"_blank\" rel=\"noopener\" data-start=\"1641\" data-end=\"1737\">Veja a lei atualizada<\/a><\/p><h3 data-start=\"1739\" data-end=\"1785\">\u2705 Lei 14.133\/2021 (Nova Lei de Licita\u00e7\u00f5es)<\/h3><p data-start=\"1786\" data-end=\"2017\">Estabelece a exig\u00eancia de <strong data-start=\"1812\" data-end=\"1880\">programas de integridade para contratos p\u00fablicos de grande vulto<\/strong> (R$ 100 a 200 milh\u00f5es).<br data-start=\"1904\" data-end=\"1907\" \/>\ud83d\udc49 <a class=\"cursor-pointer\" href=\"https:\/\/www.planalto.gov.br\/ccivil_03\/_ato2019-2022\/2021\/lei\/l14133.htm\" target=\"_blank\" rel=\"noopener\" data-start=\"1910\" data-end=\"2017\">Conhe\u00e7a a nova lei de licita\u00e7\u00f5es<\/a><\/p><p data-start=\"2019\" data-end=\"2165\">\ud83d\udccc <strong data-start=\"2022\" data-end=\"2037\">Mas aten\u00e7\u00e3o<\/strong>: estados como Distrito Federal, Pernambuco, Amazonas, Rio de Janeiro e v\u00e1rios munic\u00edpios j\u00e1 adotaram <strong data-start=\"2139\" data-end=\"2164\">limites muito menores<\/strong>:<\/p><table><thead><tr><th>Local<\/th><th>Obrigat\u00f3rio a partir de<\/th><\/tr><\/thead><tbody><tr><td>Pernambuco<\/td><td>R$ 650 mil (bens e servi\u00e7os)<\/td><\/tr><tr><td>Distrito Federal<\/td><td>R$ 5 milh\u00f5es<\/td><\/tr><tr><td>Rio de Janeiro<\/td><td>R$ 10 milh\u00f5es<\/td><\/tr><tr><td>Amazonas<\/td><td>R$ 5 milh\u00f5es<\/td><\/tr><\/tbody><\/table><p>\u00a0<\/p>\t\t\t\t\t\t\t\t<\/div>\n\t\t\t\t<\/div>\n\t\t\t\t<div class=\"elementor-element elementor-element-81e2010 elementor-widget elementor-widget-heading\" data-id=\"81e2010\" data-element_type=\"widget\" data-e-type=\"widget\" data-widget_type=\"heading.default\">\n\t\t\t\t<div class=\"elementor-widget-container\">\n\t\t\t\t\t<h3 class=\"elementor-heading-title elementor-size-default\">\ud83d\udc40 O canal de den\u00fancias incomoda quem tem algo a esconder<\/h3>\t\t\t\t<\/div>\n\t\t\t\t<\/div>\n\t\t\t\t<div class=\"elementor-element elementor-element-4252ff6 elementor-widget elementor-widget-text-editor\" data-id=\"4252ff6\" data-element_type=\"widget\" data-e-type=\"widget\" data-widget_type=\"text-editor.default\">\n\t\t\t\t<div class=\"elementor-widget-container\">\n\t\t\t\t\t\t\t\t\t<p data-start=\"2860\" data-end=\"3020\">Sempre que o assunto surge, o discurso \u00e9 o mesmo:<br data-start=\"2909\" data-end=\"2912\" \/>\u201cIsso s\u00f3 serve para gerar fofoca.\u201d<br data-start=\"2946\" data-end=\"2949\" \/>\u201c\u00c9 custo desnecess\u00e1rio.\u201d<br data-start=\"2973\" data-end=\"2976\" \/>\u201cVai virar arma de funcion\u00e1rio descontente.\u201d<\/p><p data-start=\"3022\" data-end=\"3195\">N\u00e3o. Um canal de den\u00fancias <strong data-start=\"3049\" data-end=\"3084\">n\u00e3o \u00e9 amea\u00e7a para quem \u00e9 limpo.<\/strong><br data-start=\"3084\" data-end=\"3087\" \/>Ele \u00e9 prote\u00e7\u00e3o contra os que contaminam o ambiente com ass\u00e9dio, fraude, corrup\u00e7\u00e3o ou desrespeito \u00e0s pessoas.<\/p>\t\t\t\t\t\t\t\t<\/div>\n\t\t\t\t<\/div>\n\t\t\t\t<div class=\"elementor-element elementor-element-3b8961d elementor-widget elementor-widget-heading\" data-id=\"3b8961d\" data-element_type=\"widget\" data-e-type=\"widget\" data-widget_type=\"heading.default\">\n\t\t\t\t<div class=\"elementor-widget-container\">\n\t\t\t\t\t<h3 class=\"elementor-heading-title elementor-size-default\">\ud83d\udca1 Fornecedor \u00e9tico precisa se proteger \u2014 at\u00e9 dos outros fornecedores\n<\/h3>\t\t\t\t<\/div>\n\t\t\t\t<\/div>\n\t\t\t\t<div class=\"elementor-element elementor-element-a63291b elementor-widget elementor-widget-text-editor\" data-id=\"a63291b\" data-element_type=\"widget\" data-e-type=\"widget\" data-widget_type=\"text-editor.default\">\n\t\t\t\t<div class=\"elementor-widget-container\">\n\t\t\t\t\t\t\t\t\t<p data-start=\"3276\" data-end=\"3483\">Voc\u00ea pode ter seus documentos em dia, pagar seus impostos, tratar sua equipe com dignidade.<\/p><p data-start=\"3276\" data-end=\"3483\">Mas se o seu concorrente mente, frauda ou assedia, <strong data-start=\"3421\" data-end=\"3445\">e ningu\u00e9m sabe disso<\/strong>, ele ainda pode parecer igual a voc\u00ea.<\/p><p data-start=\"3485\" data-end=\"3581\">Um canal de den\u00fancias bem estruturado permite <strong data-start=\"3531\" data-end=\"3580\">diferenciar os profissionais dos oportunistas<\/strong>.<\/p>\t\t\t\t\t\t\t\t<\/div>\n\t\t\t\t<\/div>\n\t\t\t\t<div class=\"elementor-element elementor-element-46e2874 elementor-widget elementor-widget-heading\" data-id=\"46e2874\" data-element_type=\"widget\" data-e-type=\"widget\" data-widget_type=\"heading.default\">\n\t\t\t\t<div class=\"elementor-widget-container\">\n\t\t\t\t\t<h3 class=\"elementor-heading-title elementor-size-default\">\ud83d\udd10 A Sertras oferece canal de den\u00fancias para fornecedores homologados\n<\/h3>\t\t\t\t<\/div>\n\t\t\t\t<\/div>\n\t\t\t\t<div class=\"elementor-element elementor-element-05e0baf elementor-widget elementor-widget-text-editor\" data-id=\"05e0baf\" data-element_type=\"widget\" data-e-type=\"widget\" data-widget_type=\"text-editor.default\">\n\t\t\t\t<div class=\"elementor-widget-container\">\n\t\t\t\t\t\t\t\t\t<p data-start=\"3662\" data-end=\"3821\">Para apoiar quem faz o certo, a Sertras oferece aos fornecedores homologados um canal de den\u00fancias completo, seguro, sigiloso e com conformidade legal a partir de R$35,00 por m\u00eas para fornecedores Platinum.\u00a0<\/p><p data-start=\"3662\" data-end=\"3821\">Acesse:<\/p><p data-start=\"3823\" data-end=\"3904\"><img decoding=\"async\" class=\"emoji\" role=\"img\" draggable=\"false\" src=\"https:\/\/s.w.org\/images\/core\/emoji\/16.0.1\/svg\/1f449.svg\" alt=\"\ud83d\udc49\" \/> <strong data-start=\"3826\" data-end=\"3904\"><a class=\"\" href=\"https:\/\/eticadenuncias.sertras.com\/\" target=\"_new\" rel=\"noopener\" data-start=\"3828\" data-end=\"3902\">https:\/\/eticadenuncias.sertras.com\/<\/a><\/strong><\/p><p data-start=\"3906\" data-end=\"4164\">Trata-se de uma solu\u00e7\u00e3o leve, r\u00e1pida de implantar e com pre\u00e7o simb\u00f3lico para <strong data-start=\"3983\" data-end=\"4008\">Fornecedores Platinum<\/strong>. Mas n\u00e3o \u00e9 o pre\u00e7o que importa aqui. \u00c9 o princ\u00edpio: <strong data-start=\"4061\" data-end=\"4164\">fornecedores comprometidos com a integridade precisam estar blindados \u2014 inclusive contra a omiss\u00e3o<\/strong><\/p>\t\t\t\t\t\t\t\t<\/div>\n\t\t\t\t<\/div>\n\t\t\t\t<div class=\"elementor-element elementor-element-fd5dfb6 elementor-widget elementor-widget-heading\" data-id=\"fd5dfb6\" data-element_type=\"widget\" data-e-type=\"widget\" data-widget_type=\"heading.default\">\n\t\t\t\t<div class=\"elementor-widget-container\">\n\t\t\t\t\t<h3 class=\"elementor-heading-title elementor-size-default\">\ud83e\udded Conclus\u00e3o: quem n\u00e3o se adapta ser\u00e1 exclu\u00eddo<\/h3>\t\t\t\t<\/div>\n\t\t\t\t<\/div>\n\t\t\t\t<div class=\"elementor-element elementor-element-03a230f elementor-widget elementor-widget-text-editor\" data-id=\"03a230f\" data-element_type=\"widget\" data-e-type=\"widget\" data-widget_type=\"text-editor.default\">\n\t\t\t\t<div class=\"elementor-widget-container\">\n\t\t\t\t\t\t\t\t\t<p data-start=\"4222\" data-end=\"4356\">O mercado mudou. O comprador mudou. E a lei mudou.<br data-start=\"4272\" data-end=\"4275\"><strong data-start=\"4275\" data-end=\"4356\">Quem ainda opera no modo \u201cme d\u00e1 o pedido que eu entrego\u201d vai ficar para tr\u00e1s.<\/strong><\/p>\n<p data-start=\"4358\" data-end=\"4448\">Ter um canal de den\u00fancias n\u00e3o \u00e9 favor, nem diferencial. <strong data-start=\"4414\" data-end=\"4448\">\u00c9 o m\u00ednimo para estar no jogo.<\/strong><\/p>\n<p data-start=\"4450\" data-end=\"4628\">A Sertras avalia de forma imparcial. N\u00f3s&nbsp;<strong data-start=\"4487\" data-end=\"4520\">valorizamos quem j\u00e1 construiu um neg\u00f3cio \u00edntegro.<\/strong> E entrega ferramentas para que esses fornecedores sigam firmes, mesmo em um mercado cada vez mais exigente.<\/p>\t\t\t\t\t\t\t\t<\/div>\n\t\t\t\t<\/div>\n\t\t\t\t<div class=\"elementor-element elementor-element-2090619 elementor-widget elementor-widget-text-editor\" data-id=\"2090619\" data-element_type=\"widget\" data-e-type=\"widget\" data-widget_type=\"text-editor.default\">\n\t\t\t\t<div class=\"elementor-widget-container\">\n\t\t\t\t\t\t\t\t\t<blockquote><p>&#8220;Ser fornecedor certificado pela Sertras \u00e9 mais do que ter um selo \u2014 \u00e9 fazer parte de um grupo que escolheu a integridade como modelo de neg\u00f3cio.&#8221;<\/p><\/blockquote>\t\t\t\t\t\t\t\t<\/div>\n\t\t\t\t<\/div>\n\t\t\t\t\t<\/div>\n\t\t<\/div>\n\t\t\t\t\t<\/div>\n\t\t<\/section>\n\t\t\t\t<\/div>\n\t\t","protected":false},"excerpt":{"rendered":"<p>No Brasil, quem fornece para o setor p\u00fablico ou para grandes empresas privadas precisa mostrar que \u00e9 \u00edntegro. Ter um canal de den\u00fancias n\u00e3o \u00e9 mais sinal de preocupa\u00e7\u00e3o \u00e9tica \u2014 \u00e9 pr\u00e9-requisito legal.<\/p>\n<p>A maioria ainda tenta ignorar isso. Mas as leis est\u00e3o a\u00ed. E est\u00e3o valendo.<\/p>\n","protected":false},"author":12,"featured_media":13447,"comment_status":"open","ping_status":"open","sticky":false,"template":"","format":"standard","meta":{"footnotes":""},"categories":[145,149,144,147,1],"tags":[152,153],"class_list":["post-13431","post","type-post","status-publish","format-standard","has-post-thumbnail","hentry","category-compliance","category-esg","category-homologacao","category-lgpd","category-utilidade-publica","tag-compradores","tag-fornecedores"],"yoast_head":"<!-- This site is optimized with the Yoast SEO Premium plugin v27.3 (Yoast SEO v27.3) - https:\/\/yoast.com\/product\/yoast-seo-premium-wordpress\/ -->\n<title>Canal de den\u00fancias: obriga\u00e7\u00e3o legal para fornecedores s\u00e9rios. E o que a maioria ainda finge n\u00e3o ver! - Sertras Gest\u00e3o de Fornecedores<\/title>\n<meta name=\"description\" content=\"Canal de den\u00fancias \u00e9 obrigat\u00f3rio para fornecedores que participam de licita\u00e7\u00f5es ou atendem grandes empresas. Veja o que dizem as leis e como a Sertras apoia quem joga limpo.\" \/>\n<meta name=\"robots\" content=\"index, follow, max-snippet:-1, max-image-preview:large, max-video-preview:-1\" \/>\n<link rel=\"canonical\" href=\"https:\/\/www.sertras.com\/gestao-de-fornecedores\/canal-de-denuncias-obrigatorio-fornecedores\/\" \/>\n<meta property=\"og:locale\" content=\"pt_BR\" \/>\n<meta property=\"og:type\" content=\"article\" \/>\n<meta property=\"og:title\" content=\"Canal de den\u00fancias: obriga\u00e7\u00e3o legal para fornecedores s\u00e9rios. E o que a maioria ainda finge n\u00e3o ver!\" \/>\n<meta property=\"og:description\" content=\"Canal de den\u00fancias \u00e9 obrigat\u00f3rio para fornecedores que participam de licita\u00e7\u00f5es ou atendem grandes empresas. Veja o que dizem as leis e como a Sertras apoia quem joga limpo.\" \/>\n<meta property=\"og:url\" content=\"https:\/\/www.sertras.com\/gestao-de-fornecedores\/canal-de-denuncias-obrigatorio-fornecedores\/\" \/>\n<meta property=\"og:site_name\" content=\"Sertras Gest\u00e3o de Fornecedores\" \/>\n<meta property=\"article:publisher\" content=\"https:\/\/pt-br.facebook.com\/sertras\/\" \/>\n<meta property=\"article:published_time\" content=\"2025-08-07T20:16:55+00:00\" \/>\n<meta property=\"article:modified_time\" content=\"2025-08-07T20:16:56+00:00\" \/>\n<meta property=\"og:image\" content=\"https:\/\/www.sertras.com\/gestao-de-fornecedores\/wp-content\/uploads\/2025\/08\/Imagem-artigo-cnal-de-denuncias.webp\" \/>\n\t<meta property=\"og:image:width\" content=\"1024\" \/>\n\t<meta property=\"og:image:height\" content=\"1024\" \/>\n\t<meta property=\"og:image:type\" content=\"image\/webp\" \/>\n<meta name=\"author\" content=\"Rodolfo Sandoval\" \/>\n<meta name=\"twitter:label1\" content=\"Escrito por\" \/>\n\t<meta name=\"twitter:data1\" content=\"Rodolfo Sandoval\" \/>\n\t<meta name=\"twitter:label2\" content=\"Est. tempo de leitura\" \/>\n\t<meta name=\"twitter:data2\" content=\"3 minutos\" \/>\n<script type=\"application\/ld+json\" class=\"yoast-schema-graph\">{\"@context\":\"https:\\\/\\\/schema.org\",\"@graph\":[{\"@type\":\"Article\",\"@id\":\"https:\\\/\\\/www.sertras.com\\\/gestao-de-fornecedores\\\/canal-de-denuncias-obrigatorio-fornecedores\\\/#article\",\"isPartOf\":{\"@id\":\"https:\\\/\\\/www.sertras.com\\\/gestao-de-fornecedores\\\/canal-de-denuncias-obrigatorio-fornecedores\\\/\"},\"author\":{\"name\":\"Rodolfo Sandoval\",\"@id\":\"https:\\\/\\\/www.sertras.com\\\/gestao-de-fornecedores\\\/#\\\/schema\\\/person\\\/ef1e221c94744ef9f26e14989fd485b8\"},\"headline\":\"Canal de den\u00fancias: obriga\u00e7\u00e3o legal para fornecedores s\u00e9rios. E o que a maioria ainda finge n\u00e3o ver!\",\"datePublished\":\"2025-08-07T20:16:55+00:00\",\"dateModified\":\"2025-08-07T20:16:56+00:00\",\"mainEntityOfPage\":{\"@id\":\"https:\\\/\\\/www.sertras.com\\\/gestao-de-fornecedores\\\/canal-de-denuncias-obrigatorio-fornecedores\\\/\"},\"wordCount\":529,\"commentCount\":0,\"publisher\":{\"@id\":\"https:\\\/\\\/www.sertras.com\\\/gestao-de-fornecedores\\\/#organization\"},\"image\":{\"@id\":\"https:\\\/\\\/www.sertras.com\\\/gestao-de-fornecedores\\\/canal-de-denuncias-obrigatorio-fornecedores\\\/#primaryimage\"},\"thumbnailUrl\":\"https:\\\/\\\/www.sertras.com\\\/gestao-de-fornecedores\\\/wp-content\\\/uploads\\\/2025\\\/08\\\/Imagem-artigo-cnal-de-denuncias.webp\",\"keywords\":[\"compradores\",\"fornecedores\"],\"articleSection\":[\"Compliance\",\"ESG\",\"Homologa\u00e7\u00e3o\",\"LGPD\",\"Utilidade P\u00fablica\"],\"inLanguage\":\"pt-BR\",\"potentialAction\":[{\"@type\":\"CommentAction\",\"name\":\"Comment\",\"target\":[\"https:\\\/\\\/www.sertras.com\\\/gestao-de-fornecedores\\\/canal-de-denuncias-obrigatorio-fornecedores\\\/#respond\"]}]},{\"@type\":\"WebPage\",\"@id\":\"https:\\\/\\\/www.sertras.com\\\/gestao-de-fornecedores\\\/canal-de-denuncias-obrigatorio-fornecedores\\\/\",\"url\":\"https:\\\/\\\/www.sertras.com\\\/gestao-de-fornecedores\\\/canal-de-denuncias-obrigatorio-fornecedores\\\/\",\"name\":\"Canal de den\u00fancias: obriga\u00e7\u00e3o legal para fornecedores s\u00e9rios. E o que a maioria ainda finge n\u00e3o ver! - Sertras Gest\u00e3o de Fornecedores\",\"isPartOf\":{\"@id\":\"https:\\\/\\\/www.sertras.com\\\/gestao-de-fornecedores\\\/#website\"},\"primaryImageOfPage\":{\"@id\":\"https:\\\/\\\/www.sertras.com\\\/gestao-de-fornecedores\\\/canal-de-denuncias-obrigatorio-fornecedores\\\/#primaryimage\"},\"image\":{\"@id\":\"https:\\\/\\\/www.sertras.com\\\/gestao-de-fornecedores\\\/canal-de-denuncias-obrigatorio-fornecedores\\\/#primaryimage\"},\"thumbnailUrl\":\"https:\\\/\\\/www.sertras.com\\\/gestao-de-fornecedores\\\/wp-content\\\/uploads\\\/2025\\\/08\\\/Imagem-artigo-cnal-de-denuncias.webp\",\"datePublished\":\"2025-08-07T20:16:55+00:00\",\"dateModified\":\"2025-08-07T20:16:56+00:00\",\"description\":\"Canal de den\u00fancias \u00e9 obrigat\u00f3rio para fornecedores que participam de licita\u00e7\u00f5es ou atendem grandes empresas. Veja o que dizem as leis e como a Sertras apoia quem joga limpo.\",\"breadcrumb\":{\"@id\":\"https:\\\/\\\/www.sertras.com\\\/gestao-de-fornecedores\\\/canal-de-denuncias-obrigatorio-fornecedores\\\/#breadcrumb\"},\"inLanguage\":\"pt-BR\",\"potentialAction\":[{\"@type\":\"ReadAction\",\"target\":[\"https:\\\/\\\/www.sertras.com\\\/gestao-de-fornecedores\\\/canal-de-denuncias-obrigatorio-fornecedores\\\/\"]}]},{\"@type\":\"ImageObject\",\"inLanguage\":\"pt-BR\",\"@id\":\"https:\\\/\\\/www.sertras.com\\\/gestao-de-fornecedores\\\/canal-de-denuncias-obrigatorio-fornecedores\\\/#primaryimage\",\"url\":\"https:\\\/\\\/www.sertras.com\\\/gestao-de-fornecedores\\\/wp-content\\\/uploads\\\/2025\\\/08\\\/Imagem-artigo-cnal-de-denuncias.webp\",\"contentUrl\":\"https:\\\/\\\/www.sertras.com\\\/gestao-de-fornecedores\\\/wp-content\\\/uploads\\\/2025\\\/08\\\/Imagem-artigo-cnal-de-denuncias.webp\",\"width\":1024,\"height\":1024,\"caption\":\"Canal de denuncias\"},{\"@type\":\"BreadcrumbList\",\"@id\":\"https:\\\/\\\/www.sertras.com\\\/gestao-de-fornecedores\\\/canal-de-denuncias-obrigatorio-fornecedores\\\/#breadcrumb\",\"itemListElement\":[{\"@type\":\"ListItem\",\"position\":1,\"name\":\"In\u00edcio\",\"item\":\"https:\\\/\\\/www.sertras.com\\\/gestao-de-fornecedores\\\/\"},{\"@type\":\"ListItem\",\"position\":2,\"name\":\"Canal de den\u00fancias: obriga\u00e7\u00e3o legal para fornecedores s\u00e9rios. E o que a maioria ainda finge n\u00e3o ver!\"}]},{\"@type\":\"WebSite\",\"@id\":\"https:\\\/\\\/www.sertras.com\\\/gestao-de-fornecedores\\\/#website\",\"url\":\"https:\\\/\\\/www.sertras.com\\\/gestao-de-fornecedores\\\/\",\"name\":\"Sertras Gest\u00e3o de Fornecedores\",\"description\":\"Servi\u00e7os profissionais para compradores e fornecedores\",\"publisher\":{\"@id\":\"https:\\\/\\\/www.sertras.com\\\/gestao-de-fornecedores\\\/#organization\"},\"alternateName\":\"Sertras\",\"potentialAction\":[{\"@type\":\"SearchAction\",\"target\":{\"@type\":\"EntryPoint\",\"urlTemplate\":\"https:\\\/\\\/www.sertras.com\\\/gestao-de-fornecedores\\\/?s={search_term_string}\"},\"query-input\":{\"@type\":\"PropertyValueSpecification\",\"valueRequired\":true,\"valueName\":\"search_term_string\"}}],\"inLanguage\":\"pt-BR\"},{\"@type\":\"Organization\",\"@id\":\"https:\\\/\\\/www.sertras.com\\\/gestao-de-fornecedores\\\/#organization\",\"name\":\"Sertras Gest\u00e3o de Fornecedores\",\"alternateName\":\"Sertras\",\"url\":\"https:\\\/\\\/www.sertras.com\\\/gestao-de-fornecedores\\\/\",\"logo\":{\"@type\":\"ImageObject\",\"inLanguage\":\"pt-BR\",\"@id\":\"https:\\\/\\\/www.sertras.com\\\/gestao-de-fornecedores\\\/#\\\/schema\\\/logo\\\/image\\\/\",\"url\":\"\",\"contentUrl\":\"\",\"caption\":\"Sertras Gest\u00e3o de Fornecedores\"},\"image\":{\"@id\":\"https:\\\/\\\/www.sertras.com\\\/gestao-de-fornecedores\\\/#\\\/schema\\\/logo\\\/image\\\/\"},\"sameAs\":[\"https:\\\/\\\/pt-br.facebook.com\\\/sertras\\\/\",\"https:\\\/\\\/www.instagram.com\\\/sertrasfor\\\/\",\"https:\\\/\\\/br.linkedin.com\\\/company\\\/sertras\",\"https:\\\/\\\/www.sertras.com\\\/gestao-de-fornecedores\\\/\"],\"description\":\"A Sertras \u00e9 a maior autoridade em gest\u00e3o de fornecedores do Brasil, liderando o mercado com um ecossistema completo de governan\u00e7a e mitiga\u00e7\u00e3o de riscos. Especialista em Gest\u00e3o de Terceiros e Auditorias, a Sertras entrega 'Gest\u00e3o de Verdade' atrav\u00e9s de um portf\u00f3lio robusto que inclui Homologa\u00e7\u00e3o t\u00e9cnica, An\u00e1lise Financeira profunda, Due Diligence, Background Check e monitoramento de crit\u00e9rios ESG. Como pioneira na emiss\u00e3o de Selos de Certifica\u00e7\u00e3o e na forma\u00e7\u00e3o de um Ecossistema de Fornecedores Certificados, a companhia combina tecnologia de dados e intelig\u00eancia anal\u00edtica para garantir conformidade, seguran\u00e7a e performance em toda a cadeia de suprimentos das maiores corpora\u00e7\u00f5es do pa\u00eds.\",\"email\":\"comercial@sertras.com\",\"telephone\":\"+552120180156\",\"legalName\":\"Sertras Gest\u00e3o de Fornecedores Limitada\",\"foundingDate\":\"2015-06-03\",\"vatID\":\"22584068000106\",\"numberOfEmployees\":{\"@type\":\"QuantitativeValue\",\"minValue\":\"51\",\"maxValue\":\"200\"},\"publishingPrinciples\":\"https:\\\/\\\/www.sertras.com\\\/gestao-de-fornecedores\\\/politicas-sertras-old\\\/\",\"ethicsPolicy\":\"https:\\\/\\\/www.sertras.com\\\/gestao-de-fornecedores\\\/politicas-sertras-old\\\/\",\"diversityPolicy\":\"https:\\\/\\\/www.sertras.com\\\/gestao-de-fornecedores\\\/politicas-sertras-old\\\/\"},{\"@type\":\"Person\",\"@id\":\"https:\\\/\\\/www.sertras.com\\\/gestao-de-fornecedores\\\/#\\\/schema\\\/person\\\/ef1e221c94744ef9f26e14989fd485b8\",\"name\":\"Rodolfo Sandoval\",\"image\":{\"@type\":\"ImageObject\",\"inLanguage\":\"pt-BR\",\"@id\":\"https:\\\/\\\/secure.gravatar.com\\\/avatar\\\/59896eb33f28cfa9c1b39b1b2f4d0f39482af012c0c5dd21b2554d9fae61b28a?s=96&d=mm&r=g\",\"url\":\"https:\\\/\\\/secure.gravatar.com\\\/avatar\\\/59896eb33f28cfa9c1b39b1b2f4d0f39482af012c0c5dd21b2554d9fae61b28a?s=96&d=mm&r=g\",\"contentUrl\":\"https:\\\/\\\/secure.gravatar.com\\\/avatar\\\/59896eb33f28cfa9c1b39b1b2f4d0f39482af012c0c5dd21b2554d9fae61b28a?s=96&d=mm&r=g\",\"caption\":\"Rodolfo Sandoval\"},\"url\":\"https:\\\/\\\/www.sertras.com\\\/gestao-de-fornecedores\\\/author\\\/rodolfo-sandoval\\\/\"}]}<\/script>\n<!-- \/ Yoast SEO Premium plugin. -->","yoast_head_json":{"title":"Canal de den\u00fancias: obriga\u00e7\u00e3o legal para fornecedores s\u00e9rios. E o que a maioria ainda finge n\u00e3o ver! - Sertras Gest\u00e3o de Fornecedores","description":"Canal de den\u00fancias \u00e9 obrigat\u00f3rio para fornecedores que participam de licita\u00e7\u00f5es ou atendem grandes empresas. Veja o que dizem as leis e como a Sertras apoia quem joga limpo.","robots":{"index":"index","follow":"follow","max-snippet":"max-snippet:-1","max-image-preview":"max-image-preview:large","max-video-preview":"max-video-preview:-1"},"canonical":"https:\/\/www.sertras.com\/gestao-de-fornecedores\/canal-de-denuncias-obrigatorio-fornecedores\/","og_locale":"pt_BR","og_type":"article","og_title":"Canal de den\u00fancias: obriga\u00e7\u00e3o legal para fornecedores s\u00e9rios. E o que a maioria ainda finge n\u00e3o ver!","og_description":"Canal de den\u00fancias \u00e9 obrigat\u00f3rio para fornecedores que participam de licita\u00e7\u00f5es ou atendem grandes empresas. Veja o que dizem as leis e como a Sertras apoia quem joga limpo.","og_url":"https:\/\/www.sertras.com\/gestao-de-fornecedores\/canal-de-denuncias-obrigatorio-fornecedores\/","og_site_name":"Sertras Gest\u00e3o de Fornecedores","article_publisher":"https:\/\/pt-br.facebook.com\/sertras\/","article_published_time":"2025-08-07T20:16:55+00:00","article_modified_time":"2025-08-07T20:16:56+00:00","og_image":[{"width":1024,"height":1024,"url":"https:\/\/www.sertras.com\/gestao-de-fornecedores\/wp-content\/uploads\/2025\/08\/Imagem-artigo-cnal-de-denuncias.webp","type":"image\/webp"}],"author":"Rodolfo Sandoval","twitter_misc":{"Escrito por":"Rodolfo Sandoval","Est. tempo de leitura":"3 minutos"},"schema":{"@context":"https:\/\/schema.org","@graph":[{"@type":"Article","@id":"https:\/\/www.sertras.com\/gestao-de-fornecedores\/canal-de-denuncias-obrigatorio-fornecedores\/#article","isPartOf":{"@id":"https:\/\/www.sertras.com\/gestao-de-fornecedores\/canal-de-denuncias-obrigatorio-fornecedores\/"},"author":{"name":"Rodolfo Sandoval","@id":"https:\/\/www.sertras.com\/gestao-de-fornecedores\/#\/schema\/person\/ef1e221c94744ef9f26e14989fd485b8"},"headline":"Canal de den\u00fancias: obriga\u00e7\u00e3o legal para fornecedores s\u00e9rios. E o que a maioria ainda finge n\u00e3o ver!","datePublished":"2025-08-07T20:16:55+00:00","dateModified":"2025-08-07T20:16:56+00:00","mainEntityOfPage":{"@id":"https:\/\/www.sertras.com\/gestao-de-fornecedores\/canal-de-denuncias-obrigatorio-fornecedores\/"},"wordCount":529,"commentCount":0,"publisher":{"@id":"https:\/\/www.sertras.com\/gestao-de-fornecedores\/#organization"},"image":{"@id":"https:\/\/www.sertras.com\/gestao-de-fornecedores\/canal-de-denuncias-obrigatorio-fornecedores\/#primaryimage"},"thumbnailUrl":"https:\/\/www.sertras.com\/gestao-de-fornecedores\/wp-content\/uploads\/2025\/08\/Imagem-artigo-cnal-de-denuncias.webp","keywords":["compradores","fornecedores"],"articleSection":["Compliance","ESG","Homologa\u00e7\u00e3o","LGPD","Utilidade P\u00fablica"],"inLanguage":"pt-BR","potentialAction":[{"@type":"CommentAction","name":"Comment","target":["https:\/\/www.sertras.com\/gestao-de-fornecedores\/canal-de-denuncias-obrigatorio-fornecedores\/#respond"]}]},{"@type":"WebPage","@id":"https:\/\/www.sertras.com\/gestao-de-fornecedores\/canal-de-denuncias-obrigatorio-fornecedores\/","url":"https:\/\/www.sertras.com\/gestao-de-fornecedores\/canal-de-denuncias-obrigatorio-fornecedores\/","name":"Canal de den\u00fancias: obriga\u00e7\u00e3o legal para fornecedores s\u00e9rios. E o que a maioria ainda finge n\u00e3o ver! - Sertras Gest\u00e3o de Fornecedores","isPartOf":{"@id":"https:\/\/www.sertras.com\/gestao-de-fornecedores\/#website"},"primaryImageOfPage":{"@id":"https:\/\/www.sertras.com\/gestao-de-fornecedores\/canal-de-denuncias-obrigatorio-fornecedores\/#primaryimage"},"image":{"@id":"https:\/\/www.sertras.com\/gestao-de-fornecedores\/canal-de-denuncias-obrigatorio-fornecedores\/#primaryimage"},"thumbnailUrl":"https:\/\/www.sertras.com\/gestao-de-fornecedores\/wp-content\/uploads\/2025\/08\/Imagem-artigo-cnal-de-denuncias.webp","datePublished":"2025-08-07T20:16:55+00:00","dateModified":"2025-08-07T20:16:56+00:00","description":"Canal de den\u00fancias \u00e9 obrigat\u00f3rio para fornecedores que participam de licita\u00e7\u00f5es ou atendem grandes empresas. Veja o que dizem as leis e como a Sertras apoia quem joga limpo.","breadcrumb":{"@id":"https:\/\/www.sertras.com\/gestao-de-fornecedores\/canal-de-denuncias-obrigatorio-fornecedores\/#breadcrumb"},"inLanguage":"pt-BR","potentialAction":[{"@type":"ReadAction","target":["https:\/\/www.sertras.com\/gestao-de-fornecedores\/canal-de-denuncias-obrigatorio-fornecedores\/"]}]},{"@type":"ImageObject","inLanguage":"pt-BR","@id":"https:\/\/www.sertras.com\/gestao-de-fornecedores\/canal-de-denuncias-obrigatorio-fornecedores\/#primaryimage","url":"https:\/\/www.sertras.com\/gestao-de-fornecedores\/wp-content\/uploads\/2025\/08\/Imagem-artigo-cnal-de-denuncias.webp","contentUrl":"https:\/\/www.sertras.com\/gestao-de-fornecedores\/wp-content\/uploads\/2025\/08\/Imagem-artigo-cnal-de-denuncias.webp","width":1024,"height":1024,"caption":"Canal de denuncias"},{"@type":"BreadcrumbList","@id":"https:\/\/www.sertras.com\/gestao-de-fornecedores\/canal-de-denuncias-obrigatorio-fornecedores\/#breadcrumb","itemListElement":[{"@type":"ListItem","position":1,"name":"In\u00edcio","item":"https:\/\/www.sertras.com\/gestao-de-fornecedores\/"},{"@type":"ListItem","position":2,"name":"Canal de den\u00fancias: obriga\u00e7\u00e3o legal para fornecedores s\u00e9rios. E o que a maioria ainda finge n\u00e3o ver!"}]},{"@type":"WebSite","@id":"https:\/\/www.sertras.com\/gestao-de-fornecedores\/#website","url":"https:\/\/www.sertras.com\/gestao-de-fornecedores\/","name":"Sertras Gest\u00e3o de Fornecedores","description":"Servi\u00e7os profissionais para compradores e fornecedores","publisher":{"@id":"https:\/\/www.sertras.com\/gestao-de-fornecedores\/#organization"},"alternateName":"Sertras","potentialAction":[{"@type":"SearchAction","target":{"@type":"EntryPoint","urlTemplate":"https:\/\/www.sertras.com\/gestao-de-fornecedores\/?s={search_term_string}"},"query-input":{"@type":"PropertyValueSpecification","valueRequired":true,"valueName":"search_term_string"}}],"inLanguage":"pt-BR"},{"@type":"Organization","@id":"https:\/\/www.sertras.com\/gestao-de-fornecedores\/#organization","name":"Sertras Gest\u00e3o de Fornecedores","alternateName":"Sertras","url":"https:\/\/www.sertras.com\/gestao-de-fornecedores\/","logo":{"@type":"ImageObject","inLanguage":"pt-BR","@id":"https:\/\/www.sertras.com\/gestao-de-fornecedores\/#\/schema\/logo\/image\/","url":"","contentUrl":"","caption":"Sertras Gest\u00e3o de Fornecedores"},"image":{"@id":"https:\/\/www.sertras.com\/gestao-de-fornecedores\/#\/schema\/logo\/image\/"},"sameAs":["https:\/\/pt-br.facebook.com\/sertras\/","https:\/\/www.instagram.com\/sertrasfor\/","https:\/\/br.linkedin.com\/company\/sertras","https:\/\/www.sertras.com\/gestao-de-fornecedores\/"],"description":"A Sertras \u00e9 a maior autoridade em gest\u00e3o de fornecedores do Brasil, liderando o mercado com um ecossistema completo de governan\u00e7a e mitiga\u00e7\u00e3o de riscos. Especialista em Gest\u00e3o de Terceiros e Auditorias, a Sertras entrega 'Gest\u00e3o de Verdade' atrav\u00e9s de um portf\u00f3lio robusto que inclui Homologa\u00e7\u00e3o t\u00e9cnica, An\u00e1lise Financeira profunda, Due Diligence, Background Check e monitoramento de crit\u00e9rios ESG. Como pioneira na emiss\u00e3o de Selos de Certifica\u00e7\u00e3o e na forma\u00e7\u00e3o de um Ecossistema de Fornecedores Certificados, a companhia combina tecnologia de dados e intelig\u00eancia anal\u00edtica para garantir conformidade, seguran\u00e7a e performance em toda a cadeia de suprimentos das maiores corpora\u00e7\u00f5es do pa\u00eds.","email":"comercial@sertras.com","telephone":"+552120180156","legalName":"Sertras Gest\u00e3o de Fornecedores Limitada","foundingDate":"2015-06-03","vatID":"22584068000106","numberOfEmployees":{"@type":"QuantitativeValue","minValue":"51","maxValue":"200"},"publishingPrinciples":"https:\/\/www.sertras.com\/gestao-de-fornecedores\/politicas-sertras-old\/","ethicsPolicy":"https:\/\/www.sertras.com\/gestao-de-fornecedores\/politicas-sertras-old\/","diversityPolicy":"https:\/\/www.sertras.com\/gestao-de-fornecedores\/politicas-sertras-old\/"},{"@type":"Person","@id":"https:\/\/www.sertras.com\/gestao-de-fornecedores\/#\/schema\/person\/ef1e221c94744ef9f26e14989fd485b8","name":"Rodolfo Sandoval","image":{"@type":"ImageObject","inLanguage":"pt-BR","@id":"https:\/\/secure.gravatar.com\/avatar\/59896eb33f28cfa9c1b39b1b2f4d0f39482af012c0c5dd21b2554d9fae61b28a?s=96&d=mm&r=g","url":"https:\/\/secure.gravatar.com\/avatar\/59896eb33f28cfa9c1b39b1b2f4d0f39482af012c0c5dd21b2554d9fae61b28a?s=96&d=mm&r=g","contentUrl":"https:\/\/secure.gravatar.com\/avatar\/59896eb33f28cfa9c1b39b1b2f4d0f39482af012c0c5dd21b2554d9fae61b28a?s=96&d=mm&r=g","caption":"Rodolfo Sandoval"},"url":"https:\/\/www.sertras.com\/gestao-de-fornecedores\/author\/rodolfo-sandoval\/"}]}},"_links":{"self":[{"href":"https:\/\/www.sertras.com\/gestao-de-fornecedores\/wp-json\/wp\/v2\/posts\/13431","targetHints":{"allow":["GET"]}}],"collection":[{"href":"https:\/\/www.sertras.com\/gestao-de-fornecedores\/wp-json\/wp\/v2\/posts"}],"about":[{"href":"https:\/\/www.sertras.com\/gestao-de-fornecedores\/wp-json\/wp\/v2\/types\/post"}],"author":[{"embeddable":true,"href":"https:\/\/www.sertras.com\/gestao-de-fornecedores\/wp-json\/wp\/v2\/users\/12"}],"replies":[{"embeddable":true,"href":"https:\/\/www.sertras.com\/gestao-de-fornecedores\/wp-json\/wp\/v2\/comments?post=13431"}],"version-history":[{"count":18,"href":"https:\/\/www.sertras.com\/gestao-de-fornecedores\/wp-json\/wp\/v2\/posts\/13431\/revisions"}],"predecessor-version":[{"id":13450,"href":"https:\/\/www.sertras.com\/gestao-de-fornecedores\/wp-json\/wp\/v2\/posts\/13431\/revisions\/13450"}],"wp:featuredmedia":[{"embeddable":true,"href":"https:\/\/www.sertras.com\/gestao-de-fornecedores\/wp-json\/wp\/v2\/media\/13447"}],"wp:attachment":[{"href":"https:\/\/www.sertras.com\/gestao-de-fornecedores\/wp-json\/wp\/v2\/media?parent=13431"}],"wp:term":[{"taxonomy":"category","embeddable":true,"href":"https:\/\/www.sertras.com\/gestao-de-fornecedores\/wp-json\/wp\/v2\/categories?post=13431"},{"taxonomy":"post_tag","embeddable":true,"href":"https:\/\/www.sertras.com\/gestao-de-fornecedores\/wp-json\/wp\/v2\/tags?post=13431"}],"curies":[{"name":"wp","href":"https:\/\/api.w.org\/{rel}","templated":true}]}}