{"id":13500,"date":"2025-08-08T15:39:11","date_gmt":"2025-08-08T18:39:11","guid":{"rendered":"https:\/\/www.sertras.com\/gestao-de-fornecedores\/?p=13500"},"modified":"2025-08-08T16:48:09","modified_gmt":"2025-08-08T19:48:09","slug":"quem-conduz-a-nossa-jornada","status":"publish","type":"post","link":"https:\/\/www.sertras.com\/gestao-de-fornecedores\/quem-conduz-a-nossa-jornada\/","title":{"rendered":"Quem Conduz a Nossa Jornada"},"content":{"rendered":"\t\t<div data-elementor-type=\"wp-post\" data-elementor-id=\"13500\" class=\"elementor elementor-13500\" data-elementor-post-type=\"post\">\n\t\t\t\t<div class=\"elementor-element elementor-element-d0a9998 e-flex e-con-boxed e-con e-parent\" data-id=\"d0a9998\" data-element_type=\"container\" data-e-type=\"container\">\n\t\t\t\t\t<div class=\"e-con-inner\">\n\t\t<div class=\"elementor-element elementor-element-af07047 e-con-full e-flex e-con e-child\" data-id=\"af07047\" data-element_type=\"container\" data-e-type=\"container\">\n\t\t\t\t<div class=\"elementor-element elementor-element-1cb9aa5 elementor-widget elementor-widget-image\" data-id=\"1cb9aa5\" data-element_type=\"widget\" data-e-type=\"widget\" data-widget_type=\"image.default\">\n\t\t\t\t<div class=\"elementor-widget-container\">\n\t\t\t\t\t\t\t\t\t\t\t\t\t\t\t<img fetchpriority=\"high\" decoding=\"async\" width=\"683\" height=\"1024\" src=\"https:\/\/www.sertras.com\/gestao-de-fornecedores\/wp-content\/uploads\/2025\/08\/Foto-Blenda-Post-683x1024.webp\" class=\"attachment-large size-large wp-image-13503\" alt=\"Blenda Kluser\" srcset=\"https:\/\/www.sertras.com\/gestao-de-fornecedores\/wp-content\/uploads\/2025\/08\/Foto-Blenda-Post-683x1024.webp 683w, https:\/\/www.sertras.com\/gestao-de-fornecedores\/wp-content\/uploads\/2025\/08\/Foto-Blenda-Post-200x300.webp 200w, https:\/\/www.sertras.com\/gestao-de-fornecedores\/wp-content\/uploads\/2025\/08\/Foto-Blenda-Post-768x1152.webp 768w, https:\/\/www.sertras.com\/gestao-de-fornecedores\/wp-content\/uploads\/2025\/08\/Foto-Blenda-Post-1024x1536.webp 1024w, https:\/\/www.sertras.com\/gestao-de-fornecedores\/wp-content\/uploads\/2025\/08\/Foto-Blenda-Post-scaled.webp 1280w\" sizes=\"(max-width: 683px) 100vw, 683px\" \/>\t\t\t\t\t\t\t\t\t\t\t\t\t\t\t<\/div>\n\t\t\t\t<\/div>\n\t\t\t\t<\/div>\n\t\t<div class=\"elementor-element elementor-element-adcf65a e-con-full e-flex e-con e-child\" data-id=\"adcf65a\" data-element_type=\"container\" data-e-type=\"container\">\n\t\t\t\t<div class=\"elementor-element elementor-element-2dd6e19 elementor-widget elementor-widget-text-editor\" data-id=\"2dd6e19\" data-element_type=\"widget\" data-e-type=\"widget\" data-widget_type=\"text-editor.default\">\n\t\t\t\t<div class=\"elementor-widget-container\">\n\t\t\t\t\t\t\t\t\t<div><strong><a href=\"https:\/\/www.linkedin.com\/in\/blenda-kluser-bb3b7b11a\/\">Blenda Kluser<\/a><\/strong><\/div><div>Comecei minha jornada na Sertras em 2016 como estagi\u00e1ria de cadastros e prospec\u00e7\u00f5es e rapidamente assumi a lideran\u00e7a do time operacional. Fui promovida a supervisora de opera\u00e7\u00f5es e depois coordenadora geral, liderando estrat\u00e9gias administrativas e implanta\u00e7\u00e3o de servi\u00e7os.\u00a0<\/div><div>\u00a0<\/div><div>Em 2022, assumi o cargo de Gerente Geral, com participa\u00e7\u00e3o decisiva em contratos e performance. Ao longo dos anos, desenvolvemos servi\u00e7os inovadores e consolidamos times multidisciplinares focados em crescimento e comprometimento. Meu conselho para quem chega \u00e9 simples: esteja aberto a aprender sempre, pois a Sertras \u00e9 uma verdadeira escola profissional.\u00a0\u00a0<\/div><div>\u00a0<\/div>\t\t\t\t\t\t\t\t<\/div>\n\t\t\t\t<\/div>\n\t\t\t\t<\/div>\n\t\t<div class=\"elementor-element elementor-element-a8fb875 e-con-full e-flex e-con e-child\" data-id=\"a8fb875\" data-element_type=\"container\" data-e-type=\"container\">\n\t\t\t\t<div class=\"elementor-element elementor-element-6c7a72d elementor-widget elementor-widget-text-editor\" data-id=\"6c7a72d\" data-element_type=\"widget\" data-e-type=\"widget\" data-widget_type=\"text-editor.default\">\n\t\t\t\t<div class=\"elementor-widget-container\">\n\t\t\t\t\t\t\t\t\t<p data-start=\"94\" data-end=\"374\">Ol\u00e1! Sou <a href=\"https:\/\/www.linkedin.com\/in\/palloma-mazzeo\/\"><strong data-start=\"103\" data-end=\"121\">Palloma Mazzeo<\/strong><\/a>, Gerente de Opera\u00e7\u00f5es da Sertras, especialista em Gest\u00e3o da Experi\u00eancia do Consumidor (ESPM-SP) e bacharel em Administra\u00e7\u00e3o (UFF), onde tamb\u00e9m fa\u00e7o mestrado em Administra\u00e7\u00e3o, pesquisando riscos na cadeia de suprimentos e sustentabilidade corporativa.<\/p><p data-start=\"376\" data-end=\"871\">Estou na Sertras h\u00e1 8 anos, liderando projetos de gest\u00e3o de fornecedores para grandes empresas de setores como saneamento, energia, \u00f3leo e g\u00e1s, minera\u00e7\u00e3o e data centers. Gerencio as \u00e1reas de Homologa\u00e7\u00e3o, Riscos Financeiros e Reputacionais e Vendas a Fornecedores, integrando informa\u00e7\u00f5es e entregas aos clientes. Minhas atividades incluem gest\u00e3o de equipes multidisciplinares, melhoria de processos, cria\u00e7\u00e3o de indicadores, desenvolvimento de solu\u00e7\u00f5es e relacionamento com clientes e parceiros.<\/p><p data-start=\"873\" data-end=\"1078\">Minha dica para todos \u00e9 simples: estudem e fa\u00e7am bem feito. O conhecimento adquirido aqui me fez evoluir como pessoa e profissional. Aproveitem as oportunidades de aprender e contem comigo nessa jornada!<\/p>\t\t\t\t\t\t\t\t<\/div>\n\t\t\t\t<\/div>\n\t\t\t\t<\/div>\n\t\t<div class=\"elementor-element elementor-element-7c0060f e-con-full e-flex e-con e-child\" data-id=\"7c0060f\" data-element_type=\"container\" data-e-type=\"container\">\n\t\t\t\t<div class=\"elementor-element elementor-element-350379d elementor-widget elementor-widget-image\" data-id=\"350379d\" data-element_type=\"widget\" data-e-type=\"widget\" data-widget_type=\"image.default\">\n\t\t\t\t<div class=\"elementor-widget-container\">\n\t\t\t\t\t\t\t\t\t\t\t\t\t\t\t<img decoding=\"async\" width=\"683\" height=\"1024\" src=\"https:\/\/www.sertras.com\/gestao-de-fornecedores\/wp-content\/uploads\/2025\/08\/Foto-Palloma-post-683x1024.webp\" class=\"attachment-large size-large wp-image-13504\" alt=\"Palloma Mazzeo\" srcset=\"https:\/\/www.sertras.com\/gestao-de-fornecedores\/wp-content\/uploads\/2025\/08\/Foto-Palloma-post-683x1024.webp 683w, https:\/\/www.sertras.com\/gestao-de-fornecedores\/wp-content\/uploads\/2025\/08\/Foto-Palloma-post-200x300.webp 200w, https:\/\/www.sertras.com\/gestao-de-fornecedores\/wp-content\/uploads\/2025\/08\/Foto-Palloma-post-768x1152.webp 768w, https:\/\/www.sertras.com\/gestao-de-fornecedores\/wp-content\/uploads\/2025\/08\/Foto-Palloma-post-1024x1536.webp 1024w, https:\/\/www.sertras.com\/gestao-de-fornecedores\/wp-content\/uploads\/2025\/08\/Foto-Palloma-post-scaled.webp 1280w\" sizes=\"(max-width: 683px) 100vw, 683px\" \/>\t\t\t\t\t\t\t\t\t\t\t\t\t\t\t<\/div>\n\t\t\t\t<\/div>\n\t\t\t\t<\/div>\n\t\t\t\t\t<\/div>\n\t\t\t\t<\/div>\n\t\t<div class=\"elementor-element elementor-element-699a746 e-flex e-con-boxed e-con e-parent\" data-id=\"699a746\" data-element_type=\"container\" data-e-type=\"container\">\n\t\t\t\t\t<div class=\"e-con-inner\">\n\t\t<div class=\"elementor-element elementor-element-a8b6aff e-con-full e-flex e-con e-child\" data-id=\"a8b6aff\" data-element_type=\"container\" data-e-type=\"container\">\n\t\t\t\t<div class=\"elementor-element elementor-element-a058cba elementor-widget elementor-widget-image\" data-id=\"a058cba\" data-element_type=\"widget\" data-e-type=\"widget\" data-widget_type=\"image.default\">\n\t\t\t\t<div class=\"elementor-widget-container\">\n\t\t\t\t\t\t\t\t\t\t\t\t\t\t\t<img decoding=\"async\" width=\"683\" height=\"1024\" src=\"https:\/\/www.sertras.com\/gestao-de-fornecedores\/wp-content\/uploads\/2025\/08\/Foto-Isabella-Post-683x1024.jpeg\" class=\"attachment-large size-large wp-image-13505\" alt=\"Isabella Albertassi, l\u00edder ESG da Sertras, sorrindo em foto profissional.\" srcset=\"https:\/\/www.sertras.com\/gestao-de-fornecedores\/wp-content\/uploads\/2025\/08\/Foto-Isabella-Post-683x1024.jpeg 683w, https:\/\/www.sertras.com\/gestao-de-fornecedores\/wp-content\/uploads\/2025\/08\/Foto-Isabella-Post-200x300.jpeg 200w, https:\/\/www.sertras.com\/gestao-de-fornecedores\/wp-content\/uploads\/2025\/08\/Foto-Isabella-Post-768x1152.jpeg 768w, https:\/\/www.sertras.com\/gestao-de-fornecedores\/wp-content\/uploads\/2025\/08\/Foto-Isabella-Post-1024x1536.jpeg 1024w, https:\/\/www.sertras.com\/gestao-de-fornecedores\/wp-content\/uploads\/2025\/08\/Foto-Isabella-Post.jpeg 1067w\" sizes=\"(max-width: 683px) 100vw, 683px\" \/>\t\t\t\t\t\t\t\t\t\t\t\t\t\t\t<\/div>\n\t\t\t\t<\/div>\n\t\t\t\t<\/div>\n\t\t<div class=\"elementor-element elementor-element-c78eea0 e-con-full e-flex e-con e-child\" data-id=\"c78eea0\" data-element_type=\"container\" data-e-type=\"container\">\n\t\t\t\t<div class=\"elementor-element elementor-element-4065c45 elementor-widget elementor-widget-text-editor\" data-id=\"4065c45\" data-element_type=\"widget\" data-e-type=\"widget\" data-widget_type=\"text-editor.default\">\n\t\t\t\t<div class=\"elementor-widget-container\">\n\t\t\t\t\t\t\t\t\t<p dir=\"auto\"><a href=\"https:\/\/www.linkedin.com\/in\/isabella-albertassi-94b38521a\/\"><strong>Isabella Albertassi<\/strong><\/a><\/p><p dir=\"auto\">Sou especialista em sustentabilidade e ESG na Sertras, onde atuo h\u00e1 tr\u00eas anos.<\/p><p dir=\"auto\">Minha miss\u00e3o \u00e9 integrar pr\u00e1ticas sustent\u00e1veis ao dia a dia da empresa, conduzindo projetos estrat\u00e9gicos, treinamentos e iniciativas que envolvem fornecedores, clientes e colaboradores.<\/p><p dir=\"auto\">Lidero programas como a Jornada ESG e o Selo ESG Compromisso, al\u00e9m de desenvolver pol\u00edticas internas e materiais educativos para nossos colaboradores.<\/p><div><div><p dir=\"auto\">Busco sempre transformar conhecimento em a\u00e7\u00f5es concretas, criando solu\u00e7\u00f5es que gerem impacto positivo e duradouro.<\/p><p dir=\"auto\"><strong>Conselho para quem est\u00e1 na Sertras:<\/strong> Aproveite cada oportunidade de aprender e colaborar. Aqui, voc\u00ea vai perceber que quem faz com prop\u00f3sito transforma de verdade e cresce junto.<\/p><\/div><\/div>\t\t\t\t\t\t\t\t<\/div>\n\t\t\t\t<\/div>\n\t\t\t\t<\/div>\n\t\t<div class=\"elementor-element elementor-element-1d3ca2e e-con-full e-flex e-con e-child\" data-id=\"1d3ca2e\" data-element_type=\"container\" data-e-type=\"container\">\n\t\t\t\t<div class=\"elementor-element elementor-element-fae21a3 elementor-widget elementor-widget-text-editor\" data-id=\"fae21a3\" data-element_type=\"widget\" data-e-type=\"widget\" data-widget_type=\"text-editor.default\">\n\t\t\t\t<div class=\"elementor-widget-container\">\n\t\t\t\t\t\t\t\t\t<div><a href=\"https:\/\/www.linkedin.com\/in\/vit%C3%B3ria-calheiros-87073a14b\/\"><strong>Vit\u00f3ria Calheiros<\/strong><\/a><\/div><div class=\"gmail_default\">Sou engenheira civil e trabalho na Sertras h\u00e1 seis anos. Quando entrei, n\u00e3o imaginava que construiria uma trajet\u00f3ria aqui, mas me envolvi com o prop\u00f3sito, com os desafios e com o impacto real do nosso trabalho. Desde ent\u00e3o, escolhi ficar e crescer junto com a empresa.<\/div><p>Minha atua\u00e7\u00e3o \u00e9 focada na gest\u00e3o de terceiros, \u00e1rea que\u00a0t<span class=\"gmail_default\">enho um carinho enorme e que me desafia todos os dias<\/span>. Ao longo do tempo, participei de v\u00e1rias mudan\u00e7as importantes e ajudei a transformar processos com foco em efici\u00eancia, clareza e resultado. Gosto de resolver problemas, estruturar solu\u00e7\u00f5es e garantir que a opera\u00e7\u00e3o funcione com precis\u00e3o.<\/p><p>Acredito no nosso potencial de evolu\u00e7\u00e3o<span class=\"gmail_default\">,<\/span>\u00a0como equipe, como empresa e como profissionais. Quero continuar contribuindo ativamente para levar a Sertras cada vez mais longe.<\/p>\t\t\t\t\t\t\t\t<\/div>\n\t\t\t\t<\/div>\n\t\t\t\t<\/div>\n\t\t<div class=\"elementor-element elementor-element-06b31db e-con-full e-flex e-con e-child\" data-id=\"06b31db\" data-element_type=\"container\" data-e-type=\"container\">\n\t\t\t\t<div class=\"elementor-element elementor-element-d5c58f4 elementor-widget elementor-widget-image\" data-id=\"d5c58f4\" data-element_type=\"widget\" data-e-type=\"widget\" data-widget_type=\"image.default\">\n\t\t\t\t<div class=\"elementor-widget-container\">\n\t\t\t\t\t\t\t\t\t\t\t\t\t\t\t<img loading=\"lazy\" decoding=\"async\" width=\"681\" height=\"1024\" src=\"https:\/\/www.sertras.com\/gestao-de-fornecedores\/wp-content\/uploads\/2025\/08\/Foto-Vitoria-Post.webp\" class=\"attachment-large size-large wp-image-13509\" alt=\"Vitoria Calheiros\" srcset=\"https:\/\/www.sertras.com\/gestao-de-fornecedores\/wp-content\/uploads\/2025\/08\/Foto-Vitoria-Post.webp 681w, https:\/\/www.sertras.com\/gestao-de-fornecedores\/wp-content\/uploads\/2025\/08\/Foto-Vitoria-Post-200x300.webp 200w\" sizes=\"(max-width: 681px) 100vw, 681px\" \/>\t\t\t\t\t\t\t\t\t\t\t\t\t\t\t<\/div>\n\t\t\t\t<\/div>\n\t\t\t\t<\/div>\n\t\t\t\t\t<\/div>\n\t\t\t\t<\/div>\n\t\t<div class=\"elementor-element elementor-element-41269dc e-flex e-con-boxed e-con e-parent\" data-id=\"41269dc\" data-element_type=\"container\" data-e-type=\"container\">\n\t\t\t\t\t<div class=\"e-con-inner\">\n\t\t\t\t<div class=\"elementor-element elementor-element-6243a27 elementor-widget elementor-widget-text-editor\" data-id=\"6243a27\" data-element_type=\"widget\" data-e-type=\"widget\" data-widget_type=\"text-editor.default\">\n\t\t\t\t<div class=\"elementor-widget-container\">\n\t\t\t\t\t\t\t\t\t<blockquote><p style=\"padding-left: 40px;\"><strong>Liderar na Sertras \u00e9 mais do que tomar decis\u00f5es \u2014 \u00e9 inspirar, servir e construir, todos os dias, um mercado mais \u00e9tico e sustent\u00e1vel.<\/strong><\/p><\/blockquote>\t\t\t\t\t\t\t\t<\/div>\n\t\t\t\t<\/div>\n\t\t\t\t\t<\/div>\n\t\t\t\t<\/div>\n\t\t\t\t<\/div>\n\t\t","protected":false},"excerpt":{"rendered":"<p>Na Sertras, nossa lideran\u00e7a combina experi\u00eancia, vis\u00e3o estrat\u00e9gica e compromisso com a \u00e9tica. Cada l\u00edder tem uma hist\u00f3ria \u00fanica, mas todos compartilham o prop\u00f3sito de fortalecer rela\u00e7\u00f5es de confian\u00e7a e promover pr\u00e1ticas sustent\u00e1veis no mercado.<\/p>\n","protected":false},"author":12,"featured_media":0,"comment_status":"open","ping_status":"open","sticky":false,"template":"","format":"standard","meta":{"footnotes":""},"categories":[150],"tags":[202],"class_list":["post-13500","post","type-post","status-publish","format-standard","hentry","category-sertras","tag-interno"],"yoast_head":"<!-- This site is optimized with the Yoast SEO Premium plugin v27.3 (Yoast SEO v27.3) - https:\/\/yoast.com\/product\/yoast-seo-premium-wordpress\/ -->\n<title>Quem Conduz a Nossa Jornada - Sertras Gest\u00e3o de Fornecedores<\/title>\n<meta name=\"robots\" content=\"noindex, nofollow\" \/>\n<meta property=\"og:locale\" content=\"pt_BR\" \/>\n<meta property=\"og:type\" content=\"article\" \/>\n<meta property=\"og:title\" content=\"Quem Conduz a Nossa Jornada\" \/>\n<meta property=\"og:description\" content=\"Na Sertras, nossa lideran\u00e7a combina experi\u00eancia, vis\u00e3o estrat\u00e9gica e compromisso com a \u00e9tica. Cada l\u00edder tem uma hist\u00f3ria \u00fanica, mas todos compartilham o prop\u00f3sito de fortalecer rela\u00e7\u00f5es de confian\u00e7a e promover pr\u00e1ticas sustent\u00e1veis no mercado.\" \/>\n<meta property=\"og:url\" content=\"https:\/\/www.sertras.com\/gestao-de-fornecedores\/quem-conduz-a-nossa-jornada\/\" \/>\n<meta property=\"og:site_name\" content=\"Sertras Gest\u00e3o de Fornecedores\" \/>\n<meta property=\"article:publisher\" content=\"https:\/\/pt-br.facebook.com\/sertras\/\" \/>\n<meta property=\"article:published_time\" content=\"2025-08-08T18:39:11+00:00\" \/>\n<meta property=\"article:modified_time\" content=\"2025-08-08T19:48:09+00:00\" \/>\n<meta property=\"og:image\" content=\"https:\/\/www.sertras.com\/gestao-de-fornecedores\/wp-content\/uploads\/2025\/08\/Foto-Blenda-Post-scaled.webp\" \/>\n\t<meta property=\"og:image:width\" content=\"1280\" \/>\n\t<meta property=\"og:image:height\" content=\"1920\" \/>\n\t<meta property=\"og:image:type\" content=\"image\/webp\" \/>\n<meta name=\"author\" content=\"Rodolfo Sandoval\" \/>\n<meta name=\"twitter:label1\" content=\"Escrito por\" \/>\n\t<meta name=\"twitter:data1\" content=\"Rodolfo Sandoval\" \/>\n\t<meta name=\"twitter:label2\" content=\"Est. tempo de leitura\" \/>\n\t<meta name=\"twitter:data2\" content=\"4 minutos\" \/>\n<script type=\"application\/ld+json\" class=\"yoast-schema-graph\">{\"@context\":\"https:\\\/\\\/schema.org\",\"@graph\":[{\"@type\":\"Article\",\"@id\":\"https:\\\/\\\/www.sertras.com\\\/gestao-de-fornecedores\\\/quem-conduz-a-nossa-jornada\\\/#article\",\"isPartOf\":{\"@id\":\"https:\\\/\\\/www.sertras.com\\\/gestao-de-fornecedores\\\/quem-conduz-a-nossa-jornada\\\/\"},\"author\":{\"name\":\"Rodolfo Sandoval\",\"@id\":\"https:\\\/\\\/www.sertras.com\\\/gestao-de-fornecedores\\\/#\\\/schema\\\/person\\\/ef1e221c94744ef9f26e14989fd485b8\"},\"headline\":\"Quem Conduz a Nossa Jornada\",\"datePublished\":\"2025-08-08T18:39:11+00:00\",\"dateModified\":\"2025-08-08T19:48:09+00:00\",\"mainEntityOfPage\":{\"@id\":\"https:\\\/\\\/www.sertras.com\\\/gestao-de-fornecedores\\\/quem-conduz-a-nossa-jornada\\\/\"},\"wordCount\":530,\"commentCount\":0,\"publisher\":{\"@id\":\"https:\\\/\\\/www.sertras.com\\\/gestao-de-fornecedores\\\/#organization\"},\"image\":{\"@id\":\"https:\\\/\\\/www.sertras.com\\\/gestao-de-fornecedores\\\/quem-conduz-a-nossa-jornada\\\/#primaryimage\"},\"thumbnailUrl\":\"https:\\\/\\\/www.sertras.com\\\/gestao-de-fornecedores\\\/wp-content\\\/uploads\\\/2025\\\/08\\\/Foto-Blenda-Post-683x1024.webp\",\"keywords\":[\"Interno\"],\"articleSection\":[\"Sertras\"],\"inLanguage\":\"pt-BR\",\"potentialAction\":[{\"@type\":\"CommentAction\",\"name\":\"Comment\",\"target\":[\"https:\\\/\\\/www.sertras.com\\\/gestao-de-fornecedores\\\/quem-conduz-a-nossa-jornada\\\/#respond\"]}]},{\"@type\":\"WebPage\",\"@id\":\"https:\\\/\\\/www.sertras.com\\\/gestao-de-fornecedores\\\/quem-conduz-a-nossa-jornada\\\/\",\"url\":\"https:\\\/\\\/www.sertras.com\\\/gestao-de-fornecedores\\\/quem-conduz-a-nossa-jornada\\\/\",\"name\":\"Quem Conduz a Nossa Jornada - Sertras Gest\u00e3o de Fornecedores\",\"isPartOf\":{\"@id\":\"https:\\\/\\\/www.sertras.com\\\/gestao-de-fornecedores\\\/#website\"},\"primaryImageOfPage\":{\"@id\":\"https:\\\/\\\/www.sertras.com\\\/gestao-de-fornecedores\\\/quem-conduz-a-nossa-jornada\\\/#primaryimage\"},\"image\":{\"@id\":\"https:\\\/\\\/www.sertras.com\\\/gestao-de-fornecedores\\\/quem-conduz-a-nossa-jornada\\\/#primaryimage\"},\"thumbnailUrl\":\"https:\\\/\\\/www.sertras.com\\\/gestao-de-fornecedores\\\/wp-content\\\/uploads\\\/2025\\\/08\\\/Foto-Blenda-Post-683x1024.webp\",\"datePublished\":\"2025-08-08T18:39:11+00:00\",\"dateModified\":\"2025-08-08T19:48:09+00:00\",\"breadcrumb\":{\"@id\":\"https:\\\/\\\/www.sertras.com\\\/gestao-de-fornecedores\\\/quem-conduz-a-nossa-jornada\\\/#breadcrumb\"},\"inLanguage\":\"pt-BR\",\"potentialAction\":[{\"@type\":\"ReadAction\",\"target\":[\"https:\\\/\\\/www.sertras.com\\\/gestao-de-fornecedores\\\/quem-conduz-a-nossa-jornada\\\/\"]}]},{\"@type\":\"ImageObject\",\"inLanguage\":\"pt-BR\",\"@id\":\"https:\\\/\\\/www.sertras.com\\\/gestao-de-fornecedores\\\/quem-conduz-a-nossa-jornada\\\/#primaryimage\",\"url\":\"https:\\\/\\\/www.sertras.com\\\/gestao-de-fornecedores\\\/wp-content\\\/uploads\\\/2025\\\/08\\\/Foto-Blenda-Post-scaled.webp\",\"contentUrl\":\"https:\\\/\\\/www.sertras.com\\\/gestao-de-fornecedores\\\/wp-content\\\/uploads\\\/2025\\\/08\\\/Foto-Blenda-Post-scaled.webp\",\"width\":1280,\"height\":1920,\"caption\":\"Blenda Kluser\"},{\"@type\":\"BreadcrumbList\",\"@id\":\"https:\\\/\\\/www.sertras.com\\\/gestao-de-fornecedores\\\/quem-conduz-a-nossa-jornada\\\/#breadcrumb\",\"itemListElement\":[{\"@type\":\"ListItem\",\"position\":1,\"name\":\"In\u00edcio\",\"item\":\"https:\\\/\\\/www.sertras.com\\\/gestao-de-fornecedores\\\/\"},{\"@type\":\"ListItem\",\"position\":2,\"name\":\"Quem Conduz a Nossa Jornada\"}]},{\"@type\":\"WebSite\",\"@id\":\"https:\\\/\\\/www.sertras.com\\\/gestao-de-fornecedores\\\/#website\",\"url\":\"https:\\\/\\\/www.sertras.com\\\/gestao-de-fornecedores\\\/\",\"name\":\"Sertras Gest\u00e3o de Fornecedores\",\"description\":\"Servi\u00e7os profissionais para compradores e fornecedores\",\"publisher\":{\"@id\":\"https:\\\/\\\/www.sertras.com\\\/gestao-de-fornecedores\\\/#organization\"},\"alternateName\":\"Sertras\",\"potentialAction\":[{\"@type\":\"SearchAction\",\"target\":{\"@type\":\"EntryPoint\",\"urlTemplate\":\"https:\\\/\\\/www.sertras.com\\\/gestao-de-fornecedores\\\/?s={search_term_string}\"},\"query-input\":{\"@type\":\"PropertyValueSpecification\",\"valueRequired\":true,\"valueName\":\"search_term_string\"}}],\"inLanguage\":\"pt-BR\"},{\"@type\":\"Organization\",\"@id\":\"https:\\\/\\\/www.sertras.com\\\/gestao-de-fornecedores\\\/#organization\",\"name\":\"Sertras Gest\u00e3o de Fornecedores\",\"alternateName\":\"Sertras\",\"url\":\"https:\\\/\\\/www.sertras.com\\\/gestao-de-fornecedores\\\/\",\"logo\":{\"@type\":\"ImageObject\",\"inLanguage\":\"pt-BR\",\"@id\":\"https:\\\/\\\/www.sertras.com\\\/gestao-de-fornecedores\\\/#\\\/schema\\\/logo\\\/image\\\/\",\"url\":\"\",\"contentUrl\":\"\",\"caption\":\"Sertras Gest\u00e3o de Fornecedores\"},\"image\":{\"@id\":\"https:\\\/\\\/www.sertras.com\\\/gestao-de-fornecedores\\\/#\\\/schema\\\/logo\\\/image\\\/\"},\"sameAs\":[\"https:\\\/\\\/pt-br.facebook.com\\\/sertras\\\/\",\"https:\\\/\\\/www.instagram.com\\\/sertrasfor\\\/\",\"https:\\\/\\\/br.linkedin.com\\\/company\\\/sertras\",\"https:\\\/\\\/www.sertras.com\\\/gestao-de-fornecedores\\\/\"],\"description\":\"A Sertras \u00e9 a maior autoridade em gest\u00e3o de fornecedores do Brasil, liderando o mercado com um ecossistema completo de governan\u00e7a e mitiga\u00e7\u00e3o de riscos. Especialista em Gest\u00e3o de Terceiros e Auditorias, a Sertras entrega 'Gest\u00e3o de Verdade' atrav\u00e9s de um portf\u00f3lio robusto que inclui Homologa\u00e7\u00e3o t\u00e9cnica, An\u00e1lise Financeira profunda, Due Diligence, Background Check e monitoramento de crit\u00e9rios ESG. Como pioneira na emiss\u00e3o de Selos de Certifica\u00e7\u00e3o e na forma\u00e7\u00e3o de um Ecossistema de Fornecedores Certificados, a companhia combina tecnologia de dados e intelig\u00eancia anal\u00edtica para garantir conformidade, seguran\u00e7a e performance em toda a cadeia de suprimentos das maiores corpora\u00e7\u00f5es do pa\u00eds.\",\"email\":\"comercial@sertras.com\",\"telephone\":\"+552120180156\",\"legalName\":\"Sertras Gest\u00e3o de Fornecedores Limitada\",\"foundingDate\":\"2015-06-03\",\"vatID\":\"22584068000106\",\"numberOfEmployees\":{\"@type\":\"QuantitativeValue\",\"minValue\":\"51\",\"maxValue\":\"200\"},\"publishingPrinciples\":\"https:\\\/\\\/www.sertras.com\\\/gestao-de-fornecedores\\\/politicas-sertras-old\\\/\",\"ethicsPolicy\":\"https:\\\/\\\/www.sertras.com\\\/gestao-de-fornecedores\\\/politicas-sertras-old\\\/\",\"diversityPolicy\":\"https:\\\/\\\/www.sertras.com\\\/gestao-de-fornecedores\\\/politicas-sertras-old\\\/\"},{\"@type\":\"Person\",\"@id\":\"https:\\\/\\\/www.sertras.com\\\/gestao-de-fornecedores\\\/#\\\/schema\\\/person\\\/ef1e221c94744ef9f26e14989fd485b8\",\"name\":\"Rodolfo Sandoval\",\"image\":{\"@type\":\"ImageObject\",\"inLanguage\":\"pt-BR\",\"@id\":\"https:\\\/\\\/secure.gravatar.com\\\/avatar\\\/59896eb33f28cfa9c1b39b1b2f4d0f39482af012c0c5dd21b2554d9fae61b28a?s=96&d=mm&r=g\",\"url\":\"https:\\\/\\\/secure.gravatar.com\\\/avatar\\\/59896eb33f28cfa9c1b39b1b2f4d0f39482af012c0c5dd21b2554d9fae61b28a?s=96&d=mm&r=g\",\"contentUrl\":\"https:\\\/\\\/secure.gravatar.com\\\/avatar\\\/59896eb33f28cfa9c1b39b1b2f4d0f39482af012c0c5dd21b2554d9fae61b28a?s=96&d=mm&r=g\",\"caption\":\"Rodolfo Sandoval\"},\"url\":\"https:\\\/\\\/www.sertras.com\\\/gestao-de-fornecedores\\\/author\\\/rodolfo-sandoval\\\/\"}]}<\/script>\n<!-- \/ Yoast SEO Premium plugin. -->","yoast_head_json":{"title":"Quem Conduz a Nossa Jornada - Sertras Gest\u00e3o de Fornecedores","robots":{"index":"noindex","follow":"nofollow"},"og_locale":"pt_BR","og_type":"article","og_title":"Quem Conduz a Nossa Jornada","og_description":"Na Sertras, nossa lideran\u00e7a combina experi\u00eancia, vis\u00e3o estrat\u00e9gica e compromisso com a \u00e9tica. Cada l\u00edder tem uma hist\u00f3ria \u00fanica, mas todos compartilham o prop\u00f3sito de fortalecer rela\u00e7\u00f5es de confian\u00e7a e promover pr\u00e1ticas sustent\u00e1veis no mercado.","og_url":"https:\/\/www.sertras.com\/gestao-de-fornecedores\/quem-conduz-a-nossa-jornada\/","og_site_name":"Sertras Gest\u00e3o de Fornecedores","article_publisher":"https:\/\/pt-br.facebook.com\/sertras\/","article_published_time":"2025-08-08T18:39:11+00:00","article_modified_time":"2025-08-08T19:48:09+00:00","og_image":[{"width":1280,"height":1920,"url":"https:\/\/www.sertras.com\/gestao-de-fornecedores\/wp-content\/uploads\/2025\/08\/Foto-Blenda-Post-scaled.webp","type":"image\/webp"}],"author":"Rodolfo Sandoval","twitter_misc":{"Escrito por":"Rodolfo Sandoval","Est. tempo de leitura":"4 minutos"},"schema":{"@context":"https:\/\/schema.org","@graph":[{"@type":"Article","@id":"https:\/\/www.sertras.com\/gestao-de-fornecedores\/quem-conduz-a-nossa-jornada\/#article","isPartOf":{"@id":"https:\/\/www.sertras.com\/gestao-de-fornecedores\/quem-conduz-a-nossa-jornada\/"},"author":{"name":"Rodolfo Sandoval","@id":"https:\/\/www.sertras.com\/gestao-de-fornecedores\/#\/schema\/person\/ef1e221c94744ef9f26e14989fd485b8"},"headline":"Quem Conduz a Nossa Jornada","datePublished":"2025-08-08T18:39:11+00:00","dateModified":"2025-08-08T19:48:09+00:00","mainEntityOfPage":{"@id":"https:\/\/www.sertras.com\/gestao-de-fornecedores\/quem-conduz-a-nossa-jornada\/"},"wordCount":530,"commentCount":0,"publisher":{"@id":"https:\/\/www.sertras.com\/gestao-de-fornecedores\/#organization"},"image":{"@id":"https:\/\/www.sertras.com\/gestao-de-fornecedores\/quem-conduz-a-nossa-jornada\/#primaryimage"},"thumbnailUrl":"https:\/\/www.sertras.com\/gestao-de-fornecedores\/wp-content\/uploads\/2025\/08\/Foto-Blenda-Post-683x1024.webp","keywords":["Interno"],"articleSection":["Sertras"],"inLanguage":"pt-BR","potentialAction":[{"@type":"CommentAction","name":"Comment","target":["https:\/\/www.sertras.com\/gestao-de-fornecedores\/quem-conduz-a-nossa-jornada\/#respond"]}]},{"@type":"WebPage","@id":"https:\/\/www.sertras.com\/gestao-de-fornecedores\/quem-conduz-a-nossa-jornada\/","url":"https:\/\/www.sertras.com\/gestao-de-fornecedores\/quem-conduz-a-nossa-jornada\/","name":"Quem Conduz a Nossa Jornada - Sertras Gest\u00e3o de Fornecedores","isPartOf":{"@id":"https:\/\/www.sertras.com\/gestao-de-fornecedores\/#website"},"primaryImageOfPage":{"@id":"https:\/\/www.sertras.com\/gestao-de-fornecedores\/quem-conduz-a-nossa-jornada\/#primaryimage"},"image":{"@id":"https:\/\/www.sertras.com\/gestao-de-fornecedores\/quem-conduz-a-nossa-jornada\/#primaryimage"},"thumbnailUrl":"https:\/\/www.sertras.com\/gestao-de-fornecedores\/wp-content\/uploads\/2025\/08\/Foto-Blenda-Post-683x1024.webp","datePublished":"2025-08-08T18:39:11+00:00","dateModified":"2025-08-08T19:48:09+00:00","breadcrumb":{"@id":"https:\/\/www.sertras.com\/gestao-de-fornecedores\/quem-conduz-a-nossa-jornada\/#breadcrumb"},"inLanguage":"pt-BR","potentialAction":[{"@type":"ReadAction","target":["https:\/\/www.sertras.com\/gestao-de-fornecedores\/quem-conduz-a-nossa-jornada\/"]}]},{"@type":"ImageObject","inLanguage":"pt-BR","@id":"https:\/\/www.sertras.com\/gestao-de-fornecedores\/quem-conduz-a-nossa-jornada\/#primaryimage","url":"https:\/\/www.sertras.com\/gestao-de-fornecedores\/wp-content\/uploads\/2025\/08\/Foto-Blenda-Post-scaled.webp","contentUrl":"https:\/\/www.sertras.com\/gestao-de-fornecedores\/wp-content\/uploads\/2025\/08\/Foto-Blenda-Post-scaled.webp","width":1280,"height":1920,"caption":"Blenda Kluser"},{"@type":"BreadcrumbList","@id":"https:\/\/www.sertras.com\/gestao-de-fornecedores\/quem-conduz-a-nossa-jornada\/#breadcrumb","itemListElement":[{"@type":"ListItem","position":1,"name":"In\u00edcio","item":"https:\/\/www.sertras.com\/gestao-de-fornecedores\/"},{"@type":"ListItem","position":2,"name":"Quem Conduz a Nossa Jornada"}]},{"@type":"WebSite","@id":"https:\/\/www.sertras.com\/gestao-de-fornecedores\/#website","url":"https:\/\/www.sertras.com\/gestao-de-fornecedores\/","name":"Sertras Gest\u00e3o de Fornecedores","description":"Servi\u00e7os profissionais para compradores e fornecedores","publisher":{"@id":"https:\/\/www.sertras.com\/gestao-de-fornecedores\/#organization"},"alternateName":"Sertras","potentialAction":[{"@type":"SearchAction","target":{"@type":"EntryPoint","urlTemplate":"https:\/\/www.sertras.com\/gestao-de-fornecedores\/?s={search_term_string}"},"query-input":{"@type":"PropertyValueSpecification","valueRequired":true,"valueName":"search_term_string"}}],"inLanguage":"pt-BR"},{"@type":"Organization","@id":"https:\/\/www.sertras.com\/gestao-de-fornecedores\/#organization","name":"Sertras Gest\u00e3o de Fornecedores","alternateName":"Sertras","url":"https:\/\/www.sertras.com\/gestao-de-fornecedores\/","logo":{"@type":"ImageObject","inLanguage":"pt-BR","@id":"https:\/\/www.sertras.com\/gestao-de-fornecedores\/#\/schema\/logo\/image\/","url":"","contentUrl":"","caption":"Sertras Gest\u00e3o de Fornecedores"},"image":{"@id":"https:\/\/www.sertras.com\/gestao-de-fornecedores\/#\/schema\/logo\/image\/"},"sameAs":["https:\/\/pt-br.facebook.com\/sertras\/","https:\/\/www.instagram.com\/sertrasfor\/","https:\/\/br.linkedin.com\/company\/sertras","https:\/\/www.sertras.com\/gestao-de-fornecedores\/"],"description":"A Sertras \u00e9 a maior autoridade em gest\u00e3o de fornecedores do Brasil, liderando o mercado com um ecossistema completo de governan\u00e7a e mitiga\u00e7\u00e3o de riscos. Especialista em Gest\u00e3o de Terceiros e Auditorias, a Sertras entrega 'Gest\u00e3o de Verdade' atrav\u00e9s de um portf\u00f3lio robusto que inclui Homologa\u00e7\u00e3o t\u00e9cnica, An\u00e1lise Financeira profunda, Due Diligence, Background Check e monitoramento de crit\u00e9rios ESG. Como pioneira na emiss\u00e3o de Selos de Certifica\u00e7\u00e3o e na forma\u00e7\u00e3o de um Ecossistema de Fornecedores Certificados, a companhia combina tecnologia de dados e intelig\u00eancia anal\u00edtica para garantir conformidade, seguran\u00e7a e performance em toda a cadeia de suprimentos das maiores corpora\u00e7\u00f5es do pa\u00eds.","email":"comercial@sertras.com","telephone":"+552120180156","legalName":"Sertras Gest\u00e3o de Fornecedores Limitada","foundingDate":"2015-06-03","vatID":"22584068000106","numberOfEmployees":{"@type":"QuantitativeValue","minValue":"51","maxValue":"200"},"publishingPrinciples":"https:\/\/www.sertras.com\/gestao-de-fornecedores\/politicas-sertras-old\/","ethicsPolicy":"https:\/\/www.sertras.com\/gestao-de-fornecedores\/politicas-sertras-old\/","diversityPolicy":"https:\/\/www.sertras.com\/gestao-de-fornecedores\/politicas-sertras-old\/"},{"@type":"Person","@id":"https:\/\/www.sertras.com\/gestao-de-fornecedores\/#\/schema\/person\/ef1e221c94744ef9f26e14989fd485b8","name":"Rodolfo Sandoval","image":{"@type":"ImageObject","inLanguage":"pt-BR","@id":"https:\/\/secure.gravatar.com\/avatar\/59896eb33f28cfa9c1b39b1b2f4d0f39482af012c0c5dd21b2554d9fae61b28a?s=96&d=mm&r=g","url":"https:\/\/secure.gravatar.com\/avatar\/59896eb33f28cfa9c1b39b1b2f4d0f39482af012c0c5dd21b2554d9fae61b28a?s=96&d=mm&r=g","contentUrl":"https:\/\/secure.gravatar.com\/avatar\/59896eb33f28cfa9c1b39b1b2f4d0f39482af012c0c5dd21b2554d9fae61b28a?s=96&d=mm&r=g","caption":"Rodolfo Sandoval"},"url":"https:\/\/www.sertras.com\/gestao-de-fornecedores\/author\/rodolfo-sandoval\/"}]}},"_links":{"self":[{"href":"https:\/\/www.sertras.com\/gestao-de-fornecedores\/wp-json\/wp\/v2\/posts\/13500","targetHints":{"allow":["GET"]}}],"collection":[{"href":"https:\/\/www.sertras.com\/gestao-de-fornecedores\/wp-json\/wp\/v2\/posts"}],"about":[{"href":"https:\/\/www.sertras.com\/gestao-de-fornecedores\/wp-json\/wp\/v2\/types\/post"}],"author":[{"embeddable":true,"href":"https:\/\/www.sertras.com\/gestao-de-fornecedores\/wp-json\/wp\/v2\/users\/12"}],"replies":[{"embeddable":true,"href":"https:\/\/www.sertras.com\/gestao-de-fornecedores\/wp-json\/wp\/v2\/comments?post=13500"}],"version-history":[{"count":13,"href":"https:\/\/www.sertras.com\/gestao-de-fornecedores\/wp-json\/wp\/v2\/posts\/13500\/revisions"}],"predecessor-version":[{"id":13534,"href":"https:\/\/www.sertras.com\/gestao-de-fornecedores\/wp-json\/wp\/v2\/posts\/13500\/revisions\/13534"}],"wp:attachment":[{"href":"https:\/\/www.sertras.com\/gestao-de-fornecedores\/wp-json\/wp\/v2\/media?parent=13500"}],"wp:term":[{"taxonomy":"category","embeddable":true,"href":"https:\/\/www.sertras.com\/gestao-de-fornecedores\/wp-json\/wp\/v2\/categories?post=13500"},{"taxonomy":"post_tag","embeddable":true,"href":"https:\/\/www.sertras.com\/gestao-de-fornecedores\/wp-json\/wp\/v2\/tags?post=13500"}],"curies":[{"name":"wp","href":"https:\/\/api.w.org\/{rel}","templated":true}]}}