{"id":14665,"date":"2026-02-23T13:14:53","date_gmt":"2026-02-23T16:14:53","guid":{"rendered":"https:\/\/www.sertras.com\/gestao-de-fornecedores\/?p=14665"},"modified":"2026-02-23T13:14:55","modified_gmt":"2026-02-23T16:14:55","slug":"esg-nao-e-slogan-greenwashing-real","status":"publish","type":"post","link":"https:\/\/www.sertras.com\/gestao-de-fornecedores\/esg-nao-e-slogan-greenwashing-real\/","title":{"rendered":"ESG: A Nova Maquiagem Corporativa? (Ou Como 5 Minutos Podem Estragar Tudo)"},"content":{"rendered":"\t\t<div data-elementor-type=\"wp-post\" data-elementor-id=\"14665\" class=\"elementor elementor-14665\" data-elementor-post-type=\"post\">\n\t\t\t\t<div class=\"elementor-element elementor-element-4f97921 e-flex e-con-boxed e-con e-parent\" data-id=\"4f97921\" data-element_type=\"container\" data-e-type=\"container\">\n\t\t\t\t\t<div class=\"e-con-inner\">\n\t\t\t\t<div class=\"elementor-element elementor-element-4f849ea elementor-widget elementor-widget-text-editor\" data-id=\"4f849ea\" data-element_type=\"widget\" data-e-type=\"widget\" data-widget_type=\"text-editor.default\">\n\t\t\t\t<div class=\"elementor-widget-container\">\n\t\t\t\t\t\t\t\t\t<p>Sabe aquela hist\u00f3ria de<strong> &#8220;n\u00e3o acredite em tudo que voc\u00ea l\u00ea&#8221;?<\/strong> Pois \u00e9. No \u00faltimo fim de semana, dei de cara com duas gigantes corporativas desfilando suas credenciais ESG nas redes. O que me chamou a aten\u00e7\u00e3o? N\u00e3o o que elas <em>diziam<\/em>. Mas o que <em>eu<\/em> descobri em meros 5 minutos de uma pesquisa b\u00e1sica.\u00a0<\/p><p>Spoiler: a maquiagem caiu!<\/p>\t\t\t\t\t\t\t\t<\/div>\n\t\t\t\t<\/div>\n\t\t\t\t<div class=\"elementor-element elementor-element-d539fbf elementor-widget elementor-widget-heading\" data-id=\"d539fbf\" data-element_type=\"widget\" data-e-type=\"widget\" data-widget_type=\"heading.default\">\n\t\t\t\t<div class=\"elementor-widget-container\">\n\t\t\t\t\t<h2 class=\"elementor-heading-title elementor-size-default\">ODS 5: A Igualdade de G\u00eanero Que N\u00e3o Chega ao Topo<\/h2>\t\t\t\t<\/div>\n\t\t\t\t<\/div>\n\t\t\t\t<div class=\"elementor-element elementor-element-74b65bc elementor-widget elementor-widget-text-editor\" data-id=\"74b65bc\" data-element_type=\"widget\" data-e-type=\"widget\" data-widget_type=\"text-editor.default\">\n\t\t\t\t<div class=\"elementor-widget-container\">\n\t\t\t\t\t\t\t\t\t<div class=\"size-full [&amp;&gt;*:first-child]:mt-0 [&amp;&gt;*:last-child]:mb-0 space-y-2\"><p>A primeira, um primor de comunica\u00e7\u00e3o. Posta, reposta, e posta de novo sobre <strong><span class=\"font-semibold\">igualdade de g\u00eanero<\/span> <\/strong>(ODS 5). Um show de consci\u00eancia, um engajamento que daria inveja a muito influenciador. Lindo de ver. At\u00e9 voc\u00ea clicar no link &#8220;Rela\u00e7\u00f5es Institucionais&#8221;.<\/p><\/div><div class=\"size-full [&amp;&gt;*:first-child]:mt-0 [&amp;&gt;*:last-child]:mb-0 space-y-2\">\u00a0<\/div><div class=\"size-full [&amp;&gt;*:first-child]:mt-0 [&amp;&gt;*:last-child]:mb-0 space-y-2\"><p>L\u00e1, a realidade: <strong><span class=\"font-semibold\">zero mulheres no board<\/span>. <span class=\"font-semibold\">Zero na diretoria<\/span>.<\/strong> E, para n\u00e3o dizer que n\u00e3o tem, entre <strong><span class=\"font-semibold\">12 l\u00edderes<\/span><\/strong>, a cota feminina batia em <strong><span class=\"font-semibold\">duas<\/span><\/strong>. Duas! A pergunta que n\u00e3o quer calar: ser\u00e1 que o ODS 5 s\u00f3 vale para o marketing, ou a igualdade de g\u00eanero ainda n\u00e3o foi convidada para a sala da diretoria?<\/p><\/div>\t\t\t\t\t\t\t\t<\/div>\n\t\t\t\t<\/div>\n\t\t\t\t<div class=\"elementor-element elementor-element-75eac58 elementor-widget elementor-widget-heading\" data-id=\"75eac58\" data-element_type=\"widget\" data-e-type=\"widget\" data-widget_type=\"heading.default\">\n\t\t\t\t<div class=\"elementor-widget-container\">\n\t\t\t\t\t<h2 class=\"elementor-heading-title elementor-size-default\">ESG 100%: Onde \"Sustent\u00e1vel\" Significa \"N\u00e3o Fui Multado Ontem\"<\/h2>\t\t\t\t<\/div>\n\t\t\t\t<\/div>\n\t\t\t\t<div class=\"elementor-element elementor-element-73e1401 elementor-widget elementor-widget-text-editor\" data-id=\"73e1401\" data-element_type=\"widget\" data-e-type=\"widget\" data-widget_type=\"text-editor.default\">\n\t\t\t\t<div class=\"elementor-widget-container\">\n\t\t\t\t\t\t\t\t\t<div class=\"size-full [&amp;&gt;*:first-child]:mt-0 [&amp;&gt;*:last-child]:mb-0 space-y-2\"><p>A segunda empresa? Essa \u00e9 para aplaudir de p\u00e9. Anuncia por terceiro ano consecutivo, sem pudor, que <strong><span class=\"font-semibold\">100% dos seus fornecedores s\u00e3o sustent\u00e1veis<\/span><\/strong>. E, pasmem, seu &#8220;indicador ESG&#8221; tamb\u00e9m bate nos <strong><span class=\"font-semibold\">100%<\/span><\/strong>. Uau! Que empresa exemplar, n\u00e3o?<\/p><\/div><div>\u00a0<\/div><div class=\"size-full [&amp;&gt;*:first-child]:mt-0 [&amp;&gt;*:last-child]:mb-0 space-y-2\">Fui checar a m\u00e1gica. O crit\u00e9rio para ser &#8220;sustent\u00e1vel&#8221;? Simples: <strong><span class=\"font-semibold\">n\u00e3o ter multas nem embargos no IBAMA<\/span><\/strong>. Ah, t\u00e1. Ent\u00e3o, n\u00e3o ser pego com a boca na botija j\u00e1 te eleva ao patamar de sustent\u00e1vel? \u00c9 o mesmo que dizer que sou um motorista exemplar porque n\u00e3o levei multa <em>hoje<\/em>. Importante? Claro. Suficiente? Nem de longe. Isso \u00e9 ESG? Por favor. Mais de 90% dos fornecedores nem precisam de Cadastro T\u00e9cnico Federal ou seja, jamais ter\u00e3o multas no IBAMA.<\/div>\t\t\t\t\t\t\t\t<\/div>\n\t\t\t\t<\/div>\n\t\t\t\t<div class=\"elementor-element elementor-element-3f0b427 elementor-widget elementor-widget-text-editor\" data-id=\"3f0b427\" data-element_type=\"widget\" data-e-type=\"widget\" data-widget_type=\"text-editor.default\">\n\t\t\t\t<div class=\"elementor-widget-container\">\n\t\t\t\t\t\t\t\t\t<h3 data-start=\"3147\" data-end=\"3177\">O Ponto \u00e9: ESG N\u00e3o \u00c9 Slogan. \u00c9 Li\u00e7\u00e3o de Casa.<\/h3><div class=\"size-full [&amp;&gt;*:first-child]:mt-0 [&amp;&gt;*:last-child]:mb-0 space-y-2\"><p>Vamos ser francos: <strong><span class=\"font-semibold\">ESG n\u00e3o \u00e9 um adesivo bonitinho para colar no seu relat\u00f3rio anual<\/span>.<\/strong> N\u00e3o \u00e9 um post inspirador para ganhar likes. ESG \u00e9, antes de tudo, <strong><span class=\"font-semibold\">li\u00e7\u00e3o de casa<\/span><\/strong>. \u00c9 m\u00e9todo, \u00e9 meta, \u00e9 evid\u00eancia, \u00e9 consequ\u00eancia. \u00c9 suor, n\u00e3o s\u00f3 discurso.<\/p><\/div><div class=\"size-full [&amp;&gt;*:first-child]:mt-0 [&amp;&gt;*:last-child]:mb-0 space-y-2\">\u00a0<\/div><div class=\"size-full [&amp;&gt;*:first-child]:mt-0 [&amp;&gt;*:last-child]:mb-0 space-y-2\"><p>Se a sua narrativa ESG desmorona com 5 minutos de Google, sinto informar: voc\u00ea n\u00e3o tem um posicionamento estrat\u00e9gico. Voc\u00ea tem um <strong><span class=\"font-semibold\">marketing com verniz<\/span><\/strong>, e a tinta est\u00e1 descascando.<\/p><\/div>\t\t\t\t\t\t\t\t<\/div>\n\t\t\t\t<\/div>\n\t\t\t\t<div class=\"elementor-element elementor-element-ea15326 elementor-widget elementor-widget-text-editor\" data-id=\"ea15326\" data-element_type=\"widget\" data-e-type=\"widget\" data-widget_type=\"text-editor.default\">\n\t\t\t\t<div class=\"elementor-widget-container\">\n\t\t\t\t\t\t\t\t\t<h3 data-start=\"3894\" data-end=\"3925\">E Por Que Voc\u00ea, Que Paga a Conta (Ou Quer Receber Por Ela), Deveria Se Importar?<\/h3><div class=\"size-full [&amp;&gt;*:first-child]:mt-0 [&amp;&gt;*:last-child]:mb-0 space-y-2\"><p>Agora, se voc\u00ea \u00e9 um <strong><span class=\"font-semibold\">grande comprador<\/span><\/strong>, preste aten\u00e7\u00e3o: n\u00e3o seja ing\u00eanuo. N\u00e3o engula indicadores ESG que parecem feitos de fuma\u00e7a. Exija transpar\u00eancia, dados auditados, provas concretas. Seu dinheiro merece respeito, e sua reputa\u00e7\u00e3o, mais ainda.<\/p><\/div><div class=\"size-full [&amp;&gt;*:first-child]:mt-0 [&amp;&gt;*:last-child]:mb-0 space-y-2\"><div class=\"size-full [&amp;&gt;*:first-child]:mt-0 [&amp;&gt;*:last-child]:mb-0 space-y-2\"><p><strong>E se voc\u00ea \u00e9 um <span class=\"font-semibold\">fornecedor<\/span>?<\/strong> Ah, meu caro, essa \u00e9 a sua hora de brilhar. Enquanto a concorr\u00eancia se perde em narrativas vazias, <strong>voc\u00ea <span class=\"font-semibold\">prova<\/span><\/strong>. Voc\u00ea estrutura seu ESG de verdade, documenta, mostra a cara. Isso n\u00e3o \u00e9 s\u00f3 &#8220;fazer o certo&#8221;. \u00c9 uma <strong><span class=\"font-semibold\">vantagem competitiva<\/span><\/strong> que o marketing de ilus\u00e3o jamais alcan\u00e7ar\u00e1.<\/p><\/div><\/div>\t\t\t\t\t\t\t\t<\/div>\n\t\t\t\t<\/div>\n\t\t\t\t<div class=\"elementor-element elementor-element-3f041c8 elementor-widget elementor-widget-heading\" data-id=\"3f041c8\" data-element_type=\"widget\" data-e-type=\"widget\" data-widget_type=\"heading.default\">\n\t\t\t\t<div class=\"elementor-widget-container\">\n\t\t\t\t\t<h2 class=\"elementor-heading-title elementor-size-default\">O Caminho Certo: Menos Slogan, Mais Suor<\/h2>\t\t\t\t<\/div>\n\t\t\t\t<\/div>\n\t\t\t\t<div class=\"elementor-element elementor-element-c333572 elementor-widget elementor-widget-text-editor\" data-id=\"c333572\" data-element_type=\"widget\" data-e-type=\"widget\" data-widget_type=\"text-editor.default\">\n\t\t\t\t<div class=\"elementor-widget-container\">\n\t\t\t\t\t\t\t\t\t<div class=\"size-full [&amp;&gt;*:first-child]:mt-0 [&amp;&gt;*:last-child]:mb-0 space-y-2\"><p><strong>O ESG de verdade n\u00e3o \u00e9 para os fracos.<\/strong> Exige a coragem de admitir: &#8220;Estamos no caminho, e sim, ainda temos muito a fazer&#8221;. Mas, principalmente, exige a disciplina de <span class=\"font-semibold\">provar com a\u00e7\u00f5es<\/span>, com indicadores que n\u00e3o mentem, com a humildade de mostrar o que ainda falta.<\/p><\/div><div class=\"size-full [&amp;&gt;*:first-child]:mt-0 [&amp;&gt;*:last-child]:mb-0 space-y-2\">\u00a0<\/div><div class=\"size-full [&amp;&gt;*:first-child]:mt-0 [&amp;&gt;*:last-child]:mb-0 space-y-2\"><p>Porque, no fim das contas, o mercado n\u00e3o \u00e9 bobo. Ele descobre. E quando a verdade vem \u00e0 tona, o custo de consertar uma reputa\u00e7\u00e3o manchada \u00e9 infinitamente maior do que o investimento em um ESG que, desde o in\u00edcio, fosse real. Pense nisso.<\/p><\/div>\t\t\t\t\t\t\t\t<\/div>\n\t\t\t\t<\/div>\n\t\t\t\t\t<\/div>\n\t\t\t\t<\/div>\n\t\t<div class=\"elementor-element elementor-element-a7e823e e-flex e-con-boxed e-con e-parent\" data-id=\"a7e823e\" data-element_type=\"container\" data-e-type=\"container\">\n\t\t\t\t\t<div class=\"e-con-inner\">\n\t\t\t\t<div class=\"elementor-element elementor-element-cffb4ad elementor-widget elementor-widget-heading\" data-id=\"cffb4ad\" data-element_type=\"widget\" data-e-type=\"widget\" data-widget_type=\"heading.default\">\n\t\t\t\t<div class=\"elementor-widget-container\">\n\t\t\t\t\t<h2 class=\"elementor-heading-title elementor-size-default\">Sobre o Autor<\/h2>\t\t\t\t<\/div>\n\t\t\t\t<\/div>\n\t\t\t\t\t<\/div>\n\t\t\t\t<\/div>\n\t\t<div class=\"elementor-element elementor-element-7cba207 e-flex e-con-boxed e-con e-parent\" data-id=\"7cba207\" data-element_type=\"container\" data-e-type=\"container\">\n\t\t\t\t\t<div class=\"e-con-inner\">\n\t\t<div class=\"elementor-element elementor-element-1e2c625 e-con-full e-flex e-con e-child\" data-id=\"1e2c625\" data-element_type=\"container\" data-e-type=\"container\">\n\t\t\t\t<div class=\"elementor-element elementor-element-05c03e3 elementor-widget elementor-widget-image\" data-id=\"05c03e3\" data-element_type=\"widget\" data-e-type=\"widget\" data-widget_type=\"image.default\">\n\t\t\t\t<div class=\"elementor-widget-container\">\n\t\t\t\t\t\t\t\t\t\t\t\t\t\t\t<img fetchpriority=\"high\" decoding=\"async\" width=\"930\" height=\"1024\" src=\"https:\/\/www.sertras.com\/gestao-de-fornecedores\/wp-content\/uploads\/2025\/09\/Foto-Rodolfo-scaled-e1757606834210-930x1024.webp\" class=\"attachment-large size-large wp-image-13859\" alt=\"Rodolfo Sandoval Rodr\u00edguez, fundador e CEO da Sertras\" srcset=\"https:\/\/www.sertras.com\/gestao-de-fornecedores\/wp-content\/uploads\/2025\/09\/Foto-Rodolfo-scaled-e1757606834210-930x1024.webp 930w, https:\/\/www.sertras.com\/gestao-de-fornecedores\/wp-content\/uploads\/2025\/09\/Foto-Rodolfo-scaled-e1757606834210-272x300.webp 272w, https:\/\/www.sertras.com\/gestao-de-fornecedores\/wp-content\/uploads\/2025\/09\/Foto-Rodolfo-scaled-e1757606834210-768x846.webp 768w, https:\/\/www.sertras.com\/gestao-de-fornecedores\/wp-content\/uploads\/2025\/09\/Foto-Rodolfo-scaled-e1757606834210.webp 1280w\" sizes=\"(max-width: 930px) 100vw, 930px\" \/>\t\t\t\t\t\t\t\t\t\t\t\t\t\t\t<\/div>\n\t\t\t\t<\/div>\n\t\t\t\t<\/div>\n\t\t<div class=\"elementor-element elementor-element-9d47ae0 e-con-full e-flex e-con e-child\" data-id=\"9d47ae0\" data-element_type=\"container\" data-e-type=\"container\">\n\t\t\t\t<div class=\"elementor-element elementor-element-0370348 elementor-widget elementor-widget-text-editor\" data-id=\"0370348\" data-element_type=\"widget\" data-e-type=\"widget\" data-widget_type=\"text-editor.default\">\n\t\t\t\t<div class=\"elementor-widget-container\">\n\t\t\t\t\t\t\t\t\t<strong>Rodolfo Sandoval Rodr\u00edguez<\/strong> \u00e9 fundador e CEO da <strong>Sertras<\/strong>, especialista em <strong>gest\u00e3o de fornecedores<\/strong>, <strong>homologa\u00e7\u00e3o<\/strong>, <strong>gest\u00e3o de terceiros<\/strong> e <strong>an\u00e1lise de riscos<\/strong>. Atua h\u00e1 mais de uma d\u00e9cada apoiando empresas compradoras na estrutura\u00e7\u00e3o de processos de compras com foco em <strong>governan\u00e7a<\/strong>, <strong>compliance<\/strong> e <strong>ESG<\/strong>.\n\n\u00c9 engenheiro de execu\u00e7\u00e3o industrial, empreendedor e palestrante, com forte atua\u00e7\u00e3o na profissionaliza\u00e7\u00e3o das rela\u00e7\u00f5es entre compradores e fornecedores, sempre com base em evid\u00eancias t\u00e9cnicas, proporcionalidade de risco e tomada de decis\u00e3o respons\u00e1vel.\t\t\t\t\t\t\t\t<\/div>\n\t\t\t\t<\/div>\n\t\t\t\t<\/div>\n\t\t\t\t\t<\/div>\n\t\t\t\t<\/div>\n\t\t\t\t<\/div>\n\t\t","protected":false},"excerpt":{"rendered":"<p>Sabe aquela hist\u00f3ria de &#8220;n\u00e3o acredite em tudo que voc\u00ea l\u00ea&#8221;? Pois \u00e9. No \u00faltimo fim de semana, dei de cara com duas gigantes corporativas desfilando suas credenciais ESG nas redes. O que me chamou a aten\u00e7\u00e3o? N\u00e3o o que elas diziam. Mas o que eu descobri em meros 5 minutos de uma pesquisa b\u00e1sica.\u00a0&hellip;<\/p>\n","protected":false},"author":12,"featured_media":14666,"comment_status":"open","ping_status":"open","sticky":false,"template":"","format":"standard","meta":{"footnotes":""},"categories":[145,149,144,1],"tags":[152,159,163,153,156,209],"class_list":["post-14665","post","type-post","status-publish","format-standard","has-post-thumbnail","hentry","category-compliance","category-esg","category-homologacao","category-utilidade-publica","tag-compradores","tag-due-diligence","tag-esg","tag-fornecedores","tag-gestao-de-fornecedores","tag-ia"],"yoast_head":"<!-- This site is optimized with the Yoast SEO Premium plugin v27.3 (Yoast SEO v27.3) - https:\/\/yoast.com\/product\/yoast-seo-premium-wordpress\/ -->\n<title>ESG N\u00e3o \u00c9 Slogan: O Que Vi em 5 Minutos | Rodolfo S. Rodr\u00edguez<\/title>\n<meta name=\"description\" content=\"Como grandes empresas falam de ESG mas n\u00e3o praticam. An\u00e1lise real de casos e o que realmente importa.\" \/>\n<meta name=\"robots\" content=\"index, follow, max-snippet:-1, max-image-preview:large, max-video-preview:-1\" \/>\n<link rel=\"canonical\" href=\"https:\/\/www.sertras.com\/gestao-de-fornecedores\/esg-nao-e-slogan-greenwashing-real\/\" \/>\n<meta property=\"og:locale\" content=\"pt_BR\" \/>\n<meta property=\"og:type\" content=\"article\" \/>\n<meta property=\"og:title\" content=\"ESG: A Nova Maquiagem Corporativa? (Ou Como 5 Minutos Podem Estragar Tudo)\" \/>\n<meta property=\"og:description\" content=\"Como grandes empresas falam de ESG mas n\u00e3o praticam. An\u00e1lise real de casos e o que realmente importa.\" \/>\n<meta property=\"og:url\" content=\"https:\/\/www.sertras.com\/gestao-de-fornecedores\/esg-nao-e-slogan-greenwashing-real\/\" \/>\n<meta property=\"og:site_name\" content=\"Sertras Gest\u00e3o de Fornecedores\" \/>\n<meta property=\"article:publisher\" content=\"https:\/\/pt-br.facebook.com\/sertras\/\" \/>\n<meta property=\"article:published_time\" content=\"2026-02-23T16:14:53+00:00\" \/>\n<meta property=\"article:modified_time\" content=\"2026-02-23T16:14:55+00:00\" \/>\n<meta property=\"og:image\" content=\"https:\/\/www.sertras.com\/gestao-de-fornecedores\/wp-content\/uploads\/2026\/02\/ESG-Quebra-evidencias-Blog-Sertras.webp\" \/>\n\t<meta property=\"og:image:width\" content=\"1200\" \/>\n\t<meta property=\"og:image:height\" content=\"1200\" \/>\n\t<meta property=\"og:image:type\" content=\"image\/webp\" \/>\n<meta name=\"author\" content=\"Rodolfo Sandoval\" \/>\n<meta name=\"twitter:label1\" content=\"Escrito por\" \/>\n\t<meta name=\"twitter:data1\" content=\"Rodolfo Sandoval\" \/>\n\t<meta name=\"twitter:label2\" content=\"Est. tempo de leitura\" \/>\n\t<meta name=\"twitter:data2\" content=\"5 minutos\" \/>\n<script type=\"application\/ld+json\" class=\"yoast-schema-graph\">{\"@context\":\"https:\\\/\\\/schema.org\",\"@graph\":[{\"@type\":\"Article\",\"@id\":\"https:\\\/\\\/www.sertras.com\\\/gestao-de-fornecedores\\\/esg-nao-e-slogan-greenwashing-real\\\/#article\",\"isPartOf\":{\"@id\":\"https:\\\/\\\/www.sertras.com\\\/gestao-de-fornecedores\\\/esg-nao-e-slogan-greenwashing-real\\\/\"},\"author\":{\"name\":\"Rodolfo Sandoval\",\"@id\":\"https:\\\/\\\/www.sertras.com\\\/gestao-de-fornecedores\\\/#\\\/schema\\\/person\\\/ef1e221c94744ef9f26e14989fd485b8\"},\"headline\":\"ESG: A Nova Maquiagem Corporativa? (Ou Como 5 Minutos Podem Estragar Tudo)\",\"datePublished\":\"2026-02-23T16:14:53+00:00\",\"dateModified\":\"2026-02-23T16:14:55+00:00\",\"mainEntityOfPage\":{\"@id\":\"https:\\\/\\\/www.sertras.com\\\/gestao-de-fornecedores\\\/esg-nao-e-slogan-greenwashing-real\\\/\"},\"wordCount\":714,\"commentCount\":0,\"publisher\":{\"@id\":\"https:\\\/\\\/www.sertras.com\\\/gestao-de-fornecedores\\\/#organization\"},\"image\":{\"@id\":\"https:\\\/\\\/www.sertras.com\\\/gestao-de-fornecedores\\\/esg-nao-e-slogan-greenwashing-real\\\/#primaryimage\"},\"thumbnailUrl\":\"https:\\\/\\\/www.sertras.com\\\/gestao-de-fornecedores\\\/wp-content\\\/uploads\\\/2026\\\/02\\\/ESG-Quebra-evidencias-Blog-Sertras.webp\",\"keywords\":[\"compradores\",\"due diligence\",\"esg\",\"fornecedores\",\"gest\u00e3o de fornecedores\",\"IA\"],\"articleSection\":[\"Compliance\",\"ESG\",\"Homologa\u00e7\u00e3o\",\"Utilidade P\u00fablica\"],\"inLanguage\":\"pt-BR\",\"potentialAction\":[{\"@type\":\"CommentAction\",\"name\":\"Comment\",\"target\":[\"https:\\\/\\\/www.sertras.com\\\/gestao-de-fornecedores\\\/esg-nao-e-slogan-greenwashing-real\\\/#respond\"]}]},{\"@type\":\"WebPage\",\"@id\":\"https:\\\/\\\/www.sertras.com\\\/gestao-de-fornecedores\\\/esg-nao-e-slogan-greenwashing-real\\\/\",\"url\":\"https:\\\/\\\/www.sertras.com\\\/gestao-de-fornecedores\\\/esg-nao-e-slogan-greenwashing-real\\\/\",\"name\":\"ESG N\u00e3o \u00c9 Slogan: O Que Vi em 5 Minutos | Rodolfo S. Rodr\u00edguez\",\"isPartOf\":{\"@id\":\"https:\\\/\\\/www.sertras.com\\\/gestao-de-fornecedores\\\/#website\"},\"primaryImageOfPage\":{\"@id\":\"https:\\\/\\\/www.sertras.com\\\/gestao-de-fornecedores\\\/esg-nao-e-slogan-greenwashing-real\\\/#primaryimage\"},\"image\":{\"@id\":\"https:\\\/\\\/www.sertras.com\\\/gestao-de-fornecedores\\\/esg-nao-e-slogan-greenwashing-real\\\/#primaryimage\"},\"thumbnailUrl\":\"https:\\\/\\\/www.sertras.com\\\/gestao-de-fornecedores\\\/wp-content\\\/uploads\\\/2026\\\/02\\\/ESG-Quebra-evidencias-Blog-Sertras.webp\",\"datePublished\":\"2026-02-23T16:14:53+00:00\",\"dateModified\":\"2026-02-23T16:14:55+00:00\",\"description\":\"Como grandes empresas falam de ESG mas n\u00e3o praticam. An\u00e1lise real de casos e o que realmente importa.\",\"breadcrumb\":{\"@id\":\"https:\\\/\\\/www.sertras.com\\\/gestao-de-fornecedores\\\/esg-nao-e-slogan-greenwashing-real\\\/#breadcrumb\"},\"inLanguage\":\"pt-BR\",\"potentialAction\":[{\"@type\":\"ReadAction\",\"target\":[\"https:\\\/\\\/www.sertras.com\\\/gestao-de-fornecedores\\\/esg-nao-e-slogan-greenwashing-real\\\/\"]}]},{\"@type\":\"ImageObject\",\"inLanguage\":\"pt-BR\",\"@id\":\"https:\\\/\\\/www.sertras.com\\\/gestao-de-fornecedores\\\/esg-nao-e-slogan-greenwashing-real\\\/#primaryimage\",\"url\":\"https:\\\/\\\/www.sertras.com\\\/gestao-de-fornecedores\\\/wp-content\\\/uploads\\\/2026\\\/02\\\/ESG-Quebra-evidencias-Blog-Sertras.webp\",\"contentUrl\":\"https:\\\/\\\/www.sertras.com\\\/gestao-de-fornecedores\\\/wp-content\\\/uploads\\\/2026\\\/02\\\/ESG-Quebra-evidencias-Blog-Sertras.webp\",\"width\":1200,\"height\":1200,\"caption\":\"Greenwashing: quando o discurso ESG n\u00e3o corresponde \u00e0 realidade das a\u00e7\u00f5es corporativas\"},{\"@type\":\"BreadcrumbList\",\"@id\":\"https:\\\/\\\/www.sertras.com\\\/gestao-de-fornecedores\\\/esg-nao-e-slogan-greenwashing-real\\\/#breadcrumb\",\"itemListElement\":[{\"@type\":\"ListItem\",\"position\":1,\"name\":\"In\u00edcio\",\"item\":\"https:\\\/\\\/www.sertras.com\\\/gestao-de-fornecedores\\\/\"},{\"@type\":\"ListItem\",\"position\":2,\"name\":\"ESG: A Nova Maquiagem Corporativa? (Ou Como 5 Minutos Podem Estragar Tudo)\"}]},{\"@type\":\"WebSite\",\"@id\":\"https:\\\/\\\/www.sertras.com\\\/gestao-de-fornecedores\\\/#website\",\"url\":\"https:\\\/\\\/www.sertras.com\\\/gestao-de-fornecedores\\\/\",\"name\":\"Sertras Gest\u00e3o de Fornecedores\",\"description\":\"Servi\u00e7os profissionais para compradores e fornecedores\",\"publisher\":{\"@id\":\"https:\\\/\\\/www.sertras.com\\\/gestao-de-fornecedores\\\/#organization\"},\"alternateName\":\"Sertras\",\"potentialAction\":[{\"@type\":\"SearchAction\",\"target\":{\"@type\":\"EntryPoint\",\"urlTemplate\":\"https:\\\/\\\/www.sertras.com\\\/gestao-de-fornecedores\\\/?s={search_term_string}\"},\"query-input\":{\"@type\":\"PropertyValueSpecification\",\"valueRequired\":true,\"valueName\":\"search_term_string\"}}],\"inLanguage\":\"pt-BR\"},{\"@type\":\"Organization\",\"@id\":\"https:\\\/\\\/www.sertras.com\\\/gestao-de-fornecedores\\\/#organization\",\"name\":\"Sertras Gest\u00e3o de Fornecedores\",\"alternateName\":\"Sertras\",\"url\":\"https:\\\/\\\/www.sertras.com\\\/gestao-de-fornecedores\\\/\",\"logo\":{\"@type\":\"ImageObject\",\"inLanguage\":\"pt-BR\",\"@id\":\"https:\\\/\\\/www.sertras.com\\\/gestao-de-fornecedores\\\/#\\\/schema\\\/logo\\\/image\\\/\",\"url\":\"\",\"contentUrl\":\"\",\"caption\":\"Sertras Gest\u00e3o de Fornecedores\"},\"image\":{\"@id\":\"https:\\\/\\\/www.sertras.com\\\/gestao-de-fornecedores\\\/#\\\/schema\\\/logo\\\/image\\\/\"},\"sameAs\":[\"https:\\\/\\\/pt-br.facebook.com\\\/sertras\\\/\",\"https:\\\/\\\/www.instagram.com\\\/sertrasfor\\\/\",\"https:\\\/\\\/br.linkedin.com\\\/company\\\/sertras\",\"https:\\\/\\\/www.sertras.com\\\/gestao-de-fornecedores\\\/\"],\"description\":\"A Sertras \u00e9 a maior autoridade em gest\u00e3o de fornecedores do Brasil, liderando o mercado com um ecossistema completo de governan\u00e7a e mitiga\u00e7\u00e3o de riscos. Especialista em Gest\u00e3o de Terceiros e Auditorias, a Sertras entrega 'Gest\u00e3o de Verdade' atrav\u00e9s de um portf\u00f3lio robusto que inclui Homologa\u00e7\u00e3o t\u00e9cnica, An\u00e1lise Financeira profunda, Due Diligence, Background Check e monitoramento de crit\u00e9rios ESG. Como pioneira na emiss\u00e3o de Selos de Certifica\u00e7\u00e3o e na forma\u00e7\u00e3o de um Ecossistema de Fornecedores Certificados, a companhia combina tecnologia de dados e intelig\u00eancia anal\u00edtica para garantir conformidade, seguran\u00e7a e performance em toda a cadeia de suprimentos das maiores corpora\u00e7\u00f5es do pa\u00eds.\",\"email\":\"comercial@sertras.com\",\"telephone\":\"+552120180156\",\"legalName\":\"Sertras Gest\u00e3o de Fornecedores Limitada\",\"foundingDate\":\"2015-06-03\",\"vatID\":\"22584068000106\",\"numberOfEmployees\":{\"@type\":\"QuantitativeValue\",\"minValue\":\"51\",\"maxValue\":\"200\"},\"publishingPrinciples\":\"https:\\\/\\\/www.sertras.com\\\/gestao-de-fornecedores\\\/politicas-sertras-old\\\/\",\"ethicsPolicy\":\"https:\\\/\\\/www.sertras.com\\\/gestao-de-fornecedores\\\/politicas-sertras-old\\\/\",\"diversityPolicy\":\"https:\\\/\\\/www.sertras.com\\\/gestao-de-fornecedores\\\/politicas-sertras-old\\\/\"},{\"@type\":\"Person\",\"@id\":\"https:\\\/\\\/www.sertras.com\\\/gestao-de-fornecedores\\\/#\\\/schema\\\/person\\\/ef1e221c94744ef9f26e14989fd485b8\",\"name\":\"Rodolfo Sandoval\",\"image\":{\"@type\":\"ImageObject\",\"inLanguage\":\"pt-BR\",\"@id\":\"https:\\\/\\\/secure.gravatar.com\\\/avatar\\\/59896eb33f28cfa9c1b39b1b2f4d0f39482af012c0c5dd21b2554d9fae61b28a?s=96&d=mm&r=g\",\"url\":\"https:\\\/\\\/secure.gravatar.com\\\/avatar\\\/59896eb33f28cfa9c1b39b1b2f4d0f39482af012c0c5dd21b2554d9fae61b28a?s=96&d=mm&r=g\",\"contentUrl\":\"https:\\\/\\\/secure.gravatar.com\\\/avatar\\\/59896eb33f28cfa9c1b39b1b2f4d0f39482af012c0c5dd21b2554d9fae61b28a?s=96&d=mm&r=g\",\"caption\":\"Rodolfo Sandoval\"},\"url\":\"https:\\\/\\\/www.sertras.com\\\/gestao-de-fornecedores\\\/author\\\/rodolfo-sandoval\\\/\"}]}<\/script>\n<!-- \/ Yoast SEO Premium plugin. -->","yoast_head_json":{"title":"ESG N\u00e3o \u00c9 Slogan: O Que Vi em 5 Minutos | Rodolfo S. Rodr\u00edguez","description":"Como grandes empresas falam de ESG mas n\u00e3o praticam. An\u00e1lise real de casos e o que realmente importa.","robots":{"index":"index","follow":"follow","max-snippet":"max-snippet:-1","max-image-preview":"max-image-preview:large","max-video-preview":"max-video-preview:-1"},"canonical":"https:\/\/www.sertras.com\/gestao-de-fornecedores\/esg-nao-e-slogan-greenwashing-real\/","og_locale":"pt_BR","og_type":"article","og_title":"ESG: A Nova Maquiagem Corporativa? (Ou Como 5 Minutos Podem Estragar Tudo)","og_description":"Como grandes empresas falam de ESG mas n\u00e3o praticam. An\u00e1lise real de casos e o que realmente importa.","og_url":"https:\/\/www.sertras.com\/gestao-de-fornecedores\/esg-nao-e-slogan-greenwashing-real\/","og_site_name":"Sertras Gest\u00e3o de Fornecedores","article_publisher":"https:\/\/pt-br.facebook.com\/sertras\/","article_published_time":"2026-02-23T16:14:53+00:00","article_modified_time":"2026-02-23T16:14:55+00:00","og_image":[{"width":1200,"height":1200,"url":"https:\/\/www.sertras.com\/gestao-de-fornecedores\/wp-content\/uploads\/2026\/02\/ESG-Quebra-evidencias-Blog-Sertras.webp","type":"image\/webp"}],"author":"Rodolfo Sandoval","twitter_misc":{"Escrito por":"Rodolfo Sandoval","Est. tempo de leitura":"5 minutos"},"schema":{"@context":"https:\/\/schema.org","@graph":[{"@type":"Article","@id":"https:\/\/www.sertras.com\/gestao-de-fornecedores\/esg-nao-e-slogan-greenwashing-real\/#article","isPartOf":{"@id":"https:\/\/www.sertras.com\/gestao-de-fornecedores\/esg-nao-e-slogan-greenwashing-real\/"},"author":{"name":"Rodolfo Sandoval","@id":"https:\/\/www.sertras.com\/gestao-de-fornecedores\/#\/schema\/person\/ef1e221c94744ef9f26e14989fd485b8"},"headline":"ESG: A Nova Maquiagem Corporativa? (Ou Como 5 Minutos Podem Estragar Tudo)","datePublished":"2026-02-23T16:14:53+00:00","dateModified":"2026-02-23T16:14:55+00:00","mainEntityOfPage":{"@id":"https:\/\/www.sertras.com\/gestao-de-fornecedores\/esg-nao-e-slogan-greenwashing-real\/"},"wordCount":714,"commentCount":0,"publisher":{"@id":"https:\/\/www.sertras.com\/gestao-de-fornecedores\/#organization"},"image":{"@id":"https:\/\/www.sertras.com\/gestao-de-fornecedores\/esg-nao-e-slogan-greenwashing-real\/#primaryimage"},"thumbnailUrl":"https:\/\/www.sertras.com\/gestao-de-fornecedores\/wp-content\/uploads\/2026\/02\/ESG-Quebra-evidencias-Blog-Sertras.webp","keywords":["compradores","due diligence","esg","fornecedores","gest\u00e3o de fornecedores","IA"],"articleSection":["Compliance","ESG","Homologa\u00e7\u00e3o","Utilidade P\u00fablica"],"inLanguage":"pt-BR","potentialAction":[{"@type":"CommentAction","name":"Comment","target":["https:\/\/www.sertras.com\/gestao-de-fornecedores\/esg-nao-e-slogan-greenwashing-real\/#respond"]}]},{"@type":"WebPage","@id":"https:\/\/www.sertras.com\/gestao-de-fornecedores\/esg-nao-e-slogan-greenwashing-real\/","url":"https:\/\/www.sertras.com\/gestao-de-fornecedores\/esg-nao-e-slogan-greenwashing-real\/","name":"ESG N\u00e3o \u00c9 Slogan: O Que Vi em 5 Minutos | Rodolfo S. Rodr\u00edguez","isPartOf":{"@id":"https:\/\/www.sertras.com\/gestao-de-fornecedores\/#website"},"primaryImageOfPage":{"@id":"https:\/\/www.sertras.com\/gestao-de-fornecedores\/esg-nao-e-slogan-greenwashing-real\/#primaryimage"},"image":{"@id":"https:\/\/www.sertras.com\/gestao-de-fornecedores\/esg-nao-e-slogan-greenwashing-real\/#primaryimage"},"thumbnailUrl":"https:\/\/www.sertras.com\/gestao-de-fornecedores\/wp-content\/uploads\/2026\/02\/ESG-Quebra-evidencias-Blog-Sertras.webp","datePublished":"2026-02-23T16:14:53+00:00","dateModified":"2026-02-23T16:14:55+00:00","description":"Como grandes empresas falam de ESG mas n\u00e3o praticam. An\u00e1lise real de casos e o que realmente importa.","breadcrumb":{"@id":"https:\/\/www.sertras.com\/gestao-de-fornecedores\/esg-nao-e-slogan-greenwashing-real\/#breadcrumb"},"inLanguage":"pt-BR","potentialAction":[{"@type":"ReadAction","target":["https:\/\/www.sertras.com\/gestao-de-fornecedores\/esg-nao-e-slogan-greenwashing-real\/"]}]},{"@type":"ImageObject","inLanguage":"pt-BR","@id":"https:\/\/www.sertras.com\/gestao-de-fornecedores\/esg-nao-e-slogan-greenwashing-real\/#primaryimage","url":"https:\/\/www.sertras.com\/gestao-de-fornecedores\/wp-content\/uploads\/2026\/02\/ESG-Quebra-evidencias-Blog-Sertras.webp","contentUrl":"https:\/\/www.sertras.com\/gestao-de-fornecedores\/wp-content\/uploads\/2026\/02\/ESG-Quebra-evidencias-Blog-Sertras.webp","width":1200,"height":1200,"caption":"Greenwashing: quando o discurso ESG n\u00e3o corresponde \u00e0 realidade das a\u00e7\u00f5es corporativas"},{"@type":"BreadcrumbList","@id":"https:\/\/www.sertras.com\/gestao-de-fornecedores\/esg-nao-e-slogan-greenwashing-real\/#breadcrumb","itemListElement":[{"@type":"ListItem","position":1,"name":"In\u00edcio","item":"https:\/\/www.sertras.com\/gestao-de-fornecedores\/"},{"@type":"ListItem","position":2,"name":"ESG: A Nova Maquiagem Corporativa? (Ou Como 5 Minutos Podem Estragar Tudo)"}]},{"@type":"WebSite","@id":"https:\/\/www.sertras.com\/gestao-de-fornecedores\/#website","url":"https:\/\/www.sertras.com\/gestao-de-fornecedores\/","name":"Sertras Gest\u00e3o de Fornecedores","description":"Servi\u00e7os profissionais para compradores e fornecedores","publisher":{"@id":"https:\/\/www.sertras.com\/gestao-de-fornecedores\/#organization"},"alternateName":"Sertras","potentialAction":[{"@type":"SearchAction","target":{"@type":"EntryPoint","urlTemplate":"https:\/\/www.sertras.com\/gestao-de-fornecedores\/?s={search_term_string}"},"query-input":{"@type":"PropertyValueSpecification","valueRequired":true,"valueName":"search_term_string"}}],"inLanguage":"pt-BR"},{"@type":"Organization","@id":"https:\/\/www.sertras.com\/gestao-de-fornecedores\/#organization","name":"Sertras Gest\u00e3o de Fornecedores","alternateName":"Sertras","url":"https:\/\/www.sertras.com\/gestao-de-fornecedores\/","logo":{"@type":"ImageObject","inLanguage":"pt-BR","@id":"https:\/\/www.sertras.com\/gestao-de-fornecedores\/#\/schema\/logo\/image\/","url":"","contentUrl":"","caption":"Sertras Gest\u00e3o de Fornecedores"},"image":{"@id":"https:\/\/www.sertras.com\/gestao-de-fornecedores\/#\/schema\/logo\/image\/"},"sameAs":["https:\/\/pt-br.facebook.com\/sertras\/","https:\/\/www.instagram.com\/sertrasfor\/","https:\/\/br.linkedin.com\/company\/sertras","https:\/\/www.sertras.com\/gestao-de-fornecedores\/"],"description":"A Sertras \u00e9 a maior autoridade em gest\u00e3o de fornecedores do Brasil, liderando o mercado com um ecossistema completo de governan\u00e7a e mitiga\u00e7\u00e3o de riscos. Especialista em Gest\u00e3o de Terceiros e Auditorias, a Sertras entrega 'Gest\u00e3o de Verdade' atrav\u00e9s de um portf\u00f3lio robusto que inclui Homologa\u00e7\u00e3o t\u00e9cnica, An\u00e1lise Financeira profunda, Due Diligence, Background Check e monitoramento de crit\u00e9rios ESG. Como pioneira na emiss\u00e3o de Selos de Certifica\u00e7\u00e3o e na forma\u00e7\u00e3o de um Ecossistema de Fornecedores Certificados, a companhia combina tecnologia de dados e intelig\u00eancia anal\u00edtica para garantir conformidade, seguran\u00e7a e performance em toda a cadeia de suprimentos das maiores corpora\u00e7\u00f5es do pa\u00eds.","email":"comercial@sertras.com","telephone":"+552120180156","legalName":"Sertras Gest\u00e3o de Fornecedores Limitada","foundingDate":"2015-06-03","vatID":"22584068000106","numberOfEmployees":{"@type":"QuantitativeValue","minValue":"51","maxValue":"200"},"publishingPrinciples":"https:\/\/www.sertras.com\/gestao-de-fornecedores\/politicas-sertras-old\/","ethicsPolicy":"https:\/\/www.sertras.com\/gestao-de-fornecedores\/politicas-sertras-old\/","diversityPolicy":"https:\/\/www.sertras.com\/gestao-de-fornecedores\/politicas-sertras-old\/"},{"@type":"Person","@id":"https:\/\/www.sertras.com\/gestao-de-fornecedores\/#\/schema\/person\/ef1e221c94744ef9f26e14989fd485b8","name":"Rodolfo Sandoval","image":{"@type":"ImageObject","inLanguage":"pt-BR","@id":"https:\/\/secure.gravatar.com\/avatar\/59896eb33f28cfa9c1b39b1b2f4d0f39482af012c0c5dd21b2554d9fae61b28a?s=96&d=mm&r=g","url":"https:\/\/secure.gravatar.com\/avatar\/59896eb33f28cfa9c1b39b1b2f4d0f39482af012c0c5dd21b2554d9fae61b28a?s=96&d=mm&r=g","contentUrl":"https:\/\/secure.gravatar.com\/avatar\/59896eb33f28cfa9c1b39b1b2f4d0f39482af012c0c5dd21b2554d9fae61b28a?s=96&d=mm&r=g","caption":"Rodolfo Sandoval"},"url":"https:\/\/www.sertras.com\/gestao-de-fornecedores\/author\/rodolfo-sandoval\/"}]}},"_links":{"self":[{"href":"https:\/\/www.sertras.com\/gestao-de-fornecedores\/wp-json\/wp\/v2\/posts\/14665","targetHints":{"allow":["GET"]}}],"collection":[{"href":"https:\/\/www.sertras.com\/gestao-de-fornecedores\/wp-json\/wp\/v2\/posts"}],"about":[{"href":"https:\/\/www.sertras.com\/gestao-de-fornecedores\/wp-json\/wp\/v2\/types\/post"}],"author":[{"embeddable":true,"href":"https:\/\/www.sertras.com\/gestao-de-fornecedores\/wp-json\/wp\/v2\/users\/12"}],"replies":[{"embeddable":true,"href":"https:\/\/www.sertras.com\/gestao-de-fornecedores\/wp-json\/wp\/v2\/comments?post=14665"}],"version-history":[{"count":20,"href":"https:\/\/www.sertras.com\/gestao-de-fornecedores\/wp-json\/wp\/v2\/posts\/14665\/revisions"}],"predecessor-version":[{"id":14687,"href":"https:\/\/www.sertras.com\/gestao-de-fornecedores\/wp-json\/wp\/v2\/posts\/14665\/revisions\/14687"}],"wp:featuredmedia":[{"embeddable":true,"href":"https:\/\/www.sertras.com\/gestao-de-fornecedores\/wp-json\/wp\/v2\/media\/14666"}],"wp:attachment":[{"href":"https:\/\/www.sertras.com\/gestao-de-fornecedores\/wp-json\/wp\/v2\/media?parent=14665"}],"wp:term":[{"taxonomy":"category","embeddable":true,"href":"https:\/\/www.sertras.com\/gestao-de-fornecedores\/wp-json\/wp\/v2\/categories?post=14665"},{"taxonomy":"post_tag","embeddable":true,"href":"https:\/\/www.sertras.com\/gestao-de-fornecedores\/wp-json\/wp\/v2\/tags?post=14665"}],"curies":[{"name":"wp","href":"https:\/\/api.w.org\/{rel}","templated":true}]}}