{"id":5185,"date":"2022-01-27T10:46:04","date_gmt":"2022-01-27T13:46:04","guid":{"rendered":"https:\/\/www.sertras.com\/gestao-de-fornecedores\/?p=5185"},"modified":"2023-10-13T13:58:57","modified_gmt":"2023-10-13T16:58:57","slug":"atualizacao-na-norma-regulamentadora-de-ergonomia-pela-eng-civil-vitoria-calheiros","status":"publish","type":"post","link":"https:\/\/www.sertras.com\/gestao-de-fornecedores\/atualizacao-na-norma-regulamentadora-de-ergonomia-pela-eng-civil-vitoria-calheiros\/","title":{"rendered":"Atualiza\u00e7\u00e3o na Norma Regulamentadora de Ergonomia &#8211; pela Eng. Civil Vit\u00f3ria Calheiros"},"content":{"rendered":"\n<p class=\"has-dark-gray-color has-text-color\">Desde o dia 03 de janeiro de 2022, est\u00e1 em vigor a nova atualiza\u00e7\u00e3o da NR 17*, que define as regras de ergonomia. Agora ser\u00e3o duas etapas de avalia\u00e7\u00e3o: uma etapa preliminar e uma etapa de aprofundamento. A etapa preliminar est\u00e1 prevista no Programa de Gerenciamento de Riscos &#8211; PGR* e a de aprofundamento na An\u00e1lise Ergon\u00f4mica do Trabalho &#8211; AET*.&nbsp;&nbsp;<\/p>\n\n\n\n<p class=\"has-dark-gray-color has-text-color\">Uma das curiosidades importantes dessa atualiza\u00e7\u00e3o est\u00e1 no fato de que o PPRA* passa a ser substitu\u00eddo pelo PGR, que por sua vez dever\u00e1 contemplar o gerenciamento de riscos ocupacionais e conter em seu invent\u00e1rio todos os riscos ergon\u00f4micos.&nbsp;<\/p>\n\n\n\n<p class=\"has-dark-gray-color has-text-color\">O upgrade das NRs aumenta a intera\u00e7\u00e3o entre as normas, pois neste instante a NR 17 ter\u00e1 que dialogar com a NR 1. Com isso, a AET* ser\u00e1 feita com base no PGR* a partir do momento em que constar risco ergon\u00f4mico neste documento.&nbsp;<\/p>\n\n\n\n<p class=\"has-dark-gray-color has-text-color\">Sendo assim, quando a empresa dever\u00e1 elaborar uma AET*?&nbsp;<\/p>\n\n\n\n<p class=\"has-dark-gray-color has-text-color\">Segundo a Norma Regulamentadora 17, existem v\u00e1rias ocasi\u00f5es em que ser\u00e1 necess\u00e1rio a elabora\u00e7\u00e3o da An\u00e1lise Ergon\u00f4mica do trabalho, s\u00e3o elas:<\/p>\n\n\n\n<ol class=\"has-dark-gray-color has-text-color wp-block-list\">\n<li>observada a necessidade de uma avalia\u00e7\u00e3o mais aprofundada da situa\u00e7\u00e3o;<\/li>\n\n\n\n<li>identificadas inadequa\u00e7\u00f5es ou insufici\u00eancia das a\u00e7\u00f5es adotadas;<\/li>\n\n\n\n<li>sugerida pelo acompanhamento de sa\u00fade dos trabalhadores, nos termos do Programa de Controle M\u00e9dico de Sa\u00fade Ocupacional &#8211; PCMSO* e da al\u00ednea &#8220;c&#8221; do subitem 1.5.5.1.1 da NR 01; ou<\/li>\n\n\n\n<li>indicada causa relacionada \u00e0s condi\u00e7\u00f5es de trabalho na an\u00e1lise de acidentes e doen\u00e7as relacionadas ao trabalho, nos termos PGR.<\/li>\n<\/ol>\n\n\n\n<p class=\"has-dark-gray-color has-text-color\">As empresas cujos os empregados realizem trabalhos f\u00edsicos, manuais ou que causem sobrecarga muscular (com esfor\u00e7o no pesco\u00e7o, ombros, dorso e membros superiores e inferiores) e que resultem em movimentos repetitivos, devem aplicar a NR 17, que tamb\u00e9m engloba o mobili\u00e1rio das esta\u00e7\u00f5es de trabalho, \u00e0s condi\u00e7\u00f5es de conforto no ambiente de trabalho e \u00e0 pr\u00f3pria institui\u00e7\u00e3o.&nbsp;<\/p>\n\n\n\n<p class=\"has-dark-gray-color has-text-color\">A AET deve sempre abordar as condi\u00e7\u00f5es de trabalho com base no funcionamento da institui\u00e7\u00e3o, com os processos bem definidos, situa\u00e7\u00f5es e as atividades.&nbsp; Tamb\u00e9m \u00e9 importante que tenha descrito e justificado os m\u00e9todos e instrumentos utilizados para realiza\u00e7\u00e3o da an\u00e1lise e aplica\u00e7\u00e3o.<\/p>\n\n\n\n<p class=\"has-dark-gray-color has-text-color\">Segundo a norma, o objetivo da AET \u00e9 estabelecer diagn\u00f3sticos e recomenda\u00e7\u00f5es para as situa\u00e7\u00f5es adversas de trabalhos que s\u00e3o analisadas. E devem dispor das etapas de execu\u00e7\u00e3o a seguir:&nbsp;<\/p>\n\n\n\n<ol class=\"has-dark-gray-color has-text-color wp-block-list\">\n<li>explicita\u00e7\u00e3o da demanda do estudo;<\/li>\n\n\n\n<li>an\u00e1lise das tarefas, atividades e situa\u00e7\u00f5es de trabalho;<\/li>\n\n\n\n<li>discuss\u00e3o e restitui\u00e7\u00e3o dos resultados aos trabalhadores envolvidos;<\/li>\n\n\n\n<li>recomenda\u00e7\u00f5es ergon\u00f4micas espec\u00edficas para os postos avaliados;<\/li>\n\n\n\n<li>avalia\u00e7\u00e3o e revis\u00e3o das interven\u00e7\u00f5es efetuadas com a participa\u00e7\u00e3o dos trabalhadores, supervisores e gerentes; e<\/li>\n\n\n\n<li>avalia\u00e7\u00e3o da efici\u00eancia das recomenda\u00e7\u00f5es.<\/li>\n<\/ol>\n\n\n\n<p class=\"has-dark-gray-color has-text-color\">As \u00fanicas empresas que n\u00e3o s\u00e3o obrigadas a elaborar uma an\u00e1lise ergon\u00f4mica do trabalho, s\u00e3o as Microempresas &#8211; ME e Empresas de Pequeno Porte &#8211; EPP enquadradas no grau de risco 1 e 2, em conjunto com o Microempreendedor Individual &#8211; MEI. Mas devem atender todas as exig\u00eancias estabelecidas na nova NR quando necess\u00e1rio.<\/p>\n\n\n\n<p class=\"has-dark-gray-color has-text-color\">Logo, com a atualiza\u00e7\u00e3o vigente da NR 17 ficou definido a inser\u00e7\u00e3o da ergonomia no Programa de Gerenciamento de Riscos &#8211; PGR, contemplado na NR 1. Devem integrar o invent\u00e1rio de riscos do PGR:<\/p>\n\n\n\n<ol class=\"has-dark-gray-color has-text-color wp-block-list\">\n<li>os resultados da avalia\u00e7\u00e3o ergon\u00f4mica preliminar; e<\/li>\n\n\n\n<li>a revis\u00e3o, quando for o caso, da identifica\u00e7\u00e3o dos perigos e da avalia\u00e7\u00e3o dos riscos, conforme indicado pela AET.<\/li>\n<\/ol>\n\n\n\n<p class=\"has-dark-gray-color has-text-color\">Sintetizando, a nova NR 17 veio para estabelecer par\u00e2metros que possibilitam a adapta\u00e7\u00e3o das condi\u00e7\u00f5es de trabalho de forma a proporcionar conforto, seguran\u00e7a e bem-estar, gerando um desempenho eficiente do trabalhador e consequentemente benef\u00edcios para a empresa.<\/p>\n\n\n\n<p class=\"has-dark-gray-color has-text-color\"><strong>Defini\u00e7\u00f5es:<\/strong><\/p>\n\n\n\n<ul class=\"has-dark-gray-color has-text-color wp-block-list\">\n<li>NR 17: Norma Regulamentadora de Ergonomia <\/li>\n\n\n\n<li>PGR: Programa de Gerenciamento de Riscos<\/li>\n\n\n\n<li>AET: An\u00e1lise Ergon\u00f4mica do Trabalho<\/li>\n\n\n\n<li>PPRA: Programa de Preven\u00e7\u00e3o de Riscos Ambientais<\/li>\n\n\n\n<li>PCMSO: Programa de Controle M\u00e9dico de Sa\u00fade Ocupacional<\/li>\n<\/ul>\n\n\n\n<figure class=\"wp-block-image size-full is-resized\"><img fetchpriority=\"high\" decoding=\"async\" width=\"985\" height=\"696\" src=\"https:\/\/www.sertras.com\/gestao-de-fornecedores\/wp-content\/uploads\/2022\/01\/assinatura-vitoria.png\" alt=\"\" class=\"wp-image-5190\" style=\"width:570px;height:402px\" srcset=\"https:\/\/www.sertras.com\/gestao-de-fornecedores\/wp-content\/uploads\/2022\/01\/assinatura-vitoria.png 985w, https:\/\/www.sertras.com\/gestao-de-fornecedores\/wp-content\/uploads\/2022\/01\/assinatura-vitoria-300x212.png 300w, https:\/\/www.sertras.com\/gestao-de-fornecedores\/wp-content\/uploads\/2022\/01\/assinatura-vitoria-768x543.png 768w\" sizes=\"(max-width: 985px) 100vw, 985px\" \/><\/figure>\n","protected":false},"excerpt":{"rendered":"<p>Conhe\u00e7a as novas altera\u00e7\u00f5es na Norma Regulamentadora de Ergonomia publicadas pelo Minist\u00e9rio do Trabalho!<br \/>\nVit\u00f3ria Calheiros, formada em engenharia civil, \u00e9 respons\u00e1vel pela \u00e1rea de Gest\u00e3o de Terceiros da Sertras. Ela elaborou esse artigo t\u00e9cnico abordando as mudan\u00e7as espec\u00edficas realizadas nesta norma. <\/p>\n","protected":false},"author":12,"featured_media":5198,"comment_status":"open","ping_status":"open","sticky":false,"template":"","format":"standard","meta":{"footnotes":""},"categories":[142],"tags":[152,153,155],"class_list":["post-5185","post","type-post","status-publish","format-standard","has-post-thumbnail","hentry","category-gestao-de-terceiros","tag-compradores","tag-fornecedores","tag-nr-17","category-142","description-off"],"yoast_head":"<!-- This site is optimized with the Yoast SEO Premium plugin v27.3 (Yoast SEO v27.3) - https:\/\/yoast.com\/product\/yoast-seo-premium-wordpress\/ -->\n<title>Atualiza\u00e7\u00e3o na Norma Regulamentadora de Ergonomia - pela Eng. Civil Vit\u00f3ria Calheiros - Sertras Gest\u00e3o de Fornecedores<\/title>\n<meta name=\"robots\" content=\"index, follow, max-snippet:-1, max-image-preview:large, max-video-preview:-1\" \/>\n<link rel=\"canonical\" href=\"https:\/\/www.sertras.com\/gestao-de-fornecedores\/atualizacao-na-norma-regulamentadora-de-ergonomia-pela-eng-civil-vitoria-calheiros\/\" \/>\n<meta property=\"og:locale\" content=\"pt_BR\" \/>\n<meta property=\"og:type\" content=\"article\" \/>\n<meta property=\"og:title\" content=\"Atualiza\u00e7\u00e3o na Norma Regulamentadora de Ergonomia - pela Eng. Civil Vit\u00f3ria Calheiros\" \/>\n<meta property=\"og:description\" content=\"Conhe\u00e7a as novas altera\u00e7\u00f5es na Norma Regulamentadora de Ergonomia publicadas pelo Minist\u00e9rio do Trabalho! Vit\u00f3ria Calheiros, formada em engenharia civil, \u00e9 respons\u00e1vel pela \u00e1rea de Gest\u00e3o de Terceiros da Sertras. Ela elaborou esse artigo t\u00e9cnico abordando as mudan\u00e7as espec\u00edficas realizadas nesta norma.\" \/>\n<meta property=\"og:url\" content=\"https:\/\/www.sertras.com\/gestao-de-fornecedores\/atualizacao-na-norma-regulamentadora-de-ergonomia-pela-eng-civil-vitoria-calheiros\/\" \/>\n<meta property=\"og:site_name\" content=\"Sertras Gest\u00e3o de Fornecedores\" \/>\n<meta property=\"article:publisher\" content=\"https:\/\/pt-br.facebook.com\/sertras\/\" \/>\n<meta property=\"article:published_time\" content=\"2022-01-27T13:46:04+00:00\" \/>\n<meta property=\"article:modified_time\" content=\"2023-10-13T16:58:57+00:00\" \/>\n<meta property=\"og:image\" content=\"https:\/\/www.sertras.com\/gestao-de-fornecedores\/wp-content\/uploads\/2022\/01\/capa-artigo-atualizacao-NR7-1.png\" \/>\n\t<meta property=\"og:image:width\" content=\"1366\" \/>\n\t<meta property=\"og:image:height\" content=\"768\" \/>\n\t<meta property=\"og:image:type\" content=\"image\/png\" \/>\n<meta name=\"author\" content=\"Rodolfo Sandoval\" \/>\n<meta name=\"twitter:label1\" content=\"Escrito por\" \/>\n\t<meta name=\"twitter:data1\" content=\"Rodolfo Sandoval\" \/>\n\t<meta name=\"twitter:label2\" content=\"Est. tempo de leitura\" \/>\n\t<meta name=\"twitter:data2\" content=\"4 minutos\" \/>\n<script type=\"application\/ld+json\" class=\"yoast-schema-graph\">{\"@context\":\"https:\\\/\\\/schema.org\",\"@graph\":[{\"@type\":\"Article\",\"@id\":\"https:\\\/\\\/www.sertras.com\\\/gestao-de-fornecedores\\\/atualizacao-na-norma-regulamentadora-de-ergonomia-pela-eng-civil-vitoria-calheiros\\\/#article\",\"isPartOf\":{\"@id\":\"https:\\\/\\\/www.sertras.com\\\/gestao-de-fornecedores\\\/atualizacao-na-norma-regulamentadora-de-ergonomia-pela-eng-civil-vitoria-calheiros\\\/\"},\"author\":{\"name\":\"Rodolfo Sandoval\",\"@id\":\"https:\\\/\\\/www.sertras.com\\\/gestao-de-fornecedores\\\/#\\\/schema\\\/person\\\/ef1e221c94744ef9f26e14989fd485b8\"},\"headline\":\"Atualiza\u00e7\u00e3o na Norma Regulamentadora de Ergonomia &#8211; pela Eng. Civil Vit\u00f3ria Calheiros\",\"datePublished\":\"2022-01-27T13:46:04+00:00\",\"dateModified\":\"2023-10-13T16:58:57+00:00\",\"mainEntityOfPage\":{\"@id\":\"https:\\\/\\\/www.sertras.com\\\/gestao-de-fornecedores\\\/atualizacao-na-norma-regulamentadora-de-ergonomia-pela-eng-civil-vitoria-calheiros\\\/\"},\"wordCount\":699,\"commentCount\":0,\"publisher\":{\"@id\":\"https:\\\/\\\/www.sertras.com\\\/gestao-de-fornecedores\\\/#organization\"},\"image\":{\"@id\":\"https:\\\/\\\/www.sertras.com\\\/gestao-de-fornecedores\\\/atualizacao-na-norma-regulamentadora-de-ergonomia-pela-eng-civil-vitoria-calheiros\\\/#primaryimage\"},\"thumbnailUrl\":\"https:\\\/\\\/www.sertras.com\\\/gestao-de-fornecedores\\\/wp-content\\\/uploads\\\/2022\\\/01\\\/capa-artigo-atualizacao-NR7-1.png\",\"keywords\":[\"compradores\",\"fornecedores\",\"NR 17\"],\"articleSection\":[\"Gest\u00e3o de Terceiros\"],\"inLanguage\":\"pt-BR\",\"potentialAction\":[{\"@type\":\"CommentAction\",\"name\":\"Comment\",\"target\":[\"https:\\\/\\\/www.sertras.com\\\/gestao-de-fornecedores\\\/atualizacao-na-norma-regulamentadora-de-ergonomia-pela-eng-civil-vitoria-calheiros\\\/#respond\"]}]},{\"@type\":\"WebPage\",\"@id\":\"https:\\\/\\\/www.sertras.com\\\/gestao-de-fornecedores\\\/atualizacao-na-norma-regulamentadora-de-ergonomia-pela-eng-civil-vitoria-calheiros\\\/\",\"url\":\"https:\\\/\\\/www.sertras.com\\\/gestao-de-fornecedores\\\/atualizacao-na-norma-regulamentadora-de-ergonomia-pela-eng-civil-vitoria-calheiros\\\/\",\"name\":\"Atualiza\u00e7\u00e3o na Norma Regulamentadora de Ergonomia - pela Eng. Civil Vit\u00f3ria Calheiros - Sertras Gest\u00e3o de Fornecedores\",\"isPartOf\":{\"@id\":\"https:\\\/\\\/www.sertras.com\\\/gestao-de-fornecedores\\\/#website\"},\"primaryImageOfPage\":{\"@id\":\"https:\\\/\\\/www.sertras.com\\\/gestao-de-fornecedores\\\/atualizacao-na-norma-regulamentadora-de-ergonomia-pela-eng-civil-vitoria-calheiros\\\/#primaryimage\"},\"image\":{\"@id\":\"https:\\\/\\\/www.sertras.com\\\/gestao-de-fornecedores\\\/atualizacao-na-norma-regulamentadora-de-ergonomia-pela-eng-civil-vitoria-calheiros\\\/#primaryimage\"},\"thumbnailUrl\":\"https:\\\/\\\/www.sertras.com\\\/gestao-de-fornecedores\\\/wp-content\\\/uploads\\\/2022\\\/01\\\/capa-artigo-atualizacao-NR7-1.png\",\"datePublished\":\"2022-01-27T13:46:04+00:00\",\"dateModified\":\"2023-10-13T16:58:57+00:00\",\"breadcrumb\":{\"@id\":\"https:\\\/\\\/www.sertras.com\\\/gestao-de-fornecedores\\\/atualizacao-na-norma-regulamentadora-de-ergonomia-pela-eng-civil-vitoria-calheiros\\\/#breadcrumb\"},\"inLanguage\":\"pt-BR\",\"potentialAction\":[{\"@type\":\"ReadAction\",\"target\":[\"https:\\\/\\\/www.sertras.com\\\/gestao-de-fornecedores\\\/atualizacao-na-norma-regulamentadora-de-ergonomia-pela-eng-civil-vitoria-calheiros\\\/\"]}]},{\"@type\":\"ImageObject\",\"inLanguage\":\"pt-BR\",\"@id\":\"https:\\\/\\\/www.sertras.com\\\/gestao-de-fornecedores\\\/atualizacao-na-norma-regulamentadora-de-ergonomia-pela-eng-civil-vitoria-calheiros\\\/#primaryimage\",\"url\":\"https:\\\/\\\/www.sertras.com\\\/gestao-de-fornecedores\\\/wp-content\\\/uploads\\\/2022\\\/01\\\/capa-artigo-atualizacao-NR7-1.png\",\"contentUrl\":\"https:\\\/\\\/www.sertras.com\\\/gestao-de-fornecedores\\\/wp-content\\\/uploads\\\/2022\\\/01\\\/capa-artigo-atualizacao-NR7-1.png\",\"width\":1366,\"height\":768},{\"@type\":\"BreadcrumbList\",\"@id\":\"https:\\\/\\\/www.sertras.com\\\/gestao-de-fornecedores\\\/atualizacao-na-norma-regulamentadora-de-ergonomia-pela-eng-civil-vitoria-calheiros\\\/#breadcrumb\",\"itemListElement\":[{\"@type\":\"ListItem\",\"position\":1,\"name\":\"In\u00edcio\",\"item\":\"https:\\\/\\\/www.sertras.com\\\/gestao-de-fornecedores\\\/\"},{\"@type\":\"ListItem\",\"position\":2,\"name\":\"Atualiza\u00e7\u00e3o na Norma Regulamentadora de Ergonomia &#8211; pela Eng. Civil Vit\u00f3ria Calheiros\"}]},{\"@type\":\"WebSite\",\"@id\":\"https:\\\/\\\/www.sertras.com\\\/gestao-de-fornecedores\\\/#website\",\"url\":\"https:\\\/\\\/www.sertras.com\\\/gestao-de-fornecedores\\\/\",\"name\":\"Sertras Gest\u00e3o de Fornecedores\",\"description\":\"Servi\u00e7os profissionais para compradores e fornecedores\",\"publisher\":{\"@id\":\"https:\\\/\\\/www.sertras.com\\\/gestao-de-fornecedores\\\/#organization\"},\"alternateName\":\"Sertras\",\"potentialAction\":[{\"@type\":\"SearchAction\",\"target\":{\"@type\":\"EntryPoint\",\"urlTemplate\":\"https:\\\/\\\/www.sertras.com\\\/gestao-de-fornecedores\\\/?s={search_term_string}\"},\"query-input\":{\"@type\":\"PropertyValueSpecification\",\"valueRequired\":true,\"valueName\":\"search_term_string\"}}],\"inLanguage\":\"pt-BR\"},{\"@type\":\"Organization\",\"@id\":\"https:\\\/\\\/www.sertras.com\\\/gestao-de-fornecedores\\\/#organization\",\"name\":\"Sertras Gest\u00e3o de Fornecedores\",\"alternateName\":\"Sertras\",\"url\":\"https:\\\/\\\/www.sertras.com\\\/gestao-de-fornecedores\\\/\",\"logo\":{\"@type\":\"ImageObject\",\"inLanguage\":\"pt-BR\",\"@id\":\"https:\\\/\\\/www.sertras.com\\\/gestao-de-fornecedores\\\/#\\\/schema\\\/logo\\\/image\\\/\",\"url\":\"\",\"contentUrl\":\"\",\"caption\":\"Sertras Gest\u00e3o de Fornecedores\"},\"image\":{\"@id\":\"https:\\\/\\\/www.sertras.com\\\/gestao-de-fornecedores\\\/#\\\/schema\\\/logo\\\/image\\\/\"},\"sameAs\":[\"https:\\\/\\\/pt-br.facebook.com\\\/sertras\\\/\",\"https:\\\/\\\/www.instagram.com\\\/sertrasfor\\\/\",\"https:\\\/\\\/br.linkedin.com\\\/company\\\/sertras\",\"https:\\\/\\\/www.sertras.com\\\/gestao-de-fornecedores\\\/\"],\"description\":\"A Sertras \u00e9 a maior autoridade em gest\u00e3o de fornecedores do Brasil, liderando o mercado com um ecossistema completo de governan\u00e7a e mitiga\u00e7\u00e3o de riscos. Especialista em Gest\u00e3o de Terceiros e Auditorias, a Sertras entrega 'Gest\u00e3o de Verdade' atrav\u00e9s de um portf\u00f3lio robusto que inclui Homologa\u00e7\u00e3o t\u00e9cnica, An\u00e1lise Financeira profunda, Due Diligence, Background Check e monitoramento de crit\u00e9rios ESG. Como pioneira na emiss\u00e3o de Selos de Certifica\u00e7\u00e3o e na forma\u00e7\u00e3o de um Ecossistema de Fornecedores Certificados, a companhia combina tecnologia de dados e intelig\u00eancia anal\u00edtica para garantir conformidade, seguran\u00e7a e performance em toda a cadeia de suprimentos das maiores corpora\u00e7\u00f5es do pa\u00eds.\",\"email\":\"comercial@sertras.com\",\"telephone\":\"+552120180156\",\"legalName\":\"Sertras Gest\u00e3o de Fornecedores Limitada\",\"foundingDate\":\"2015-06-03\",\"vatID\":\"22584068000106\",\"numberOfEmployees\":{\"@type\":\"QuantitativeValue\",\"minValue\":\"51\",\"maxValue\":\"200\"},\"publishingPrinciples\":\"https:\\\/\\\/www.sertras.com\\\/gestao-de-fornecedores\\\/politicas-sertras-old\\\/\",\"ethicsPolicy\":\"https:\\\/\\\/www.sertras.com\\\/gestao-de-fornecedores\\\/politicas-sertras-old\\\/\",\"diversityPolicy\":\"https:\\\/\\\/www.sertras.com\\\/gestao-de-fornecedores\\\/politicas-sertras-old\\\/\"},{\"@type\":\"Person\",\"@id\":\"https:\\\/\\\/www.sertras.com\\\/gestao-de-fornecedores\\\/#\\\/schema\\\/person\\\/ef1e221c94744ef9f26e14989fd485b8\",\"name\":\"Rodolfo Sandoval\",\"image\":{\"@type\":\"ImageObject\",\"inLanguage\":\"pt-BR\",\"@id\":\"https:\\\/\\\/secure.gravatar.com\\\/avatar\\\/59896eb33f28cfa9c1b39b1b2f4d0f39482af012c0c5dd21b2554d9fae61b28a?s=96&d=mm&r=g\",\"url\":\"https:\\\/\\\/secure.gravatar.com\\\/avatar\\\/59896eb33f28cfa9c1b39b1b2f4d0f39482af012c0c5dd21b2554d9fae61b28a?s=96&d=mm&r=g\",\"contentUrl\":\"https:\\\/\\\/secure.gravatar.com\\\/avatar\\\/59896eb33f28cfa9c1b39b1b2f4d0f39482af012c0c5dd21b2554d9fae61b28a?s=96&d=mm&r=g\",\"caption\":\"Rodolfo Sandoval\"},\"url\":\"https:\\\/\\\/www.sertras.com\\\/gestao-de-fornecedores\\\/author\\\/rodolfo-sandoval\\\/\"}]}<\/script>\n<!-- \/ Yoast SEO Premium plugin. -->","yoast_head_json":{"title":"Atualiza\u00e7\u00e3o na Norma Regulamentadora de Ergonomia - pela Eng. Civil Vit\u00f3ria Calheiros - Sertras Gest\u00e3o de Fornecedores","robots":{"index":"index","follow":"follow","max-snippet":"max-snippet:-1","max-image-preview":"max-image-preview:large","max-video-preview":"max-video-preview:-1"},"canonical":"https:\/\/www.sertras.com\/gestao-de-fornecedores\/atualizacao-na-norma-regulamentadora-de-ergonomia-pela-eng-civil-vitoria-calheiros\/","og_locale":"pt_BR","og_type":"article","og_title":"Atualiza\u00e7\u00e3o na Norma Regulamentadora de Ergonomia - pela Eng. Civil Vit\u00f3ria Calheiros","og_description":"Conhe\u00e7a as novas altera\u00e7\u00f5es na Norma Regulamentadora de Ergonomia publicadas pelo Minist\u00e9rio do Trabalho! Vit\u00f3ria Calheiros, formada em engenharia civil, \u00e9 respons\u00e1vel pela \u00e1rea de Gest\u00e3o de Terceiros da Sertras. Ela elaborou esse artigo t\u00e9cnico abordando as mudan\u00e7as espec\u00edficas realizadas nesta norma.","og_url":"https:\/\/www.sertras.com\/gestao-de-fornecedores\/atualizacao-na-norma-regulamentadora-de-ergonomia-pela-eng-civil-vitoria-calheiros\/","og_site_name":"Sertras Gest\u00e3o de Fornecedores","article_publisher":"https:\/\/pt-br.facebook.com\/sertras\/","article_published_time":"2022-01-27T13:46:04+00:00","article_modified_time":"2023-10-13T16:58:57+00:00","og_image":[{"width":1366,"height":768,"url":"https:\/\/www.sertras.com\/gestao-de-fornecedores\/wp-content\/uploads\/2022\/01\/capa-artigo-atualizacao-NR7-1.png","type":"image\/png"}],"author":"Rodolfo Sandoval","twitter_misc":{"Escrito por":"Rodolfo Sandoval","Est. tempo de leitura":"4 minutos"},"schema":{"@context":"https:\/\/schema.org","@graph":[{"@type":"Article","@id":"https:\/\/www.sertras.com\/gestao-de-fornecedores\/atualizacao-na-norma-regulamentadora-de-ergonomia-pela-eng-civil-vitoria-calheiros\/#article","isPartOf":{"@id":"https:\/\/www.sertras.com\/gestao-de-fornecedores\/atualizacao-na-norma-regulamentadora-de-ergonomia-pela-eng-civil-vitoria-calheiros\/"},"author":{"name":"Rodolfo Sandoval","@id":"https:\/\/www.sertras.com\/gestao-de-fornecedores\/#\/schema\/person\/ef1e221c94744ef9f26e14989fd485b8"},"headline":"Atualiza\u00e7\u00e3o na Norma Regulamentadora de Ergonomia &#8211; pela Eng. Civil Vit\u00f3ria Calheiros","datePublished":"2022-01-27T13:46:04+00:00","dateModified":"2023-10-13T16:58:57+00:00","mainEntityOfPage":{"@id":"https:\/\/www.sertras.com\/gestao-de-fornecedores\/atualizacao-na-norma-regulamentadora-de-ergonomia-pela-eng-civil-vitoria-calheiros\/"},"wordCount":699,"commentCount":0,"publisher":{"@id":"https:\/\/www.sertras.com\/gestao-de-fornecedores\/#organization"},"image":{"@id":"https:\/\/www.sertras.com\/gestao-de-fornecedores\/atualizacao-na-norma-regulamentadora-de-ergonomia-pela-eng-civil-vitoria-calheiros\/#primaryimage"},"thumbnailUrl":"https:\/\/www.sertras.com\/gestao-de-fornecedores\/wp-content\/uploads\/2022\/01\/capa-artigo-atualizacao-NR7-1.png","keywords":["compradores","fornecedores","NR 17"],"articleSection":["Gest\u00e3o de Terceiros"],"inLanguage":"pt-BR","potentialAction":[{"@type":"CommentAction","name":"Comment","target":["https:\/\/www.sertras.com\/gestao-de-fornecedores\/atualizacao-na-norma-regulamentadora-de-ergonomia-pela-eng-civil-vitoria-calheiros\/#respond"]}]},{"@type":"WebPage","@id":"https:\/\/www.sertras.com\/gestao-de-fornecedores\/atualizacao-na-norma-regulamentadora-de-ergonomia-pela-eng-civil-vitoria-calheiros\/","url":"https:\/\/www.sertras.com\/gestao-de-fornecedores\/atualizacao-na-norma-regulamentadora-de-ergonomia-pela-eng-civil-vitoria-calheiros\/","name":"Atualiza\u00e7\u00e3o na Norma Regulamentadora de Ergonomia - pela Eng. Civil Vit\u00f3ria Calheiros - Sertras Gest\u00e3o de Fornecedores","isPartOf":{"@id":"https:\/\/www.sertras.com\/gestao-de-fornecedores\/#website"},"primaryImageOfPage":{"@id":"https:\/\/www.sertras.com\/gestao-de-fornecedores\/atualizacao-na-norma-regulamentadora-de-ergonomia-pela-eng-civil-vitoria-calheiros\/#primaryimage"},"image":{"@id":"https:\/\/www.sertras.com\/gestao-de-fornecedores\/atualizacao-na-norma-regulamentadora-de-ergonomia-pela-eng-civil-vitoria-calheiros\/#primaryimage"},"thumbnailUrl":"https:\/\/www.sertras.com\/gestao-de-fornecedores\/wp-content\/uploads\/2022\/01\/capa-artigo-atualizacao-NR7-1.png","datePublished":"2022-01-27T13:46:04+00:00","dateModified":"2023-10-13T16:58:57+00:00","breadcrumb":{"@id":"https:\/\/www.sertras.com\/gestao-de-fornecedores\/atualizacao-na-norma-regulamentadora-de-ergonomia-pela-eng-civil-vitoria-calheiros\/#breadcrumb"},"inLanguage":"pt-BR","potentialAction":[{"@type":"ReadAction","target":["https:\/\/www.sertras.com\/gestao-de-fornecedores\/atualizacao-na-norma-regulamentadora-de-ergonomia-pela-eng-civil-vitoria-calheiros\/"]}]},{"@type":"ImageObject","inLanguage":"pt-BR","@id":"https:\/\/www.sertras.com\/gestao-de-fornecedores\/atualizacao-na-norma-regulamentadora-de-ergonomia-pela-eng-civil-vitoria-calheiros\/#primaryimage","url":"https:\/\/www.sertras.com\/gestao-de-fornecedores\/wp-content\/uploads\/2022\/01\/capa-artigo-atualizacao-NR7-1.png","contentUrl":"https:\/\/www.sertras.com\/gestao-de-fornecedores\/wp-content\/uploads\/2022\/01\/capa-artigo-atualizacao-NR7-1.png","width":1366,"height":768},{"@type":"BreadcrumbList","@id":"https:\/\/www.sertras.com\/gestao-de-fornecedores\/atualizacao-na-norma-regulamentadora-de-ergonomia-pela-eng-civil-vitoria-calheiros\/#breadcrumb","itemListElement":[{"@type":"ListItem","position":1,"name":"In\u00edcio","item":"https:\/\/www.sertras.com\/gestao-de-fornecedores\/"},{"@type":"ListItem","position":2,"name":"Atualiza\u00e7\u00e3o na Norma Regulamentadora de Ergonomia &#8211; pela Eng. Civil Vit\u00f3ria Calheiros"}]},{"@type":"WebSite","@id":"https:\/\/www.sertras.com\/gestao-de-fornecedores\/#website","url":"https:\/\/www.sertras.com\/gestao-de-fornecedores\/","name":"Sertras Gest\u00e3o de Fornecedores","description":"Servi\u00e7os profissionais para compradores e fornecedores","publisher":{"@id":"https:\/\/www.sertras.com\/gestao-de-fornecedores\/#organization"},"alternateName":"Sertras","potentialAction":[{"@type":"SearchAction","target":{"@type":"EntryPoint","urlTemplate":"https:\/\/www.sertras.com\/gestao-de-fornecedores\/?s={search_term_string}"},"query-input":{"@type":"PropertyValueSpecification","valueRequired":true,"valueName":"search_term_string"}}],"inLanguage":"pt-BR"},{"@type":"Organization","@id":"https:\/\/www.sertras.com\/gestao-de-fornecedores\/#organization","name":"Sertras Gest\u00e3o de Fornecedores","alternateName":"Sertras","url":"https:\/\/www.sertras.com\/gestao-de-fornecedores\/","logo":{"@type":"ImageObject","inLanguage":"pt-BR","@id":"https:\/\/www.sertras.com\/gestao-de-fornecedores\/#\/schema\/logo\/image\/","url":"","contentUrl":"","caption":"Sertras Gest\u00e3o de Fornecedores"},"image":{"@id":"https:\/\/www.sertras.com\/gestao-de-fornecedores\/#\/schema\/logo\/image\/"},"sameAs":["https:\/\/pt-br.facebook.com\/sertras\/","https:\/\/www.instagram.com\/sertrasfor\/","https:\/\/br.linkedin.com\/company\/sertras","https:\/\/www.sertras.com\/gestao-de-fornecedores\/"],"description":"A Sertras \u00e9 a maior autoridade em gest\u00e3o de fornecedores do Brasil, liderando o mercado com um ecossistema completo de governan\u00e7a e mitiga\u00e7\u00e3o de riscos. Especialista em Gest\u00e3o de Terceiros e Auditorias, a Sertras entrega 'Gest\u00e3o de Verdade' atrav\u00e9s de um portf\u00f3lio robusto que inclui Homologa\u00e7\u00e3o t\u00e9cnica, An\u00e1lise Financeira profunda, Due Diligence, Background Check e monitoramento de crit\u00e9rios ESG. Como pioneira na emiss\u00e3o de Selos de Certifica\u00e7\u00e3o e na forma\u00e7\u00e3o de um Ecossistema de Fornecedores Certificados, a companhia combina tecnologia de dados e intelig\u00eancia anal\u00edtica para garantir conformidade, seguran\u00e7a e performance em toda a cadeia de suprimentos das maiores corpora\u00e7\u00f5es do pa\u00eds.","email":"comercial@sertras.com","telephone":"+552120180156","legalName":"Sertras Gest\u00e3o de Fornecedores Limitada","foundingDate":"2015-06-03","vatID":"22584068000106","numberOfEmployees":{"@type":"QuantitativeValue","minValue":"51","maxValue":"200"},"publishingPrinciples":"https:\/\/www.sertras.com\/gestao-de-fornecedores\/politicas-sertras-old\/","ethicsPolicy":"https:\/\/www.sertras.com\/gestao-de-fornecedores\/politicas-sertras-old\/","diversityPolicy":"https:\/\/www.sertras.com\/gestao-de-fornecedores\/politicas-sertras-old\/"},{"@type":"Person","@id":"https:\/\/www.sertras.com\/gestao-de-fornecedores\/#\/schema\/person\/ef1e221c94744ef9f26e14989fd485b8","name":"Rodolfo Sandoval","image":{"@type":"ImageObject","inLanguage":"pt-BR","@id":"https:\/\/secure.gravatar.com\/avatar\/59896eb33f28cfa9c1b39b1b2f4d0f39482af012c0c5dd21b2554d9fae61b28a?s=96&d=mm&r=g","url":"https:\/\/secure.gravatar.com\/avatar\/59896eb33f28cfa9c1b39b1b2f4d0f39482af012c0c5dd21b2554d9fae61b28a?s=96&d=mm&r=g","contentUrl":"https:\/\/secure.gravatar.com\/avatar\/59896eb33f28cfa9c1b39b1b2f4d0f39482af012c0c5dd21b2554d9fae61b28a?s=96&d=mm&r=g","caption":"Rodolfo Sandoval"},"url":"https:\/\/www.sertras.com\/gestao-de-fornecedores\/author\/rodolfo-sandoval\/"}]}},"_links":{"self":[{"href":"https:\/\/www.sertras.com\/gestao-de-fornecedores\/wp-json\/wp\/v2\/posts\/5185","targetHints":{"allow":["GET"]}}],"collection":[{"href":"https:\/\/www.sertras.com\/gestao-de-fornecedores\/wp-json\/wp\/v2\/posts"}],"about":[{"href":"https:\/\/www.sertras.com\/gestao-de-fornecedores\/wp-json\/wp\/v2\/types\/post"}],"author":[{"embeddable":true,"href":"https:\/\/www.sertras.com\/gestao-de-fornecedores\/wp-json\/wp\/v2\/users\/12"}],"replies":[{"embeddable":true,"href":"https:\/\/www.sertras.com\/gestao-de-fornecedores\/wp-json\/wp\/v2\/comments?post=5185"}],"version-history":[{"count":9,"href":"https:\/\/www.sertras.com\/gestao-de-fornecedores\/wp-json\/wp\/v2\/posts\/5185\/revisions"}],"predecessor-version":[{"id":10824,"href":"https:\/\/www.sertras.com\/gestao-de-fornecedores\/wp-json\/wp\/v2\/posts\/5185\/revisions\/10824"}],"wp:featuredmedia":[{"embeddable":true,"href":"https:\/\/www.sertras.com\/gestao-de-fornecedores\/wp-json\/wp\/v2\/media\/5198"}],"wp:attachment":[{"href":"https:\/\/www.sertras.com\/gestao-de-fornecedores\/wp-json\/wp\/v2\/media?parent=5185"}],"wp:term":[{"taxonomy":"category","embeddable":true,"href":"https:\/\/www.sertras.com\/gestao-de-fornecedores\/wp-json\/wp\/v2\/categories?post=5185"},{"taxonomy":"post_tag","embeddable":true,"href":"https:\/\/www.sertras.com\/gestao-de-fornecedores\/wp-json\/wp\/v2\/tags?post=5185"}],"curies":[{"name":"wp","href":"https:\/\/api.w.org\/{rel}","templated":true}]}}