{"id":5202,"date":"2022-01-28T09:04:36","date_gmt":"2022-01-28T12:04:36","guid":{"rendered":"https:\/\/www.sertras.com\/gestao-de-fornecedores\/?p=5202"},"modified":"2023-10-13T13:59:22","modified_gmt":"2023-10-13T16:59:22","slug":"relatorio-da-transparencia-internacional-rebaixando-o-brasil","status":"publish","type":"post","link":"https:\/\/www.sertras.com\/gestao-de-fornecedores\/relatorio-da-transparencia-internacional-rebaixando-o-brasil\/","title":{"rendered":"Relat\u00f3rio da Transpar\u00eancia Internacional Rebaixando o Brasil &#8211; por Dr Izaias Francisco"},"content":{"rendered":"\n<p class=\"has-dark-gray-color has-text-color\">O Brasil teve uma queda no \u00cdndice de Capacidade de Combate \u00e0 Corrup\u00e7\u00e3o no relat\u00f3rio mais recente da Transpar\u00eancia Internacional. Mesmo vindo em queda nos relat\u00f3rios desde do ano de 2019, para alguns setores a not\u00edcia n\u00e3o caiu muito bem uma vez que o pais fora rebaixado para 96\u00ba lugar com uma pontua\u00e7\u00e3o m\u00e1xima de 38 pontos.<\/p>\n\n\n\n<p class=\"has-dark-gray-color has-text-color\">&nbsp;Fazendo uma an\u00e1lise comparativa da pontua\u00e7\u00e3o brasileira, algo que n\u00e3o pode nos escapar,&nbsp; olhamos o seguinte cen\u00e1rio; sabe-se que os 38 pontos alcan\u00e7ados pelo Brasil no IPC 2021 colocam a na\u00e7\u00e3o abaixo da m\u00e9dia mundial que s\u00e3o de 43 pontos e &nbsp;da m\u00e9dia dos BRICS (39 pontos), sem levar em considera\u00e7\u00e3o que a m\u00e9dia regional para a Am\u00e9rica Latina e o Caribe&nbsp;s\u00e3o 41 pontos, j\u00e1 comparados com pa\u00edses ditos mais adiantados, o nosso \u00edndice est\u00e1 longe da m\u00e9dia dos pa\u00edses do G20 que s\u00e3o 54 pontos e da OCDE&nbsp;que s\u00e3o exatos 66 pontos. De outra forma, esse mau desempenho tem motivos e pondera\u00e7\u00f5es que nos levam a reflex\u00f5es pontuais.<\/p>\n\n\n\n<p class=\"has-dark-gray-color has-text-color\"><em>De fato, j\u00e1 parafraseando o soci\u00f3logo e antrop\u00f3logo S\u00e9rgio Buarque de<\/em> <em>Holanda em livro intitulado \u201dRa\u00edzes do Brasil\u201d, a corrup\u00e7\u00e3o \u00e9 tra\u00e7o da forma\u00e7\u00e3o social brasileira, concordamos com tal ju\u00edzo. Chamo aqui tamb\u00e9m March. Bloc, historiador franc\u00eas que afirma que ningu\u00e9m foge do seu passado e um povo que negligencia sua hist\u00f3ria est\u00e1 condenado a derrota<\/em>.<\/p>\n\n\n\n<p class=\"has-dark-gray-color has-text-color\" style=\"font-size:19px\"><strong>Mas o que de fato foi apontado no relat\u00f3rio da transpar\u00eancia internacional para que o Brasil tivesse uma queda exponencial desde 2019?<\/strong><\/p>\n\n\n\n<p class=\"has-dark-gray-color has-text-color has-background\" style=\"background-color:#e07022\"><strong>MOTIVOS GEN\u00c9RICOS<\/strong>:<\/p>\n\n\n\n<ul class=\"has-dark-gray-color has-text-color wp-block-list\">\n<li>Alguns abusos ligados aos direitos humanos violando as liberdades civis consideradas um c\u00e2ncer para democracia moderna. Segundo o relat\u00f3rio 98% dos assassinatos de defensores de direitos humanos registrados em 2020 ocorreram em pa\u00edses com alta percep\u00e7\u00e3o de corrup\u00e7\u00e3o. O Brasil registrou 17 dessas mortes colocando o pa\u00eds em posi\u00e7\u00e3o suspeita.<\/li>\n\n\n\n<li>As investidas do poder executivo em institui\u00e7\u00f5es como a pol\u00edcia federal assim como Procuradoria-Geral da Rep\u00fablica visando aparelhar tais \u00f3rg\u00e3os.<\/li>\n\n\n\n<li>O esc\u00e2ndalo do chamado or\u00e7amento secreto que as especula\u00e7\u00f5es afirmam que se trata de um esquema de compra de apoio partid\u00e1rio.<\/li>\n\n\n\n<li>A incapacidade de produzir pol\u00edticas efetivas de combate a corrup\u00e7\u00e3o.<\/li>\n\n\n\n<li>Decis\u00f5es judiciais demoradas ou que facilitem a prescri\u00e7\u00e3o dos processos pela morosidade da Estado-juiz.<\/li>\n<\/ul>\n\n\n\n<p class=\"has-dark-gray-color has-text-color has-background\" style=\"background-color:#e07022\"><strong>MOTIVOS ESPEC\u00cdFICOS APONTADOS PELO RELAT\u00d3RIO (POSITIVOS E NEGATIVOS)<\/strong>:<\/p>\n\n\n\n<p class=\"has-dark-gray-color has-text-color\"><strong>POSITIVOS<\/strong><strong><\/strong><\/p>\n\n\n\n<ul class=\"has-dark-gray-color has-text-color wp-block-list\">\n<li>O Supremo Tribunal Federal (STF) e o Tribunal Superior Eleitoral (TSE) atuaram como importante anteparo a empreitadas antidemocr\u00e1ticas.<\/li>\n\n\n\n<li>Atua\u00e7\u00e3o do STF para garantir pol\u00edticas de controle da pandemia da Covid-19 obstru\u00eddas pela inoper\u00e2ncia e negacionismo na gest\u00e3o do governo federal.<\/li>\n\n\n\n<li>A CPI da Covid-19 conseguiu investigar e documentar fartamente a corrup\u00e7\u00e3o e outros crimes graves atribu\u00eddos a agentes p\u00fablicos e privados no contexto da pandemia, que potencializaram a trag\u00e9dia humanit\u00e1ria no Brasil.<\/li>\n\n\n\n<li>Envio pelo Governo Federal ao Congresso de um projeto de lei para regulamentar o lobby.<\/li>\n\n\n\n<li>A\u00e7\u00f5es da Estrat\u00e9gia Nacional de Combate \u00e0 Corrup\u00e7\u00e3o e \u00e0 Lavagem de Dinheiro (ENCCLA) fixando obriga\u00e7\u00f5es para prevenir lavagem de dinheiro ligada ao tr\u00e1fico de vida selvagem, explora\u00e7\u00e3o ilegal da madeira e lavagem de gado, e para melhorar a rastreabilidade do ouro e o combate \u00e0 minera\u00e7\u00e3o ilegal.<\/li>\n\n\n\n<li>Congresso aprovou projeto, j\u00e1 sancionado pelo presidente Bolsonaro, que acaba com o sigilo de ren\u00fancias e incentivos fiscais de pessoas jur\u00eddicas.<\/li>\n\n\n\n<li>Mesmo sob ataques frequentes por parte do presidente Bolsonaro e seus aliados, a imprensa brasileira teve papel crucial na revela\u00e7\u00e3o de esquemas de corrup\u00e7\u00e3o no contexto da pandemia e do uso pol\u00edtico de verbas do \u201cor\u00e7amento secreto.<\/li>\n<\/ul>\n\n\n\n<p class=\"has-dark-gray-color has-text-color\"><strong>NEGATIVOS<\/strong><strong><\/strong><\/p>\n\n\n\n<ul class=\"has-dark-gray-color has-text-color wp-block-list\">\n<li>Grave retrocesso na transpar\u00eancia do Or\u00e7amento da Uni\u00e3o atrav\u00e9s da alian\u00e7a do Governo Federal com o bloco parlamentar do \u201cCentr\u00e3o\u201d no esquema conhecido como \u201cor\u00e7amento secreto\u201d, envolvendo a distribui\u00e7\u00e3o de bilh\u00f5es de reais sem transpar\u00eancia e mecanismos regulares de controle.<\/li>\n\n\n\n<li>Esquemas de macrocorrup\u00e7\u00e3o no Minist\u00e9rio da Sa\u00fade, apontados pela imprensa e pela Comiss\u00e3o Parlamentar de Inqu\u00e9rito, no contexto da trag\u00e9dia humanit\u00e1ria da COVID-19, Captura pol\u00edtica da Pol\u00edcia Federal e grave inger\u00eancia sobre \u00f3rg\u00e3os de controle e de intelig\u00eancia estatais (Receita Federal, COAF, Abin, DRCI\/ MJSP, CGU);<\/li>\n\n\n\n<li>Ataques frontais do presidente Bolsonaro contra institui\u00e7\u00f5es eleitorais e amea\u00e7as ao Supremo Tribunal Federal e seus membros elevam gravemente o risco de ruptura democr\u00e1tica; S\u00e9rie de decis\u00f5es que anularam senten\u00e7as confirmadas por m\u00faltiplas inst\u00e2ncias ou transferiram a compet\u00eancia para julgar casos de corrup\u00e7\u00e3o de modo generalizado, provocando inseguran\u00e7a jur\u00eddica, prescri\u00e7\u00e3o de crimes e impunidade de casos de macrocorrup\u00e7\u00e3o com graves consequ\u00eancias nos direitos humanos.<\/li>\n\n\n\n<li>Retra\u00e7\u00e3o acentuada da transpar\u00eancia, participa\u00e7\u00e3o e respeito ao devido processo legislativo na C\u00e2mara dos Deputados sob a presid\u00eancia de Arthur Lira.<\/li>\n\n\n\n<li>Reforma da Lei de Improbidade Administrativa, aprovada pelo Congresso Nacional e sancionada pelo presidente Bolsonaro, que extrapolou as recomenda\u00e7\u00f5es do grupo de especialistas que propunham aperfei\u00e7oamentos \u00e0 legisla\u00e7\u00e3o e ampliou gravemente os riscos de impunidade.<\/li>\n\n\n\n<li>Alinhamento sistem\u00e1tico da PGR com o governo Bolsonaro, com retra\u00e7\u00e3o sem precedentes na fun\u00e7\u00e3o de controle constitucional dos atos do governo e desmobiliza\u00e7\u00e3o do enfrentamento \u00e0 macrocorrup\u00e7\u00e3o.<\/li>\n\n\n\n<li>Desmonte das pol\u00edticas p\u00fablicas e do sistema de governan\u00e7a ambiental, gerando paralisa\u00e7\u00e3o de multas, persegui\u00e7\u00e3o de agentes e impunidade de crimes ambientais ligados \u00e0 corrup\u00e7\u00e3o.<\/li>\n<\/ul>\n\n\n\n<p class=\"has-dark-gray-color has-text-color has-background\" style=\"background-color:#e07022\"><strong>DAS RECOMENDA\u00c7\u00d5ES DA TRANSPAR\u00caNCIA INTERNACIONAL<\/strong>:<\/p>\n\n\n\n<ul class=\"has-dark-gray-color has-text-color wp-block-list\">\n<li>Cessar a interfer\u00eancia pol\u00edtica e promover a autonomia das institui\u00e7\u00f5es de controle, especialmente a Pol\u00edcia Federal, a Receita Federal, o COAF, a Ag\u00eancia Brasileira de Intelig\u00eancia (Abin), o Conselho Administrativo de Recursos Fiscais (CARF), a Controladoria Geral da Rep\u00fablica (CGU) e o Conselho Administrativo de Defesa Econ\u00f4mica (CADE), e proteg\u00ea-los de inger\u00eancias externas.<\/li>\n\n\n\n<li>Respeitar plenamente a independ\u00eancia do Minist\u00e9rio P\u00fablico e de outros \u00f3rg\u00e3os externos de fiscaliza\u00e7\u00e3o.<\/li>\n\n\n\n<li>Assegurar total transpar\u00eancia or\u00e7ament\u00e1ria e cessar o uso de mecanismos opacos de negocia\u00e7\u00e3o pol\u00edtica.<\/li>\n\n\n\n<li>Respeitar integralmente a Lei de Acesso \u00e0 Informa\u00e7\u00e3o e abster-se de divulgar informa\u00e7\u00f5es falsas, em particular sobre a pandemia da Covid-19 e as elei\u00e7\u00f5es de 2022, e de atacar institui\u00e7\u00f5es democr\u00e1ticas com falsas alega\u00e7\u00f5es.<\/li>\n\n\n\n<li>Garantir plenamente os direitos constitucionais da imprensa e abster-se de assediar os jornalistas.<\/li>\n\n\n\n<li>Garantir a participa\u00e7\u00e3o c\u00edvica, abster-se de perseguir ativistas e acad\u00eamicos e estabelecer mecanismos r\u00edgidos de transpar\u00eancia e controle para a aquisi\u00e7\u00e3o e uso de ferramentas de vigil\u00e2ncia.<\/li>\n\n\n\n<li>Remover do cargo funcion\u00e1rios de alto escal\u00e3o do governo que estejam sob investiga\u00e7\u00e3o por corrup\u00e7\u00e3o e delitos relacionados.<\/li>\n\n\n\n<li>Remover do cargo qualquer funcion\u00e1rio investigado por crimes ambientais e restabelecer a participa\u00e7\u00e3o social nas inst\u00e2ncias de monitoramento vinculadas \u00e0s pol\u00edticas ambientais.<\/li>\n<\/ul>\n\n\n\n<p class=\"has-dark-gray-color has-text-color\">Temos que sempre refletir sobre compliance e integridade, seja no setor p\u00fablico ou no privado, j\u00e1 se sabe que criar mecanismos apenas punitivistas, estes acabam gerando um processo viciado, os atores que cometeram tais condutas, acabam n\u00e3o refletindo sobre seu ato eticamente, mas visualizando &nbsp;formas mais eficazes de refazer o ato, sem que dessa vez seja percebido. A educa\u00e7\u00e3o \u00e9tica faz parte da sociedade civil e n\u00e3o apenas deve ser aplicada quando a espada da justi\u00e7a resolve impor sua for\u00e7a, afinal, o Estado-juiz ou a famosa justi\u00e7a no senso comum, n\u00e3o termina com o conflito e com as pr\u00e1ticas, isso a hist\u00f3ria j\u00e1 nos mostrou, mas cessa-o, mesmo que por um instante. Todavia, no futuro pr\u00f3ximo c\u00e1 estamos n\u00f3s, mudam os nomes, mas as condutas se reiteram.<\/p>\n\n\n\n<div class=\"wp-block-buttons is-layout-flex wp-block-buttons-is-layout-flex\">\n<div class=\"wp-block-button has-custom-width wp-block-button__width-100 is-style-fill\"><a class=\"wp-block-button__link has-dark-gray-color has-text-color has-background wp-element-button\" href=\"https:\/\/www.linkedin.com\/in\/izaias-francisco-adv\/\" style=\"background-color:#3d78ae\" target=\"_blank\" rel=\"noreferrer noopener\">Clique para acessar o perfil do Dr Izaias no Linkedin<\/a><\/div>\n<\/div>\n\n\n\n<figure class=\"wp-block-image size-full is-resized\"><img fetchpriority=\"high\" decoding=\"async\" width=\"985\" height=\"696\" src=\"https:\/\/www.sertras.com\/gestao-de-fornecedores\/wp-content\/uploads\/2022\/01\/assinatura-izaias.png\" alt=\"\" class=\"wp-image-5168\" style=\"width:622px;height:439px\" srcset=\"https:\/\/www.sertras.com\/gestao-de-fornecedores\/wp-content\/uploads\/2022\/01\/assinatura-izaias.png 985w, https:\/\/www.sertras.com\/gestao-de-fornecedores\/wp-content\/uploads\/2022\/01\/assinatura-izaias-300x212.png 300w, https:\/\/www.sertras.com\/gestao-de-fornecedores\/wp-content\/uploads\/2022\/01\/assinatura-izaias-768x543.png 768w\" sizes=\"(max-width: 985px) 100vw, 985px\" \/><\/figure>\n\n\n\n<p><\/p>\n","protected":false},"excerpt":{"rendered":"<p>Entenda os motivos que levaram \u00e0 uma queda exponencial no Brasil desde 2019, segundo o relat\u00f3rio de transpar\u00eancia internacional.<\/p>\n","protected":false},"author":12,"featured_media":5223,"comment_status":"open","ping_status":"open","sticky":false,"template":"","format":"standard","meta":{"footnotes":""},"categories":[145],"tags":[152],"class_list":["post-5202","post","type-post","status-publish","format-standard","has-post-thumbnail","hentry","category-compliance","tag-compradores","category-145","description-off"],"yoast_head":"<!-- This site is optimized with the Yoast SEO Premium plugin v27.3 (Yoast SEO v27.3) - https:\/\/yoast.com\/product\/yoast-seo-premium-wordpress\/ -->\n<title>Relat\u00f3rio da Transpar\u00eancia Internacional Rebaixando o Brasil - por Dr Izaias Francisco - Sertras Gest\u00e3o de Fornecedores<\/title>\n<meta name=\"robots\" content=\"index, follow, max-snippet:-1, max-image-preview:large, max-video-preview:-1\" \/>\n<link rel=\"canonical\" href=\"https:\/\/www.sertras.com\/gestao-de-fornecedores\/relatorio-da-transparencia-internacional-rebaixando-o-brasil\/\" \/>\n<meta property=\"og:locale\" content=\"pt_BR\" \/>\n<meta property=\"og:type\" content=\"article\" \/>\n<meta property=\"og:title\" content=\"Relat\u00f3rio da Transpar\u00eancia Internacional Rebaixando o Brasil - por Dr Izaias Francisco\" \/>\n<meta property=\"og:description\" content=\"Entenda os motivos que levaram \u00e0 uma queda exponencial no Brasil desde 2019, segundo o relat\u00f3rio de transpar\u00eancia internacional.\" \/>\n<meta property=\"og:url\" content=\"https:\/\/www.sertras.com\/gestao-de-fornecedores\/relatorio-da-transparencia-internacional-rebaixando-o-brasil\/\" \/>\n<meta property=\"og:site_name\" content=\"Sertras Gest\u00e3o de Fornecedores\" \/>\n<meta property=\"article:publisher\" content=\"https:\/\/pt-br.facebook.com\/sertras\/\" \/>\n<meta property=\"article:published_time\" content=\"2022-01-28T12:04:36+00:00\" \/>\n<meta property=\"article:modified_time\" content=\"2023-10-13T16:59:22+00:00\" \/>\n<meta property=\"og:image\" content=\"https:\/\/www.sertras.com\/gestao-de-fornecedores\/wp-content\/uploads\/2022\/01\/relatorio-transparencia-capa-site-2.png\" \/>\n\t<meta property=\"og:image:width\" content=\"1366\" \/>\n\t<meta property=\"og:image:height\" content=\"768\" \/>\n\t<meta property=\"og:image:type\" content=\"image\/png\" \/>\n<meta name=\"author\" content=\"Rodolfo Sandoval\" \/>\n<meta name=\"twitter:label1\" content=\"Escrito por\" \/>\n\t<meta name=\"twitter:data1\" content=\"Rodolfo Sandoval\" \/>\n\t<meta name=\"twitter:label2\" content=\"Est. tempo de leitura\" \/>\n\t<meta name=\"twitter:data2\" content=\"7 minutos\" \/>\n<script type=\"application\/ld+json\" class=\"yoast-schema-graph\">{\"@context\":\"https:\\\/\\\/schema.org\",\"@graph\":[{\"@type\":\"Article\",\"@id\":\"https:\\\/\\\/www.sertras.com\\\/gestao-de-fornecedores\\\/relatorio-da-transparencia-internacional-rebaixando-o-brasil\\\/#article\",\"isPartOf\":{\"@id\":\"https:\\\/\\\/www.sertras.com\\\/gestao-de-fornecedores\\\/relatorio-da-transparencia-internacional-rebaixando-o-brasil\\\/\"},\"author\":{\"name\":\"Rodolfo Sandoval\",\"@id\":\"https:\\\/\\\/www.sertras.com\\\/gestao-de-fornecedores\\\/#\\\/schema\\\/person\\\/ef1e221c94744ef9f26e14989fd485b8\"},\"headline\":\"Relat\u00f3rio da Transpar\u00eancia Internacional Rebaixando o Brasil &#8211; por Dr Izaias Francisco\",\"datePublished\":\"2022-01-28T12:04:36+00:00\",\"dateModified\":\"2023-10-13T16:59:22+00:00\",\"mainEntityOfPage\":{\"@id\":\"https:\\\/\\\/www.sertras.com\\\/gestao-de-fornecedores\\\/relatorio-da-transparencia-internacional-rebaixando-o-brasil\\\/\"},\"wordCount\":1356,\"commentCount\":0,\"publisher\":{\"@id\":\"https:\\\/\\\/www.sertras.com\\\/gestao-de-fornecedores\\\/#organization\"},\"image\":{\"@id\":\"https:\\\/\\\/www.sertras.com\\\/gestao-de-fornecedores\\\/relatorio-da-transparencia-internacional-rebaixando-o-brasil\\\/#primaryimage\"},\"thumbnailUrl\":\"https:\\\/\\\/www.sertras.com\\\/gestao-de-fornecedores\\\/wp-content\\\/uploads\\\/2022\\\/01\\\/relatorio-transparencia-capa-site-2.png\",\"keywords\":[\"compradores\"],\"articleSection\":[\"Compliance\"],\"inLanguage\":\"pt-BR\",\"potentialAction\":[{\"@type\":\"CommentAction\",\"name\":\"Comment\",\"target\":[\"https:\\\/\\\/www.sertras.com\\\/gestao-de-fornecedores\\\/relatorio-da-transparencia-internacional-rebaixando-o-brasil\\\/#respond\"]}]},{\"@type\":\"WebPage\",\"@id\":\"https:\\\/\\\/www.sertras.com\\\/gestao-de-fornecedores\\\/relatorio-da-transparencia-internacional-rebaixando-o-brasil\\\/\",\"url\":\"https:\\\/\\\/www.sertras.com\\\/gestao-de-fornecedores\\\/relatorio-da-transparencia-internacional-rebaixando-o-brasil\\\/\",\"name\":\"Relat\u00f3rio da Transpar\u00eancia Internacional Rebaixando o Brasil - por Dr Izaias Francisco - Sertras Gest\u00e3o de Fornecedores\",\"isPartOf\":{\"@id\":\"https:\\\/\\\/www.sertras.com\\\/gestao-de-fornecedores\\\/#website\"},\"primaryImageOfPage\":{\"@id\":\"https:\\\/\\\/www.sertras.com\\\/gestao-de-fornecedores\\\/relatorio-da-transparencia-internacional-rebaixando-o-brasil\\\/#primaryimage\"},\"image\":{\"@id\":\"https:\\\/\\\/www.sertras.com\\\/gestao-de-fornecedores\\\/relatorio-da-transparencia-internacional-rebaixando-o-brasil\\\/#primaryimage\"},\"thumbnailUrl\":\"https:\\\/\\\/www.sertras.com\\\/gestao-de-fornecedores\\\/wp-content\\\/uploads\\\/2022\\\/01\\\/relatorio-transparencia-capa-site-2.png\",\"datePublished\":\"2022-01-28T12:04:36+00:00\",\"dateModified\":\"2023-10-13T16:59:22+00:00\",\"breadcrumb\":{\"@id\":\"https:\\\/\\\/www.sertras.com\\\/gestao-de-fornecedores\\\/relatorio-da-transparencia-internacional-rebaixando-o-brasil\\\/#breadcrumb\"},\"inLanguage\":\"pt-BR\",\"potentialAction\":[{\"@type\":\"ReadAction\",\"target\":[\"https:\\\/\\\/www.sertras.com\\\/gestao-de-fornecedores\\\/relatorio-da-transparencia-internacional-rebaixando-o-brasil\\\/\"]}]},{\"@type\":\"ImageObject\",\"inLanguage\":\"pt-BR\",\"@id\":\"https:\\\/\\\/www.sertras.com\\\/gestao-de-fornecedores\\\/relatorio-da-transparencia-internacional-rebaixando-o-brasil\\\/#primaryimage\",\"url\":\"https:\\\/\\\/www.sertras.com\\\/gestao-de-fornecedores\\\/wp-content\\\/uploads\\\/2022\\\/01\\\/relatorio-transparencia-capa-site-2.png\",\"contentUrl\":\"https:\\\/\\\/www.sertras.com\\\/gestao-de-fornecedores\\\/wp-content\\\/uploads\\\/2022\\\/01\\\/relatorio-transparencia-capa-site-2.png\",\"width\":1366,\"height\":768},{\"@type\":\"BreadcrumbList\",\"@id\":\"https:\\\/\\\/www.sertras.com\\\/gestao-de-fornecedores\\\/relatorio-da-transparencia-internacional-rebaixando-o-brasil\\\/#breadcrumb\",\"itemListElement\":[{\"@type\":\"ListItem\",\"position\":1,\"name\":\"In\u00edcio\",\"item\":\"https:\\\/\\\/www.sertras.com\\\/gestao-de-fornecedores\\\/\"},{\"@type\":\"ListItem\",\"position\":2,\"name\":\"Relat\u00f3rio da Transpar\u00eancia Internacional Rebaixando o Brasil &#8211; por Dr Izaias Francisco\"}]},{\"@type\":\"WebSite\",\"@id\":\"https:\\\/\\\/www.sertras.com\\\/gestao-de-fornecedores\\\/#website\",\"url\":\"https:\\\/\\\/www.sertras.com\\\/gestao-de-fornecedores\\\/\",\"name\":\"Sertras Gest\u00e3o de Fornecedores\",\"description\":\"Servi\u00e7os profissionais para compradores e fornecedores\",\"publisher\":{\"@id\":\"https:\\\/\\\/www.sertras.com\\\/gestao-de-fornecedores\\\/#organization\"},\"alternateName\":\"Sertras\",\"potentialAction\":[{\"@type\":\"SearchAction\",\"target\":{\"@type\":\"EntryPoint\",\"urlTemplate\":\"https:\\\/\\\/www.sertras.com\\\/gestao-de-fornecedores\\\/?s={search_term_string}\"},\"query-input\":{\"@type\":\"PropertyValueSpecification\",\"valueRequired\":true,\"valueName\":\"search_term_string\"}}],\"inLanguage\":\"pt-BR\"},{\"@type\":\"Organization\",\"@id\":\"https:\\\/\\\/www.sertras.com\\\/gestao-de-fornecedores\\\/#organization\",\"name\":\"Sertras Gest\u00e3o de Fornecedores\",\"alternateName\":\"Sertras\",\"url\":\"https:\\\/\\\/www.sertras.com\\\/gestao-de-fornecedores\\\/\",\"logo\":{\"@type\":\"ImageObject\",\"inLanguage\":\"pt-BR\",\"@id\":\"https:\\\/\\\/www.sertras.com\\\/gestao-de-fornecedores\\\/#\\\/schema\\\/logo\\\/image\\\/\",\"url\":\"\",\"contentUrl\":\"\",\"caption\":\"Sertras Gest\u00e3o de Fornecedores\"},\"image\":{\"@id\":\"https:\\\/\\\/www.sertras.com\\\/gestao-de-fornecedores\\\/#\\\/schema\\\/logo\\\/image\\\/\"},\"sameAs\":[\"https:\\\/\\\/pt-br.facebook.com\\\/sertras\\\/\",\"https:\\\/\\\/www.instagram.com\\\/sertrasfor\\\/\",\"https:\\\/\\\/br.linkedin.com\\\/company\\\/sertras\",\"https:\\\/\\\/www.sertras.com\\\/gestao-de-fornecedores\\\/\"],\"description\":\"A Sertras \u00e9 a maior autoridade em gest\u00e3o de fornecedores do Brasil, liderando o mercado com um ecossistema completo de governan\u00e7a e mitiga\u00e7\u00e3o de riscos. Especialista em Gest\u00e3o de Terceiros e Auditorias, a Sertras entrega 'Gest\u00e3o de Verdade' atrav\u00e9s de um portf\u00f3lio robusto que inclui Homologa\u00e7\u00e3o t\u00e9cnica, An\u00e1lise Financeira profunda, Due Diligence, Background Check e monitoramento de crit\u00e9rios ESG. Como pioneira na emiss\u00e3o de Selos de Certifica\u00e7\u00e3o e na forma\u00e7\u00e3o de um Ecossistema de Fornecedores Certificados, a companhia combina tecnologia de dados e intelig\u00eancia anal\u00edtica para garantir conformidade, seguran\u00e7a e performance em toda a cadeia de suprimentos das maiores corpora\u00e7\u00f5es do pa\u00eds.\",\"email\":\"comercial@sertras.com\",\"telephone\":\"+552120180156\",\"legalName\":\"Sertras Gest\u00e3o de Fornecedores Limitada\",\"foundingDate\":\"2015-06-03\",\"vatID\":\"22584068000106\",\"numberOfEmployees\":{\"@type\":\"QuantitativeValue\",\"minValue\":\"51\",\"maxValue\":\"200\"},\"publishingPrinciples\":\"https:\\\/\\\/www.sertras.com\\\/gestao-de-fornecedores\\\/politicas-sertras-old\\\/\",\"ethicsPolicy\":\"https:\\\/\\\/www.sertras.com\\\/gestao-de-fornecedores\\\/politicas-sertras-old\\\/\",\"diversityPolicy\":\"https:\\\/\\\/www.sertras.com\\\/gestao-de-fornecedores\\\/politicas-sertras-old\\\/\"},{\"@type\":\"Person\",\"@id\":\"https:\\\/\\\/www.sertras.com\\\/gestao-de-fornecedores\\\/#\\\/schema\\\/person\\\/ef1e221c94744ef9f26e14989fd485b8\",\"name\":\"Rodolfo Sandoval\",\"image\":{\"@type\":\"ImageObject\",\"inLanguage\":\"pt-BR\",\"@id\":\"https:\\\/\\\/secure.gravatar.com\\\/avatar\\\/59896eb33f28cfa9c1b39b1b2f4d0f39482af012c0c5dd21b2554d9fae61b28a?s=96&d=mm&r=g\",\"url\":\"https:\\\/\\\/secure.gravatar.com\\\/avatar\\\/59896eb33f28cfa9c1b39b1b2f4d0f39482af012c0c5dd21b2554d9fae61b28a?s=96&d=mm&r=g\",\"contentUrl\":\"https:\\\/\\\/secure.gravatar.com\\\/avatar\\\/59896eb33f28cfa9c1b39b1b2f4d0f39482af012c0c5dd21b2554d9fae61b28a?s=96&d=mm&r=g\",\"caption\":\"Rodolfo Sandoval\"},\"url\":\"https:\\\/\\\/www.sertras.com\\\/gestao-de-fornecedores\\\/author\\\/rodolfo-sandoval\\\/\"}]}<\/script>\n<!-- \/ Yoast SEO Premium plugin. -->","yoast_head_json":{"title":"Relat\u00f3rio da Transpar\u00eancia Internacional Rebaixando o Brasil - por Dr Izaias Francisco - Sertras Gest\u00e3o de Fornecedores","robots":{"index":"index","follow":"follow","max-snippet":"max-snippet:-1","max-image-preview":"max-image-preview:large","max-video-preview":"max-video-preview:-1"},"canonical":"https:\/\/www.sertras.com\/gestao-de-fornecedores\/relatorio-da-transparencia-internacional-rebaixando-o-brasil\/","og_locale":"pt_BR","og_type":"article","og_title":"Relat\u00f3rio da Transpar\u00eancia Internacional Rebaixando o Brasil - por Dr Izaias Francisco","og_description":"Entenda os motivos que levaram \u00e0 uma queda exponencial no Brasil desde 2019, segundo o relat\u00f3rio de transpar\u00eancia internacional.","og_url":"https:\/\/www.sertras.com\/gestao-de-fornecedores\/relatorio-da-transparencia-internacional-rebaixando-o-brasil\/","og_site_name":"Sertras Gest\u00e3o de Fornecedores","article_publisher":"https:\/\/pt-br.facebook.com\/sertras\/","article_published_time":"2022-01-28T12:04:36+00:00","article_modified_time":"2023-10-13T16:59:22+00:00","og_image":[{"width":1366,"height":768,"url":"https:\/\/www.sertras.com\/gestao-de-fornecedores\/wp-content\/uploads\/2022\/01\/relatorio-transparencia-capa-site-2.png","type":"image\/png"}],"author":"Rodolfo Sandoval","twitter_misc":{"Escrito por":"Rodolfo Sandoval","Est. tempo de leitura":"7 minutos"},"schema":{"@context":"https:\/\/schema.org","@graph":[{"@type":"Article","@id":"https:\/\/www.sertras.com\/gestao-de-fornecedores\/relatorio-da-transparencia-internacional-rebaixando-o-brasil\/#article","isPartOf":{"@id":"https:\/\/www.sertras.com\/gestao-de-fornecedores\/relatorio-da-transparencia-internacional-rebaixando-o-brasil\/"},"author":{"name":"Rodolfo Sandoval","@id":"https:\/\/www.sertras.com\/gestao-de-fornecedores\/#\/schema\/person\/ef1e221c94744ef9f26e14989fd485b8"},"headline":"Relat\u00f3rio da Transpar\u00eancia Internacional Rebaixando o Brasil &#8211; por Dr Izaias Francisco","datePublished":"2022-01-28T12:04:36+00:00","dateModified":"2023-10-13T16:59:22+00:00","mainEntityOfPage":{"@id":"https:\/\/www.sertras.com\/gestao-de-fornecedores\/relatorio-da-transparencia-internacional-rebaixando-o-brasil\/"},"wordCount":1356,"commentCount":0,"publisher":{"@id":"https:\/\/www.sertras.com\/gestao-de-fornecedores\/#organization"},"image":{"@id":"https:\/\/www.sertras.com\/gestao-de-fornecedores\/relatorio-da-transparencia-internacional-rebaixando-o-brasil\/#primaryimage"},"thumbnailUrl":"https:\/\/www.sertras.com\/gestao-de-fornecedores\/wp-content\/uploads\/2022\/01\/relatorio-transparencia-capa-site-2.png","keywords":["compradores"],"articleSection":["Compliance"],"inLanguage":"pt-BR","potentialAction":[{"@type":"CommentAction","name":"Comment","target":["https:\/\/www.sertras.com\/gestao-de-fornecedores\/relatorio-da-transparencia-internacional-rebaixando-o-brasil\/#respond"]}]},{"@type":"WebPage","@id":"https:\/\/www.sertras.com\/gestao-de-fornecedores\/relatorio-da-transparencia-internacional-rebaixando-o-brasil\/","url":"https:\/\/www.sertras.com\/gestao-de-fornecedores\/relatorio-da-transparencia-internacional-rebaixando-o-brasil\/","name":"Relat\u00f3rio da Transpar\u00eancia Internacional Rebaixando o Brasil - por Dr Izaias Francisco - Sertras Gest\u00e3o de Fornecedores","isPartOf":{"@id":"https:\/\/www.sertras.com\/gestao-de-fornecedores\/#website"},"primaryImageOfPage":{"@id":"https:\/\/www.sertras.com\/gestao-de-fornecedores\/relatorio-da-transparencia-internacional-rebaixando-o-brasil\/#primaryimage"},"image":{"@id":"https:\/\/www.sertras.com\/gestao-de-fornecedores\/relatorio-da-transparencia-internacional-rebaixando-o-brasil\/#primaryimage"},"thumbnailUrl":"https:\/\/www.sertras.com\/gestao-de-fornecedores\/wp-content\/uploads\/2022\/01\/relatorio-transparencia-capa-site-2.png","datePublished":"2022-01-28T12:04:36+00:00","dateModified":"2023-10-13T16:59:22+00:00","breadcrumb":{"@id":"https:\/\/www.sertras.com\/gestao-de-fornecedores\/relatorio-da-transparencia-internacional-rebaixando-o-brasil\/#breadcrumb"},"inLanguage":"pt-BR","potentialAction":[{"@type":"ReadAction","target":["https:\/\/www.sertras.com\/gestao-de-fornecedores\/relatorio-da-transparencia-internacional-rebaixando-o-brasil\/"]}]},{"@type":"ImageObject","inLanguage":"pt-BR","@id":"https:\/\/www.sertras.com\/gestao-de-fornecedores\/relatorio-da-transparencia-internacional-rebaixando-o-brasil\/#primaryimage","url":"https:\/\/www.sertras.com\/gestao-de-fornecedores\/wp-content\/uploads\/2022\/01\/relatorio-transparencia-capa-site-2.png","contentUrl":"https:\/\/www.sertras.com\/gestao-de-fornecedores\/wp-content\/uploads\/2022\/01\/relatorio-transparencia-capa-site-2.png","width":1366,"height":768},{"@type":"BreadcrumbList","@id":"https:\/\/www.sertras.com\/gestao-de-fornecedores\/relatorio-da-transparencia-internacional-rebaixando-o-brasil\/#breadcrumb","itemListElement":[{"@type":"ListItem","position":1,"name":"In\u00edcio","item":"https:\/\/www.sertras.com\/gestao-de-fornecedores\/"},{"@type":"ListItem","position":2,"name":"Relat\u00f3rio da Transpar\u00eancia Internacional Rebaixando o Brasil &#8211; por Dr Izaias Francisco"}]},{"@type":"WebSite","@id":"https:\/\/www.sertras.com\/gestao-de-fornecedores\/#website","url":"https:\/\/www.sertras.com\/gestao-de-fornecedores\/","name":"Sertras Gest\u00e3o de Fornecedores","description":"Servi\u00e7os profissionais para compradores e fornecedores","publisher":{"@id":"https:\/\/www.sertras.com\/gestao-de-fornecedores\/#organization"},"alternateName":"Sertras","potentialAction":[{"@type":"SearchAction","target":{"@type":"EntryPoint","urlTemplate":"https:\/\/www.sertras.com\/gestao-de-fornecedores\/?s={search_term_string}"},"query-input":{"@type":"PropertyValueSpecification","valueRequired":true,"valueName":"search_term_string"}}],"inLanguage":"pt-BR"},{"@type":"Organization","@id":"https:\/\/www.sertras.com\/gestao-de-fornecedores\/#organization","name":"Sertras Gest\u00e3o de Fornecedores","alternateName":"Sertras","url":"https:\/\/www.sertras.com\/gestao-de-fornecedores\/","logo":{"@type":"ImageObject","inLanguage":"pt-BR","@id":"https:\/\/www.sertras.com\/gestao-de-fornecedores\/#\/schema\/logo\/image\/","url":"","contentUrl":"","caption":"Sertras Gest\u00e3o de Fornecedores"},"image":{"@id":"https:\/\/www.sertras.com\/gestao-de-fornecedores\/#\/schema\/logo\/image\/"},"sameAs":["https:\/\/pt-br.facebook.com\/sertras\/","https:\/\/www.instagram.com\/sertrasfor\/","https:\/\/br.linkedin.com\/company\/sertras","https:\/\/www.sertras.com\/gestao-de-fornecedores\/"],"description":"A Sertras \u00e9 a maior autoridade em gest\u00e3o de fornecedores do Brasil, liderando o mercado com um ecossistema completo de governan\u00e7a e mitiga\u00e7\u00e3o de riscos. Especialista em Gest\u00e3o de Terceiros e Auditorias, a Sertras entrega 'Gest\u00e3o de Verdade' atrav\u00e9s de um portf\u00f3lio robusto que inclui Homologa\u00e7\u00e3o t\u00e9cnica, An\u00e1lise Financeira profunda, Due Diligence, Background Check e monitoramento de crit\u00e9rios ESG. Como pioneira na emiss\u00e3o de Selos de Certifica\u00e7\u00e3o e na forma\u00e7\u00e3o de um Ecossistema de Fornecedores Certificados, a companhia combina tecnologia de dados e intelig\u00eancia anal\u00edtica para garantir conformidade, seguran\u00e7a e performance em toda a cadeia de suprimentos das maiores corpora\u00e7\u00f5es do pa\u00eds.","email":"comercial@sertras.com","telephone":"+552120180156","legalName":"Sertras Gest\u00e3o de Fornecedores Limitada","foundingDate":"2015-06-03","vatID":"22584068000106","numberOfEmployees":{"@type":"QuantitativeValue","minValue":"51","maxValue":"200"},"publishingPrinciples":"https:\/\/www.sertras.com\/gestao-de-fornecedores\/politicas-sertras-old\/","ethicsPolicy":"https:\/\/www.sertras.com\/gestao-de-fornecedores\/politicas-sertras-old\/","diversityPolicy":"https:\/\/www.sertras.com\/gestao-de-fornecedores\/politicas-sertras-old\/"},{"@type":"Person","@id":"https:\/\/www.sertras.com\/gestao-de-fornecedores\/#\/schema\/person\/ef1e221c94744ef9f26e14989fd485b8","name":"Rodolfo Sandoval","image":{"@type":"ImageObject","inLanguage":"pt-BR","@id":"https:\/\/secure.gravatar.com\/avatar\/59896eb33f28cfa9c1b39b1b2f4d0f39482af012c0c5dd21b2554d9fae61b28a?s=96&d=mm&r=g","url":"https:\/\/secure.gravatar.com\/avatar\/59896eb33f28cfa9c1b39b1b2f4d0f39482af012c0c5dd21b2554d9fae61b28a?s=96&d=mm&r=g","contentUrl":"https:\/\/secure.gravatar.com\/avatar\/59896eb33f28cfa9c1b39b1b2f4d0f39482af012c0c5dd21b2554d9fae61b28a?s=96&d=mm&r=g","caption":"Rodolfo Sandoval"},"url":"https:\/\/www.sertras.com\/gestao-de-fornecedores\/author\/rodolfo-sandoval\/"}]}},"_links":{"self":[{"href":"https:\/\/www.sertras.com\/gestao-de-fornecedores\/wp-json\/wp\/v2\/posts\/5202","targetHints":{"allow":["GET"]}}],"collection":[{"href":"https:\/\/www.sertras.com\/gestao-de-fornecedores\/wp-json\/wp\/v2\/posts"}],"about":[{"href":"https:\/\/www.sertras.com\/gestao-de-fornecedores\/wp-json\/wp\/v2\/types\/post"}],"author":[{"embeddable":true,"href":"https:\/\/www.sertras.com\/gestao-de-fornecedores\/wp-json\/wp\/v2\/users\/12"}],"replies":[{"embeddable":true,"href":"https:\/\/www.sertras.com\/gestao-de-fornecedores\/wp-json\/wp\/v2\/comments?post=5202"}],"version-history":[{"count":13,"href":"https:\/\/www.sertras.com\/gestao-de-fornecedores\/wp-json\/wp\/v2\/posts\/5202\/revisions"}],"predecessor-version":[{"id":10825,"href":"https:\/\/www.sertras.com\/gestao-de-fornecedores\/wp-json\/wp\/v2\/posts\/5202\/revisions\/10825"}],"wp:featuredmedia":[{"embeddable":true,"href":"https:\/\/www.sertras.com\/gestao-de-fornecedores\/wp-json\/wp\/v2\/media\/5223"}],"wp:attachment":[{"href":"https:\/\/www.sertras.com\/gestao-de-fornecedores\/wp-json\/wp\/v2\/media?parent=5202"}],"wp:term":[{"taxonomy":"category","embeddable":true,"href":"https:\/\/www.sertras.com\/gestao-de-fornecedores\/wp-json\/wp\/v2\/categories?post=5202"},{"taxonomy":"post_tag","embeddable":true,"href":"https:\/\/www.sertras.com\/gestao-de-fornecedores\/wp-json\/wp\/v2\/tags?post=5202"}],"curies":[{"name":"wp","href":"https:\/\/api.w.org\/{rel}","templated":true}]}}