{"id":5298,"date":"2022-02-16T15:22:16","date_gmt":"2022-02-16T18:22:16","guid":{"rendered":"https:\/\/www.sertras.com\/gestao-de-fornecedores\/?p=5298"},"modified":"2023-10-13T14:01:56","modified_gmt":"2023-10-13T17:01:56","slug":"prospeccao-de-fornecedores","status":"publish","type":"post","link":"https:\/\/www.sertras.com\/gestao-de-fornecedores\/prospeccao-de-fornecedores\/","title":{"rendered":"Prospec\u00e7\u00e3o de Fornecedores: um dos principais desafios da \u00e1rea de compras"},"content":{"rendered":"\n<h3 class=\"wp-block-heading has-dark-gray-color has-text-color\"><strong>Desafio na \u00e1rea de compras<\/strong><\/h3>\n\n\n\n<p class=\"has-dark-gray-color has-text-color\">Antes da etapa de homologa\u00e7\u00e3o e an\u00e1lise de um fornecedor, temos uma importante fase que muitas vezes pode ser desafiadora para a \u00e1rea de compras. A busca de fornecedores pode ser morosa e complicada quando falamos de um projeto com muitas especifica\u00e7\u00f5es, ou quando h\u00e1 necessidade de fornecimento em regi\u00f5es de dif\u00edcil acesso, por exemplo.&nbsp;<\/p>\n\n\n\n<p class=\"has-dark-gray-color has-text-color\">Al\u00e9m disso, pode ter momentos em que h\u00e1 a necessidade de encontrar empresas para fornecimentos que antes n\u00e3o eram realizados, ou situa\u00e7\u00f5es emergenciais, como foi o caso da crise do Covid-19, iniciada no fim de 2019 e que at\u00e9 hoje tem impactos a n\u00edvel mundial. Segundo o Mapa de Empresas divulgado pelo Governo Federal, no ano de&nbsp; 2020 cerca de 1.044.696 empresas foram fechadas, o que agravou ainda mais a situa\u00e7\u00e3o. Momentos como este nos mostram a import\u00e2ncia de se construir uma rela\u00e7\u00e3o s\u00f3lida e confi\u00e1vel com a base atual de fornecedores, e tamb\u00e9m novos v\u00ednculos comerciais para futuras demandas.<\/p>\n\n\n\n<h3 class=\"wp-block-heading has-dark-gray-color has-text-color\"><strong>Como a prospec\u00e7\u00e3o de fornecedores pode ajudar a mitigar riscos?<\/strong><\/h3>\n\n\n\n<p class=\"has-dark-gray-color has-text-color\">Com uma prospec\u00e7\u00e3o de fornecedores ativa e a manuten\u00e7\u00e3o constante da base de fornecedores, os riscos de falta de fornecimento de produtos ou servi\u00e7os podem ser minimizados, mantendo uma carteira de fornecedores com dados atualizados. A atividade de prospectar fornecedores de forma cont\u00ednua faz com que o leque de possibilidades seja muito vantajoso, pois \u00e9 poss\u00edvel reduzir o tempo operacional com uma tomada de decis\u00e3o mais precisa e ainda sendo poss\u00edvel reduzir custos com fornecedores mapeados com os custos atrelados a cada demanda necess\u00e1ria.<\/p>\n\n\n\n<p class=\"has-dark-gray-color has-text-color\">Entendendo&nbsp; a dificuldade em encontrar novos fornecedores em regi\u00f5es e para demandas espec\u00edficas, a Sertras, dentro do cat\u00e1logo de servi\u00e7os oferecidos em Gest\u00e3o de Fornecedores, possui o servi\u00e7o de Prospec\u00e7\u00e3o de Fornecedores. Este servi\u00e7o tem como objetivo reduzir o tempo operacional utilizado pela \u00e1rea de compras para busca de novas empresas para fornecimentos de produtos ou servi\u00e7os. Reunimos todos os esfor\u00e7os necess\u00e1rios para encontrar empresas id\u00f4neas e que atendam plenamente \u00e0 demanda necess\u00e1ria atrav\u00e9s da busca em nossa base com mais de 20.000 empresas cadastradas, atrav\u00e9s de palavras-chave da solicita\u00e7\u00e3o, al\u00e9m de contatos via e-mail e telefone. Ap\u00f3s a confirma\u00e7\u00e3o das empresas que atendem a demanda e que cumprem com os requisitos da especifica\u00e7\u00e3o, disponibilizaremos os resultados na plataforma para que o comprador possa, de fato, utilizar seu tempo para an\u00e1lises estrat\u00e9gicas de compara\u00e7\u00e3o de fornecedor.<\/p>\n\n\n\n<h4 class=\"wp-block-heading\"><strong>Autora:<\/strong><\/h4>\n\n\n\n<blockquote class=\"wp-block-quote is-style-default is-layout-flow wp-block-quote-is-layout-flow\">\n<p>O artigo foi desenvolvido por Palloma Mazzeo, que \u00e9 graduada em Administra\u00e7\u00e3o e faz parte da equipe de colaboradores da Sertras desde 2017. \u00c9 a supervisora respons\u00e1vel pela equipe de vendas e gest\u00e3o de solicita\u00e7\u00f5es e atua tamb\u00e9m na implanta\u00e7\u00e3o dos projetos de Gest\u00e3o de Fornecedores para todos os clientes da Sertras.<\/p>\n<\/blockquote>\n\n\n\n<figure class=\"wp-block-image size-large is-resized\"><img fetchpriority=\"high\" decoding=\"async\" width=\"1024\" height=\"366\" src=\"https:\/\/www.sertras.com\/gestao-de-fornecedores\/wp-content\/uploads\/2022\/02\/assinatura-palloma-1024x366.png\" alt=\"\" class=\"wp-image-5392\" style=\"width:836px;height:299px\" srcset=\"https:\/\/www.sertras.com\/gestao-de-fornecedores\/wp-content\/uploads\/2022\/02\/assinatura-palloma-1024x366.png 1024w, https:\/\/www.sertras.com\/gestao-de-fornecedores\/wp-content\/uploads\/2022\/02\/assinatura-palloma-300x107.png 300w, https:\/\/www.sertras.com\/gestao-de-fornecedores\/wp-content\/uploads\/2022\/02\/assinatura-palloma-768x274.png 768w, https:\/\/www.sertras.com\/gestao-de-fornecedores\/wp-content\/uploads\/2022\/02\/assinatura-palloma-1536x549.png 1536w, https:\/\/www.sertras.com\/gestao-de-fornecedores\/wp-content\/uploads\/2022\/02\/assinatura-palloma-2048x731.png 2048w\" sizes=\"(max-width: 1024px) 100vw, 1024px\" \/><\/figure>\n\n\n\n<div class=\"wp-block-buttons is-layout-flex wp-block-buttons-is-layout-flex\">\n<div class=\"wp-block-button\"><a class=\"wp-block-button__link wp-element-button\" href=\"https:\/\/www.linkedin.com\/in\/palloma-mazzeo\/\" target=\"_blank\" rel=\"noreferrer noopener\">Linkedin Palloma Mazzeo<\/a><\/div>\n<\/div>\n","protected":false},"excerpt":{"rendered":"<p>Desafio na \u00e1rea de compras Antes da etapa de homologa\u00e7\u00e3o e an\u00e1lise de um fornecedor, temos uma importante fase que muitas vezes pode ser desafiadora para a \u00e1rea de compras. A busca de fornecedores pode ser morosa e complicada quando falamos de um projeto com muitas especifica\u00e7\u00f5es, ou quando h\u00e1 necessidade de fornecimento em regi\u00f5es&hellip;<\/p>\n","protected":false},"author":12,"featured_media":5768,"comment_status":"open","ping_status":"open","sticky":false,"template":"","format":"standard","meta":{"footnotes":""},"categories":[144],"tags":[152,156,158],"class_list":["post-5298","post","type-post","status-publish","format-standard","has-post-thumbnail","hentry","category-homologacao","tag-compradores","tag-gestao-de-fornecedores","tag-prospeccao","category-144","description-off"],"yoast_head":"<!-- This site is optimized with the Yoast SEO Premium plugin v27.3 (Yoast SEO v27.3) - https:\/\/yoast.com\/product\/yoast-seo-premium-wordpress\/ -->\n<title>Prospec\u00e7\u00e3o de Fornecedores: um dos principais desafios da \u00e1rea de compras - Sertras Gest\u00e3o de Fornecedores<\/title>\n<meta name=\"robots\" content=\"index, follow, max-snippet:-1, max-image-preview:large, max-video-preview:-1\" \/>\n<link rel=\"canonical\" href=\"https:\/\/www.sertras.com\/gestao-de-fornecedores\/prospeccao-de-fornecedores\/\" \/>\n<meta property=\"og:locale\" content=\"pt_BR\" \/>\n<meta property=\"og:type\" content=\"article\" \/>\n<meta property=\"og:title\" content=\"Prospec\u00e7\u00e3o de Fornecedores: um dos principais desafios da \u00e1rea de compras\" \/>\n<meta property=\"og:description\" content=\"Desafio na \u00e1rea de compras Antes da etapa de homologa\u00e7\u00e3o e an\u00e1lise de um fornecedor, temos uma importante fase que muitas vezes pode ser desafiadora para a \u00e1rea de compras. A busca de fornecedores pode ser morosa e complicada quando falamos de um projeto com muitas especifica\u00e7\u00f5es, ou quando h\u00e1 necessidade de fornecimento em regi\u00f5es&hellip;\" \/>\n<meta property=\"og:url\" content=\"https:\/\/www.sertras.com\/gestao-de-fornecedores\/prospeccao-de-fornecedores\/\" \/>\n<meta property=\"og:site_name\" content=\"Sertras Gest\u00e3o de Fornecedores\" \/>\n<meta property=\"article:publisher\" content=\"https:\/\/pt-br.facebook.com\/sertras\/\" \/>\n<meta property=\"article:published_time\" content=\"2022-02-16T18:22:16+00:00\" \/>\n<meta property=\"article:modified_time\" content=\"2023-10-13T17:01:56+00:00\" \/>\n<meta property=\"og:image\" content=\"https:\/\/www.sertras.com\/gestao-de-fornecedores\/wp-content\/uploads\/2022\/02\/capa-prospeccao-de-forn.-versao-final-2.png\" \/>\n\t<meta property=\"og:image:width\" content=\"1366\" \/>\n\t<meta property=\"og:image:height\" content=\"768\" \/>\n\t<meta property=\"og:image:type\" content=\"image\/png\" \/>\n<meta name=\"author\" content=\"Rodolfo Sandoval\" \/>\n<meta name=\"twitter:label1\" content=\"Escrito por\" \/>\n\t<meta name=\"twitter:data1\" content=\"Rodolfo Sandoval\" \/>\n\t<meta name=\"twitter:label2\" content=\"Est. tempo de leitura\" \/>\n\t<meta name=\"twitter:data2\" content=\"3 minutos\" \/>\n<script type=\"application\/ld+json\" class=\"yoast-schema-graph\">{\"@context\":\"https:\\\/\\\/schema.org\",\"@graph\":[{\"@type\":\"Article\",\"@id\":\"https:\\\/\\\/www.sertras.com\\\/gestao-de-fornecedores\\\/prospeccao-de-fornecedores\\\/#article\",\"isPartOf\":{\"@id\":\"https:\\\/\\\/www.sertras.com\\\/gestao-de-fornecedores\\\/prospeccao-de-fornecedores\\\/\"},\"author\":{\"name\":\"Rodolfo Sandoval\",\"@id\":\"https:\\\/\\\/www.sertras.com\\\/gestao-de-fornecedores\\\/#\\\/schema\\\/person\\\/ef1e221c94744ef9f26e14989fd485b8\"},\"headline\":\"Prospec\u00e7\u00e3o de Fornecedores: um dos principais desafios da \u00e1rea de compras\",\"datePublished\":\"2022-02-16T18:22:16+00:00\",\"dateModified\":\"2023-10-13T17:01:56+00:00\",\"mainEntityOfPage\":{\"@id\":\"https:\\\/\\\/www.sertras.com\\\/gestao-de-fornecedores\\\/prospeccao-de-fornecedores\\\/\"},\"wordCount\":507,\"commentCount\":0,\"publisher\":{\"@id\":\"https:\\\/\\\/www.sertras.com\\\/gestao-de-fornecedores\\\/#organization\"},\"image\":{\"@id\":\"https:\\\/\\\/www.sertras.com\\\/gestao-de-fornecedores\\\/prospeccao-de-fornecedores\\\/#primaryimage\"},\"thumbnailUrl\":\"https:\\\/\\\/www.sertras.com\\\/gestao-de-fornecedores\\\/wp-content\\\/uploads\\\/2022\\\/02\\\/capa-prospeccao-de-forn.-versao-final-2.png\",\"keywords\":[\"compradores\",\"gest\u00e3o de fornecedores\",\"prospec\u00e7\u00e3o\"],\"articleSection\":[\"Homologa\u00e7\u00e3o\"],\"inLanguage\":\"pt-BR\",\"potentialAction\":[{\"@type\":\"CommentAction\",\"name\":\"Comment\",\"target\":[\"https:\\\/\\\/www.sertras.com\\\/gestao-de-fornecedores\\\/prospeccao-de-fornecedores\\\/#respond\"]}]},{\"@type\":\"WebPage\",\"@id\":\"https:\\\/\\\/www.sertras.com\\\/gestao-de-fornecedores\\\/prospeccao-de-fornecedores\\\/\",\"url\":\"https:\\\/\\\/www.sertras.com\\\/gestao-de-fornecedores\\\/prospeccao-de-fornecedores\\\/\",\"name\":\"Prospec\u00e7\u00e3o de Fornecedores: um dos principais desafios da \u00e1rea de compras - Sertras Gest\u00e3o de Fornecedores\",\"isPartOf\":{\"@id\":\"https:\\\/\\\/www.sertras.com\\\/gestao-de-fornecedores\\\/#website\"},\"primaryImageOfPage\":{\"@id\":\"https:\\\/\\\/www.sertras.com\\\/gestao-de-fornecedores\\\/prospeccao-de-fornecedores\\\/#primaryimage\"},\"image\":{\"@id\":\"https:\\\/\\\/www.sertras.com\\\/gestao-de-fornecedores\\\/prospeccao-de-fornecedores\\\/#primaryimage\"},\"thumbnailUrl\":\"https:\\\/\\\/www.sertras.com\\\/gestao-de-fornecedores\\\/wp-content\\\/uploads\\\/2022\\\/02\\\/capa-prospeccao-de-forn.-versao-final-2.png\",\"datePublished\":\"2022-02-16T18:22:16+00:00\",\"dateModified\":\"2023-10-13T17:01:56+00:00\",\"breadcrumb\":{\"@id\":\"https:\\\/\\\/www.sertras.com\\\/gestao-de-fornecedores\\\/prospeccao-de-fornecedores\\\/#breadcrumb\"},\"inLanguage\":\"pt-BR\",\"potentialAction\":[{\"@type\":\"ReadAction\",\"target\":[\"https:\\\/\\\/www.sertras.com\\\/gestao-de-fornecedores\\\/prospeccao-de-fornecedores\\\/\"]}]},{\"@type\":\"ImageObject\",\"inLanguage\":\"pt-BR\",\"@id\":\"https:\\\/\\\/www.sertras.com\\\/gestao-de-fornecedores\\\/prospeccao-de-fornecedores\\\/#primaryimage\",\"url\":\"https:\\\/\\\/www.sertras.com\\\/gestao-de-fornecedores\\\/wp-content\\\/uploads\\\/2022\\\/02\\\/capa-prospeccao-de-forn.-versao-final-2.png\",\"contentUrl\":\"https:\\\/\\\/www.sertras.com\\\/gestao-de-fornecedores\\\/wp-content\\\/uploads\\\/2022\\\/02\\\/capa-prospeccao-de-forn.-versao-final-2.png\",\"width\":1366,\"height\":768},{\"@type\":\"BreadcrumbList\",\"@id\":\"https:\\\/\\\/www.sertras.com\\\/gestao-de-fornecedores\\\/prospeccao-de-fornecedores\\\/#breadcrumb\",\"itemListElement\":[{\"@type\":\"ListItem\",\"position\":1,\"name\":\"In\u00edcio\",\"item\":\"https:\\\/\\\/www.sertras.com\\\/gestao-de-fornecedores\\\/\"},{\"@type\":\"ListItem\",\"position\":2,\"name\":\"Prospec\u00e7\u00e3o de Fornecedores: um dos principais desafios da \u00e1rea de compras\"}]},{\"@type\":\"WebSite\",\"@id\":\"https:\\\/\\\/www.sertras.com\\\/gestao-de-fornecedores\\\/#website\",\"url\":\"https:\\\/\\\/www.sertras.com\\\/gestao-de-fornecedores\\\/\",\"name\":\"Sertras Gest\u00e3o de Fornecedores\",\"description\":\"Servi\u00e7os profissionais para compradores e fornecedores\",\"publisher\":{\"@id\":\"https:\\\/\\\/www.sertras.com\\\/gestao-de-fornecedores\\\/#organization\"},\"alternateName\":\"Sertras\",\"potentialAction\":[{\"@type\":\"SearchAction\",\"target\":{\"@type\":\"EntryPoint\",\"urlTemplate\":\"https:\\\/\\\/www.sertras.com\\\/gestao-de-fornecedores\\\/?s={search_term_string}\"},\"query-input\":{\"@type\":\"PropertyValueSpecification\",\"valueRequired\":true,\"valueName\":\"search_term_string\"}}],\"inLanguage\":\"pt-BR\"},{\"@type\":\"Organization\",\"@id\":\"https:\\\/\\\/www.sertras.com\\\/gestao-de-fornecedores\\\/#organization\",\"name\":\"Sertras Gest\u00e3o de Fornecedores\",\"alternateName\":\"Sertras\",\"url\":\"https:\\\/\\\/www.sertras.com\\\/gestao-de-fornecedores\\\/\",\"logo\":{\"@type\":\"ImageObject\",\"inLanguage\":\"pt-BR\",\"@id\":\"https:\\\/\\\/www.sertras.com\\\/gestao-de-fornecedores\\\/#\\\/schema\\\/logo\\\/image\\\/\",\"url\":\"\",\"contentUrl\":\"\",\"caption\":\"Sertras Gest\u00e3o de Fornecedores\"},\"image\":{\"@id\":\"https:\\\/\\\/www.sertras.com\\\/gestao-de-fornecedores\\\/#\\\/schema\\\/logo\\\/image\\\/\"},\"sameAs\":[\"https:\\\/\\\/pt-br.facebook.com\\\/sertras\\\/\",\"https:\\\/\\\/www.instagram.com\\\/sertrasfor\\\/\",\"https:\\\/\\\/br.linkedin.com\\\/company\\\/sertras\",\"https:\\\/\\\/www.sertras.com\\\/gestao-de-fornecedores\\\/\"],\"description\":\"A Sertras \u00e9 a maior autoridade em gest\u00e3o de fornecedores do Brasil, liderando o mercado com um ecossistema completo de governan\u00e7a e mitiga\u00e7\u00e3o de riscos. Especialista em Gest\u00e3o de Terceiros e Auditorias, a Sertras entrega 'Gest\u00e3o de Verdade' atrav\u00e9s de um portf\u00f3lio robusto que inclui Homologa\u00e7\u00e3o t\u00e9cnica, An\u00e1lise Financeira profunda, Due Diligence, Background Check e monitoramento de crit\u00e9rios ESG. Como pioneira na emiss\u00e3o de Selos de Certifica\u00e7\u00e3o e na forma\u00e7\u00e3o de um Ecossistema de Fornecedores Certificados, a companhia combina tecnologia de dados e intelig\u00eancia anal\u00edtica para garantir conformidade, seguran\u00e7a e performance em toda a cadeia de suprimentos das maiores corpora\u00e7\u00f5es do pa\u00eds.\",\"email\":\"comercial@sertras.com\",\"telephone\":\"+552120180156\",\"legalName\":\"Sertras Gest\u00e3o de Fornecedores Limitada\",\"foundingDate\":\"2015-06-03\",\"vatID\":\"22584068000106\",\"numberOfEmployees\":{\"@type\":\"QuantitativeValue\",\"minValue\":\"51\",\"maxValue\":\"200\"},\"publishingPrinciples\":\"https:\\\/\\\/www.sertras.com\\\/gestao-de-fornecedores\\\/politicas-sertras-old\\\/\",\"ethicsPolicy\":\"https:\\\/\\\/www.sertras.com\\\/gestao-de-fornecedores\\\/politicas-sertras-old\\\/\",\"diversityPolicy\":\"https:\\\/\\\/www.sertras.com\\\/gestao-de-fornecedores\\\/politicas-sertras-old\\\/\"},{\"@type\":\"Person\",\"@id\":\"https:\\\/\\\/www.sertras.com\\\/gestao-de-fornecedores\\\/#\\\/schema\\\/person\\\/ef1e221c94744ef9f26e14989fd485b8\",\"name\":\"Rodolfo Sandoval\",\"image\":{\"@type\":\"ImageObject\",\"inLanguage\":\"pt-BR\",\"@id\":\"https:\\\/\\\/secure.gravatar.com\\\/avatar\\\/59896eb33f28cfa9c1b39b1b2f4d0f39482af012c0c5dd21b2554d9fae61b28a?s=96&d=mm&r=g\",\"url\":\"https:\\\/\\\/secure.gravatar.com\\\/avatar\\\/59896eb33f28cfa9c1b39b1b2f4d0f39482af012c0c5dd21b2554d9fae61b28a?s=96&d=mm&r=g\",\"contentUrl\":\"https:\\\/\\\/secure.gravatar.com\\\/avatar\\\/59896eb33f28cfa9c1b39b1b2f4d0f39482af012c0c5dd21b2554d9fae61b28a?s=96&d=mm&r=g\",\"caption\":\"Rodolfo Sandoval\"},\"url\":\"https:\\\/\\\/www.sertras.com\\\/gestao-de-fornecedores\\\/author\\\/rodolfo-sandoval\\\/\"}]}<\/script>\n<!-- \/ Yoast SEO Premium plugin. -->","yoast_head_json":{"title":"Prospec\u00e7\u00e3o de Fornecedores: um dos principais desafios da \u00e1rea de compras - Sertras Gest\u00e3o de Fornecedores","robots":{"index":"index","follow":"follow","max-snippet":"max-snippet:-1","max-image-preview":"max-image-preview:large","max-video-preview":"max-video-preview:-1"},"canonical":"https:\/\/www.sertras.com\/gestao-de-fornecedores\/prospeccao-de-fornecedores\/","og_locale":"pt_BR","og_type":"article","og_title":"Prospec\u00e7\u00e3o de Fornecedores: um dos principais desafios da \u00e1rea de compras","og_description":"Desafio na \u00e1rea de compras Antes da etapa de homologa\u00e7\u00e3o e an\u00e1lise de um fornecedor, temos uma importante fase que muitas vezes pode ser desafiadora para a \u00e1rea de compras. A busca de fornecedores pode ser morosa e complicada quando falamos de um projeto com muitas especifica\u00e7\u00f5es, ou quando h\u00e1 necessidade de fornecimento em regi\u00f5es&hellip;","og_url":"https:\/\/www.sertras.com\/gestao-de-fornecedores\/prospeccao-de-fornecedores\/","og_site_name":"Sertras Gest\u00e3o de Fornecedores","article_publisher":"https:\/\/pt-br.facebook.com\/sertras\/","article_published_time":"2022-02-16T18:22:16+00:00","article_modified_time":"2023-10-13T17:01:56+00:00","og_image":[{"width":1366,"height":768,"url":"https:\/\/www.sertras.com\/gestao-de-fornecedores\/wp-content\/uploads\/2022\/02\/capa-prospeccao-de-forn.-versao-final-2.png","type":"image\/png"}],"author":"Rodolfo Sandoval","twitter_misc":{"Escrito por":"Rodolfo Sandoval","Est. tempo de leitura":"3 minutos"},"schema":{"@context":"https:\/\/schema.org","@graph":[{"@type":"Article","@id":"https:\/\/www.sertras.com\/gestao-de-fornecedores\/prospeccao-de-fornecedores\/#article","isPartOf":{"@id":"https:\/\/www.sertras.com\/gestao-de-fornecedores\/prospeccao-de-fornecedores\/"},"author":{"name":"Rodolfo Sandoval","@id":"https:\/\/www.sertras.com\/gestao-de-fornecedores\/#\/schema\/person\/ef1e221c94744ef9f26e14989fd485b8"},"headline":"Prospec\u00e7\u00e3o de Fornecedores: um dos principais desafios da \u00e1rea de compras","datePublished":"2022-02-16T18:22:16+00:00","dateModified":"2023-10-13T17:01:56+00:00","mainEntityOfPage":{"@id":"https:\/\/www.sertras.com\/gestao-de-fornecedores\/prospeccao-de-fornecedores\/"},"wordCount":507,"commentCount":0,"publisher":{"@id":"https:\/\/www.sertras.com\/gestao-de-fornecedores\/#organization"},"image":{"@id":"https:\/\/www.sertras.com\/gestao-de-fornecedores\/prospeccao-de-fornecedores\/#primaryimage"},"thumbnailUrl":"https:\/\/www.sertras.com\/gestao-de-fornecedores\/wp-content\/uploads\/2022\/02\/capa-prospeccao-de-forn.-versao-final-2.png","keywords":["compradores","gest\u00e3o de fornecedores","prospec\u00e7\u00e3o"],"articleSection":["Homologa\u00e7\u00e3o"],"inLanguage":"pt-BR","potentialAction":[{"@type":"CommentAction","name":"Comment","target":["https:\/\/www.sertras.com\/gestao-de-fornecedores\/prospeccao-de-fornecedores\/#respond"]}]},{"@type":"WebPage","@id":"https:\/\/www.sertras.com\/gestao-de-fornecedores\/prospeccao-de-fornecedores\/","url":"https:\/\/www.sertras.com\/gestao-de-fornecedores\/prospeccao-de-fornecedores\/","name":"Prospec\u00e7\u00e3o de Fornecedores: um dos principais desafios da \u00e1rea de compras - Sertras Gest\u00e3o de Fornecedores","isPartOf":{"@id":"https:\/\/www.sertras.com\/gestao-de-fornecedores\/#website"},"primaryImageOfPage":{"@id":"https:\/\/www.sertras.com\/gestao-de-fornecedores\/prospeccao-de-fornecedores\/#primaryimage"},"image":{"@id":"https:\/\/www.sertras.com\/gestao-de-fornecedores\/prospeccao-de-fornecedores\/#primaryimage"},"thumbnailUrl":"https:\/\/www.sertras.com\/gestao-de-fornecedores\/wp-content\/uploads\/2022\/02\/capa-prospeccao-de-forn.-versao-final-2.png","datePublished":"2022-02-16T18:22:16+00:00","dateModified":"2023-10-13T17:01:56+00:00","breadcrumb":{"@id":"https:\/\/www.sertras.com\/gestao-de-fornecedores\/prospeccao-de-fornecedores\/#breadcrumb"},"inLanguage":"pt-BR","potentialAction":[{"@type":"ReadAction","target":["https:\/\/www.sertras.com\/gestao-de-fornecedores\/prospeccao-de-fornecedores\/"]}]},{"@type":"ImageObject","inLanguage":"pt-BR","@id":"https:\/\/www.sertras.com\/gestao-de-fornecedores\/prospeccao-de-fornecedores\/#primaryimage","url":"https:\/\/www.sertras.com\/gestao-de-fornecedores\/wp-content\/uploads\/2022\/02\/capa-prospeccao-de-forn.-versao-final-2.png","contentUrl":"https:\/\/www.sertras.com\/gestao-de-fornecedores\/wp-content\/uploads\/2022\/02\/capa-prospeccao-de-forn.-versao-final-2.png","width":1366,"height":768},{"@type":"BreadcrumbList","@id":"https:\/\/www.sertras.com\/gestao-de-fornecedores\/prospeccao-de-fornecedores\/#breadcrumb","itemListElement":[{"@type":"ListItem","position":1,"name":"In\u00edcio","item":"https:\/\/www.sertras.com\/gestao-de-fornecedores\/"},{"@type":"ListItem","position":2,"name":"Prospec\u00e7\u00e3o de Fornecedores: um dos principais desafios da \u00e1rea de compras"}]},{"@type":"WebSite","@id":"https:\/\/www.sertras.com\/gestao-de-fornecedores\/#website","url":"https:\/\/www.sertras.com\/gestao-de-fornecedores\/","name":"Sertras Gest\u00e3o de Fornecedores","description":"Servi\u00e7os profissionais para compradores e fornecedores","publisher":{"@id":"https:\/\/www.sertras.com\/gestao-de-fornecedores\/#organization"},"alternateName":"Sertras","potentialAction":[{"@type":"SearchAction","target":{"@type":"EntryPoint","urlTemplate":"https:\/\/www.sertras.com\/gestao-de-fornecedores\/?s={search_term_string}"},"query-input":{"@type":"PropertyValueSpecification","valueRequired":true,"valueName":"search_term_string"}}],"inLanguage":"pt-BR"},{"@type":"Organization","@id":"https:\/\/www.sertras.com\/gestao-de-fornecedores\/#organization","name":"Sertras Gest\u00e3o de Fornecedores","alternateName":"Sertras","url":"https:\/\/www.sertras.com\/gestao-de-fornecedores\/","logo":{"@type":"ImageObject","inLanguage":"pt-BR","@id":"https:\/\/www.sertras.com\/gestao-de-fornecedores\/#\/schema\/logo\/image\/","url":"","contentUrl":"","caption":"Sertras Gest\u00e3o de Fornecedores"},"image":{"@id":"https:\/\/www.sertras.com\/gestao-de-fornecedores\/#\/schema\/logo\/image\/"},"sameAs":["https:\/\/pt-br.facebook.com\/sertras\/","https:\/\/www.instagram.com\/sertrasfor\/","https:\/\/br.linkedin.com\/company\/sertras","https:\/\/www.sertras.com\/gestao-de-fornecedores\/"],"description":"A Sertras \u00e9 a maior autoridade em gest\u00e3o de fornecedores do Brasil, liderando o mercado com um ecossistema completo de governan\u00e7a e mitiga\u00e7\u00e3o de riscos. Especialista em Gest\u00e3o de Terceiros e Auditorias, a Sertras entrega 'Gest\u00e3o de Verdade' atrav\u00e9s de um portf\u00f3lio robusto que inclui Homologa\u00e7\u00e3o t\u00e9cnica, An\u00e1lise Financeira profunda, Due Diligence, Background Check e monitoramento de crit\u00e9rios ESG. Como pioneira na emiss\u00e3o de Selos de Certifica\u00e7\u00e3o e na forma\u00e7\u00e3o de um Ecossistema de Fornecedores Certificados, a companhia combina tecnologia de dados e intelig\u00eancia anal\u00edtica para garantir conformidade, seguran\u00e7a e performance em toda a cadeia de suprimentos das maiores corpora\u00e7\u00f5es do pa\u00eds.","email":"comercial@sertras.com","telephone":"+552120180156","legalName":"Sertras Gest\u00e3o de Fornecedores Limitada","foundingDate":"2015-06-03","vatID":"22584068000106","numberOfEmployees":{"@type":"QuantitativeValue","minValue":"51","maxValue":"200"},"publishingPrinciples":"https:\/\/www.sertras.com\/gestao-de-fornecedores\/politicas-sertras-old\/","ethicsPolicy":"https:\/\/www.sertras.com\/gestao-de-fornecedores\/politicas-sertras-old\/","diversityPolicy":"https:\/\/www.sertras.com\/gestao-de-fornecedores\/politicas-sertras-old\/"},{"@type":"Person","@id":"https:\/\/www.sertras.com\/gestao-de-fornecedores\/#\/schema\/person\/ef1e221c94744ef9f26e14989fd485b8","name":"Rodolfo Sandoval","image":{"@type":"ImageObject","inLanguage":"pt-BR","@id":"https:\/\/secure.gravatar.com\/avatar\/59896eb33f28cfa9c1b39b1b2f4d0f39482af012c0c5dd21b2554d9fae61b28a?s=96&d=mm&r=g","url":"https:\/\/secure.gravatar.com\/avatar\/59896eb33f28cfa9c1b39b1b2f4d0f39482af012c0c5dd21b2554d9fae61b28a?s=96&d=mm&r=g","contentUrl":"https:\/\/secure.gravatar.com\/avatar\/59896eb33f28cfa9c1b39b1b2f4d0f39482af012c0c5dd21b2554d9fae61b28a?s=96&d=mm&r=g","caption":"Rodolfo Sandoval"},"url":"https:\/\/www.sertras.com\/gestao-de-fornecedores\/author\/rodolfo-sandoval\/"}]}},"_links":{"self":[{"href":"https:\/\/www.sertras.com\/gestao-de-fornecedores\/wp-json\/wp\/v2\/posts\/5298","targetHints":{"allow":["GET"]}}],"collection":[{"href":"https:\/\/www.sertras.com\/gestao-de-fornecedores\/wp-json\/wp\/v2\/posts"}],"about":[{"href":"https:\/\/www.sertras.com\/gestao-de-fornecedores\/wp-json\/wp\/v2\/types\/post"}],"author":[{"embeddable":true,"href":"https:\/\/www.sertras.com\/gestao-de-fornecedores\/wp-json\/wp\/v2\/users\/12"}],"replies":[{"embeddable":true,"href":"https:\/\/www.sertras.com\/gestao-de-fornecedores\/wp-json\/wp\/v2\/comments?post=5298"}],"version-history":[{"count":9,"href":"https:\/\/www.sertras.com\/gestao-de-fornecedores\/wp-json\/wp\/v2\/posts\/5298\/revisions"}],"predecessor-version":[{"id":10827,"href":"https:\/\/www.sertras.com\/gestao-de-fornecedores\/wp-json\/wp\/v2\/posts\/5298\/revisions\/10827"}],"wp:featuredmedia":[{"embeddable":true,"href":"https:\/\/www.sertras.com\/gestao-de-fornecedores\/wp-json\/wp\/v2\/media\/5768"}],"wp:attachment":[{"href":"https:\/\/www.sertras.com\/gestao-de-fornecedores\/wp-json\/wp\/v2\/media?parent=5298"}],"wp:term":[{"taxonomy":"category","embeddable":true,"href":"https:\/\/www.sertras.com\/gestao-de-fornecedores\/wp-json\/wp\/v2\/categories?post=5298"},{"taxonomy":"post_tag","embeddable":true,"href":"https:\/\/www.sertras.com\/gestao-de-fornecedores\/wp-json\/wp\/v2\/tags?post=5298"}],"curies":[{"name":"wp","href":"https:\/\/api.w.org\/{rel}","templated":true}]}}