{"id":5478,"date":"2022-04-07T10:43:00","date_gmt":"2022-04-07T13:43:00","guid":{"rendered":"https:\/\/www.sertras.com\/gestao-de-fornecedores\/?p=5478"},"modified":"2023-10-13T14:04:59","modified_gmt":"2023-10-13T17:04:59","slug":"saude-mental-no-ambiente-de-trabalho","status":"publish","type":"post","link":"https:\/\/www.sertras.com\/gestao-de-fornecedores\/saude-mental-no-ambiente-de-trabalho\/","title":{"rendered":"Sa\u00fade Mental no Ambiente de Trabalho por Thays Teixeira"},"content":{"rendered":"\n<p class=\"has-dark-gray-color has-text-color\">A sa\u00fade mental se tornou um dos assuntos mais abordados atualmente quando tratamos de pessoas. Mas o que significa sa\u00fade mental e qual \u00e9 a necessidade de cuidarmos da nossa, principalmente no ambiente de trabalho?<\/p>\n\n\n\n<p class=\"has-dark-gray-color has-text-color\">O termo \u201csa\u00fade mental\u201d est\u00e1 relacionado com a forma que as pessoas lidam com as responsabilidades e exig\u00eancias do cotidiano e o modo que elas harmonizam suas ideias e emo\u00e7\u00f5es. O c\u00e9rebro, \u00f3rg\u00e3o fundamental para o funcionamento do nosso corpo, tem suas atividades baseadas em neuroqu\u00edmica, ou seja, combina\u00e7\u00f5es entre compostos que nos fazem sentir felizes, dispostos e nos mostrar que estamos sem nenhum tipo de desarranjo f\u00edsico ou emocional. \u00c9 nele que tamb\u00e9m acontecem os comandos para o funcionamento do corpo em geral, ou seja, se o nosso c\u00e9rebro est\u00e1 mal, o corpo sofre de alguma forma.<\/p>\n\n\n\n<p class=\"has-dark-gray-color has-text-color\">Dito isso, \u00e9 v\u00e1lido lembrar que, em alguns casos, passamos mais tempo em nosso ambiente de trabalho do que em nossas pr\u00f3prias resid\u00eancias. Logo, al\u00e9m de buscar talentos e potenciais em ascens\u00e3o, as organiza\u00e7\u00f5es precisam criar um ambiente que proporcione o desejo de pertencimento ao espa\u00e7o daquela organiza\u00e7\u00e3o.<\/p>\n\n\n\n<p class=\"has-dark-gray-color has-text-color\">Portanto, as organiza\u00e7\u00f5es que encontram mais meios de manter esses colaboradores, ofertando melhores condi\u00e7\u00f5es f\u00edsicas, materiais, e por sua vez, sociais e psicol\u00f3gicas, acabam se destacando diante das outras. \u00c9 um investimento m\u00fatuo, caracterizado pelo engajamento e satisfa\u00e7\u00e3o, e isso s\u00f3 acontece de maneira sadia quando o ambiente laboral se mostra favor\u00e1vel, proporcionando bem-estar e integridade. Entretanto, ainda que exista toda essa preocupa\u00e7\u00e3o, existem situa\u00e7\u00f5es que s\u00e3o inatas ao exerc\u00edcio de cada profiss\u00e3o.<\/p>\n\n\n\n<p class=\"has-dark-gray-color has-text-color\">A fim de elucidar essas situa\u00e7\u00f5es, podemos dizer que muitos transtornos psicol\u00f3gicos come\u00e7am com o estresse, logo depois vem a ansiedade, a depress\u00e3o, a estafa, e entre outros sentimentos que s\u00e3o naturais da nossa psique e que podem servir como sinais de alerta. Por exemplo, o burnout, tamb\u00e9m conhecido como s\u00edndrome do esgotamento profissional, \u00e9 quando a pessoa est\u00e1 se esfor\u00e7ando intensamente no trabalho, somado \u00e0s tarefas do cotidiano, e acabam esquecendo do momento de relaxar e descansar o corpo e a mente. Esse desgaste prolongado acaba gerando estresse e ansiedade, impactando negativamente na vida pessoal e profissional dessas pessoas. Dessa forma, esses sintomas se tornam um sinal de alerta para que a empresa perceba que tem algo de errado com determinado funcion\u00e1rio e que precisam trabalhar maneiras de melhorar essa situa\u00e7\u00e3o.<\/p>\n\n\n\n<p class=\"has-dark-gray-color has-text-color\">Ademais, segundo Bateson, cientista social do s\u00e9culo XIX, um mapa n\u00e3o \u00e9 um territ\u00f3rio, e relacionando este pensamento com a gest\u00e3o das organiza\u00e7\u00f5es, podemos dizer que ela n\u00e3o deve se prender a cartilhas. E para existir um mapa, \u00e9 necess\u00e1rio que um bom cart\u00f3grafo v\u00e1 at\u00e9 o territ\u00f3rio e diga o que l\u00e1 existe, mas ainda assim n\u00e3o significa pertencer \u00e0quele territ\u00f3rio. Em outras palavras, se a gest\u00e3o da organiza\u00e7\u00e3o se prop\u00f5e a estar no mesmo ambiente que seu colaborador, conhecendo todo o seu territ\u00f3rio, seus detalhes, e o que h\u00e1 realmente dentro de cada setor, ela ent\u00e3o se coloca no lugar de observadora e, consequentemente, capaz de perceber e cuidar plenamente da integridade e sa\u00fade mental dos funcion\u00e1rios.<\/p>\n\n\n\n<p class=\"has-dark-gray-color has-text-color\">Devido a essas ocorr\u00eancias, se torna cada vez mais importante criar um bom setor de Gest\u00e3o de Pessoas nas empresas, aliando o RH ao Departamento Pessoal e fortalecendo ambas as partes, para que estes possam reconhecer quais os pontos que levam \u00e0 desmotiva\u00e7\u00e3o do colaborador. O setor de RH auxilia na escuta e acolhimento, proporcionando espa\u00e7os de troca e possibilidades de pertencimento. Dessa forma, podemos afirmar que mesmo o inato pode ser prevenido.<\/p>\n\n\n\n<figure class=\"wp-block-image size-large is-resized\"><img fetchpriority=\"high\" decoding=\"async\" width=\"1024\" height=\"366\" src=\"https:\/\/www.sertras.com\/gestao-de-fornecedores\/wp-content\/uploads\/2022\/03\/assinatura-thays-1024x366.png\" alt=\"\" class=\"wp-image-5479\" style=\"width:459px;height:164px\" srcset=\"https:\/\/www.sertras.com\/gestao-de-fornecedores\/wp-content\/uploads\/2022\/03\/assinatura-thays-1024x366.png 1024w, https:\/\/www.sertras.com\/gestao-de-fornecedores\/wp-content\/uploads\/2022\/03\/assinatura-thays-300x107.png 300w, https:\/\/www.sertras.com\/gestao-de-fornecedores\/wp-content\/uploads\/2022\/03\/assinatura-thays-768x274.png 768w, https:\/\/www.sertras.com\/gestao-de-fornecedores\/wp-content\/uploads\/2022\/03\/assinatura-thays-1536x549.png 1536w, https:\/\/www.sertras.com\/gestao-de-fornecedores\/wp-content\/uploads\/2022\/03\/assinatura-thays-2048x731.png 2048w\" sizes=\"(max-width: 1024px) 100vw, 1024px\" \/><\/figure>\n","protected":false},"excerpt":{"rendered":"<p>A sa\u00fade mental se tornou um dos assuntos mais abordados atualmente quando tratamos de pessoas. Mas o que significa sa\u00fade mental e qual \u00e9 a necessidade de cuidarmos da nossa, principalmente no ambiente de trabalho? O termo \u201csa\u00fade mental\u201d est\u00e1 relacionado com a forma que as pessoas lidam com as responsabilidades e exig\u00eancias do cotidiano&hellip;<\/p>\n","protected":false},"author":12,"featured_media":5771,"comment_status":"open","ping_status":"open","sticky":false,"template":"","format":"standard","meta":{"footnotes":""},"categories":[150],"tags":[161,160],"class_list":["post-5478","post","type-post","status-publish","format-standard","has-post-thumbnail","hentry","category-sertras","tag-rh","tag-saude-mental","category-150","description-off"],"yoast_head":"<!-- This site is optimized with the Yoast SEO Premium plugin v27.3 (Yoast SEO v27.3) - https:\/\/yoast.com\/product\/yoast-seo-premium-wordpress\/ -->\n<title>Sa\u00fade Mental no Ambiente de Trabalho por Thays Teixeira - Sertras Gest\u00e3o de Fornecedores<\/title>\n<meta name=\"robots\" content=\"index, follow, max-snippet:-1, max-image-preview:large, max-video-preview:-1\" \/>\n<link rel=\"canonical\" href=\"https:\/\/www.sertras.com\/gestao-de-fornecedores\/saude-mental-no-ambiente-de-trabalho\/\" \/>\n<meta property=\"og:locale\" content=\"pt_BR\" \/>\n<meta property=\"og:type\" content=\"article\" \/>\n<meta property=\"og:title\" content=\"Sa\u00fade Mental no Ambiente de Trabalho por Thays Teixeira\" \/>\n<meta property=\"og:description\" content=\"A sa\u00fade mental se tornou um dos assuntos mais abordados atualmente quando tratamos de pessoas. Mas o que significa sa\u00fade mental e qual \u00e9 a necessidade de cuidarmos da nossa, principalmente no ambiente de trabalho? O termo \u201csa\u00fade mental\u201d est\u00e1 relacionado com a forma que as pessoas lidam com as responsabilidades e exig\u00eancias do cotidiano&hellip;\" \/>\n<meta property=\"og:url\" content=\"https:\/\/www.sertras.com\/gestao-de-fornecedores\/saude-mental-no-ambiente-de-trabalho\/\" \/>\n<meta property=\"og:site_name\" content=\"Sertras Gest\u00e3o de Fornecedores\" \/>\n<meta property=\"article:publisher\" content=\"https:\/\/pt-br.facebook.com\/sertras\/\" \/>\n<meta property=\"article:published_time\" content=\"2022-04-07T13:43:00+00:00\" \/>\n<meta property=\"article:modified_time\" content=\"2023-10-13T17:04:59+00:00\" \/>\n<meta property=\"og:image\" content=\"https:\/\/www.sertras.com\/gestao-de-fornecedores\/wp-content\/uploads\/2022\/04\/capa-site.png\" \/>\n\t<meta property=\"og:image:width\" content=\"1366\" \/>\n\t<meta property=\"og:image:height\" content=\"768\" \/>\n\t<meta property=\"og:image:type\" content=\"image\/png\" \/>\n<meta name=\"author\" content=\"Rodolfo Sandoval\" \/>\n<meta name=\"twitter:label1\" content=\"Escrito por\" \/>\n\t<meta name=\"twitter:data1\" content=\"Rodolfo Sandoval\" \/>\n\t<meta name=\"twitter:label2\" content=\"Est. tempo de leitura\" \/>\n\t<meta name=\"twitter:data2\" content=\"4 minutos\" \/>\n<script type=\"application\/ld+json\" class=\"yoast-schema-graph\">{\"@context\":\"https:\\\/\\\/schema.org\",\"@graph\":[{\"@type\":\"Article\",\"@id\":\"https:\\\/\\\/www.sertras.com\\\/gestao-de-fornecedores\\\/saude-mental-no-ambiente-de-trabalho\\\/#article\",\"isPartOf\":{\"@id\":\"https:\\\/\\\/www.sertras.com\\\/gestao-de-fornecedores\\\/saude-mental-no-ambiente-de-trabalho\\\/\"},\"author\":{\"name\":\"Rodolfo Sandoval\",\"@id\":\"https:\\\/\\\/www.sertras.com\\\/gestao-de-fornecedores\\\/#\\\/schema\\\/person\\\/ef1e221c94744ef9f26e14989fd485b8\"},\"headline\":\"Sa\u00fade Mental no Ambiente de Trabalho por Thays Teixeira\",\"datePublished\":\"2022-04-07T13:43:00+00:00\",\"dateModified\":\"2023-10-13T17:04:59+00:00\",\"mainEntityOfPage\":{\"@id\":\"https:\\\/\\\/www.sertras.com\\\/gestao-de-fornecedores\\\/saude-mental-no-ambiente-de-trabalho\\\/\"},\"wordCount\":644,\"commentCount\":0,\"publisher\":{\"@id\":\"https:\\\/\\\/www.sertras.com\\\/gestao-de-fornecedores\\\/#organization\"},\"image\":{\"@id\":\"https:\\\/\\\/www.sertras.com\\\/gestao-de-fornecedores\\\/saude-mental-no-ambiente-de-trabalho\\\/#primaryimage\"},\"thumbnailUrl\":\"https:\\\/\\\/www.sertras.com\\\/gestao-de-fornecedores\\\/wp-content\\\/uploads\\\/2022\\\/04\\\/capa-site.png\",\"keywords\":[\"rh\",\"saude mental\"],\"articleSection\":[\"Sertras\"],\"inLanguage\":\"pt-BR\",\"potentialAction\":[{\"@type\":\"CommentAction\",\"name\":\"Comment\",\"target\":[\"https:\\\/\\\/www.sertras.com\\\/gestao-de-fornecedores\\\/saude-mental-no-ambiente-de-trabalho\\\/#respond\"]}]},{\"@type\":\"WebPage\",\"@id\":\"https:\\\/\\\/www.sertras.com\\\/gestao-de-fornecedores\\\/saude-mental-no-ambiente-de-trabalho\\\/\",\"url\":\"https:\\\/\\\/www.sertras.com\\\/gestao-de-fornecedores\\\/saude-mental-no-ambiente-de-trabalho\\\/\",\"name\":\"Sa\u00fade Mental no Ambiente de Trabalho por Thays Teixeira - Sertras Gest\u00e3o de Fornecedores\",\"isPartOf\":{\"@id\":\"https:\\\/\\\/www.sertras.com\\\/gestao-de-fornecedores\\\/#website\"},\"primaryImageOfPage\":{\"@id\":\"https:\\\/\\\/www.sertras.com\\\/gestao-de-fornecedores\\\/saude-mental-no-ambiente-de-trabalho\\\/#primaryimage\"},\"image\":{\"@id\":\"https:\\\/\\\/www.sertras.com\\\/gestao-de-fornecedores\\\/saude-mental-no-ambiente-de-trabalho\\\/#primaryimage\"},\"thumbnailUrl\":\"https:\\\/\\\/www.sertras.com\\\/gestao-de-fornecedores\\\/wp-content\\\/uploads\\\/2022\\\/04\\\/capa-site.png\",\"datePublished\":\"2022-04-07T13:43:00+00:00\",\"dateModified\":\"2023-10-13T17:04:59+00:00\",\"breadcrumb\":{\"@id\":\"https:\\\/\\\/www.sertras.com\\\/gestao-de-fornecedores\\\/saude-mental-no-ambiente-de-trabalho\\\/#breadcrumb\"},\"inLanguage\":\"pt-BR\",\"potentialAction\":[{\"@type\":\"ReadAction\",\"target\":[\"https:\\\/\\\/www.sertras.com\\\/gestao-de-fornecedores\\\/saude-mental-no-ambiente-de-trabalho\\\/\"]}]},{\"@type\":\"ImageObject\",\"inLanguage\":\"pt-BR\",\"@id\":\"https:\\\/\\\/www.sertras.com\\\/gestao-de-fornecedores\\\/saude-mental-no-ambiente-de-trabalho\\\/#primaryimage\",\"url\":\"https:\\\/\\\/www.sertras.com\\\/gestao-de-fornecedores\\\/wp-content\\\/uploads\\\/2022\\\/04\\\/capa-site.png\",\"contentUrl\":\"https:\\\/\\\/www.sertras.com\\\/gestao-de-fornecedores\\\/wp-content\\\/uploads\\\/2022\\\/04\\\/capa-site.png\",\"width\":1366,\"height\":768},{\"@type\":\"BreadcrumbList\",\"@id\":\"https:\\\/\\\/www.sertras.com\\\/gestao-de-fornecedores\\\/saude-mental-no-ambiente-de-trabalho\\\/#breadcrumb\",\"itemListElement\":[{\"@type\":\"ListItem\",\"position\":1,\"name\":\"In\u00edcio\",\"item\":\"https:\\\/\\\/www.sertras.com\\\/gestao-de-fornecedores\\\/\"},{\"@type\":\"ListItem\",\"position\":2,\"name\":\"Sa\u00fade Mental no Ambiente de Trabalho por Thays Teixeira\"}]},{\"@type\":\"WebSite\",\"@id\":\"https:\\\/\\\/www.sertras.com\\\/gestao-de-fornecedores\\\/#website\",\"url\":\"https:\\\/\\\/www.sertras.com\\\/gestao-de-fornecedores\\\/\",\"name\":\"Sertras Gest\u00e3o de Fornecedores\",\"description\":\"Servi\u00e7os profissionais para compradores e fornecedores\",\"publisher\":{\"@id\":\"https:\\\/\\\/www.sertras.com\\\/gestao-de-fornecedores\\\/#organization\"},\"alternateName\":\"Sertras\",\"potentialAction\":[{\"@type\":\"SearchAction\",\"target\":{\"@type\":\"EntryPoint\",\"urlTemplate\":\"https:\\\/\\\/www.sertras.com\\\/gestao-de-fornecedores\\\/?s={search_term_string}\"},\"query-input\":{\"@type\":\"PropertyValueSpecification\",\"valueRequired\":true,\"valueName\":\"search_term_string\"}}],\"inLanguage\":\"pt-BR\"},{\"@type\":\"Organization\",\"@id\":\"https:\\\/\\\/www.sertras.com\\\/gestao-de-fornecedores\\\/#organization\",\"name\":\"Sertras Gest\u00e3o de Fornecedores\",\"alternateName\":\"Sertras\",\"url\":\"https:\\\/\\\/www.sertras.com\\\/gestao-de-fornecedores\\\/\",\"logo\":{\"@type\":\"ImageObject\",\"inLanguage\":\"pt-BR\",\"@id\":\"https:\\\/\\\/www.sertras.com\\\/gestao-de-fornecedores\\\/#\\\/schema\\\/logo\\\/image\\\/\",\"url\":\"\",\"contentUrl\":\"\",\"caption\":\"Sertras Gest\u00e3o de Fornecedores\"},\"image\":{\"@id\":\"https:\\\/\\\/www.sertras.com\\\/gestao-de-fornecedores\\\/#\\\/schema\\\/logo\\\/image\\\/\"},\"sameAs\":[\"https:\\\/\\\/pt-br.facebook.com\\\/sertras\\\/\",\"https:\\\/\\\/www.instagram.com\\\/sertrasfor\\\/\",\"https:\\\/\\\/br.linkedin.com\\\/company\\\/sertras\",\"https:\\\/\\\/www.sertras.com\\\/gestao-de-fornecedores\\\/\"],\"description\":\"A Sertras \u00e9 a maior autoridade em gest\u00e3o de fornecedores do Brasil, liderando o mercado com um ecossistema completo de governan\u00e7a e mitiga\u00e7\u00e3o de riscos. Especialista em Gest\u00e3o de Terceiros e Auditorias, a Sertras entrega 'Gest\u00e3o de Verdade' atrav\u00e9s de um portf\u00f3lio robusto que inclui Homologa\u00e7\u00e3o t\u00e9cnica, An\u00e1lise Financeira profunda, Due Diligence, Background Check e monitoramento de crit\u00e9rios ESG. Como pioneira na emiss\u00e3o de Selos de Certifica\u00e7\u00e3o e na forma\u00e7\u00e3o de um Ecossistema de Fornecedores Certificados, a companhia combina tecnologia de dados e intelig\u00eancia anal\u00edtica para garantir conformidade, seguran\u00e7a e performance em toda a cadeia de suprimentos das maiores corpora\u00e7\u00f5es do pa\u00eds.\",\"email\":\"comercial@sertras.com\",\"telephone\":\"+552120180156\",\"legalName\":\"Sertras Gest\u00e3o de Fornecedores Limitada\",\"foundingDate\":\"2015-06-03\",\"vatID\":\"22584068000106\",\"numberOfEmployees\":{\"@type\":\"QuantitativeValue\",\"minValue\":\"51\",\"maxValue\":\"200\"},\"publishingPrinciples\":\"https:\\\/\\\/www.sertras.com\\\/gestao-de-fornecedores\\\/politicas-sertras-old\\\/\",\"ethicsPolicy\":\"https:\\\/\\\/www.sertras.com\\\/gestao-de-fornecedores\\\/politicas-sertras-old\\\/\",\"diversityPolicy\":\"https:\\\/\\\/www.sertras.com\\\/gestao-de-fornecedores\\\/politicas-sertras-old\\\/\"},{\"@type\":\"Person\",\"@id\":\"https:\\\/\\\/www.sertras.com\\\/gestao-de-fornecedores\\\/#\\\/schema\\\/person\\\/ef1e221c94744ef9f26e14989fd485b8\",\"name\":\"Rodolfo Sandoval\",\"image\":{\"@type\":\"ImageObject\",\"inLanguage\":\"pt-BR\",\"@id\":\"https:\\\/\\\/secure.gravatar.com\\\/avatar\\\/59896eb33f28cfa9c1b39b1b2f4d0f39482af012c0c5dd21b2554d9fae61b28a?s=96&d=mm&r=g\",\"url\":\"https:\\\/\\\/secure.gravatar.com\\\/avatar\\\/59896eb33f28cfa9c1b39b1b2f4d0f39482af012c0c5dd21b2554d9fae61b28a?s=96&d=mm&r=g\",\"contentUrl\":\"https:\\\/\\\/secure.gravatar.com\\\/avatar\\\/59896eb33f28cfa9c1b39b1b2f4d0f39482af012c0c5dd21b2554d9fae61b28a?s=96&d=mm&r=g\",\"caption\":\"Rodolfo Sandoval\"},\"url\":\"https:\\\/\\\/www.sertras.com\\\/gestao-de-fornecedores\\\/author\\\/rodolfo-sandoval\\\/\"}]}<\/script>\n<!-- \/ Yoast SEO Premium plugin. -->","yoast_head_json":{"title":"Sa\u00fade Mental no Ambiente de Trabalho por Thays Teixeira - Sertras Gest\u00e3o de Fornecedores","robots":{"index":"index","follow":"follow","max-snippet":"max-snippet:-1","max-image-preview":"max-image-preview:large","max-video-preview":"max-video-preview:-1"},"canonical":"https:\/\/www.sertras.com\/gestao-de-fornecedores\/saude-mental-no-ambiente-de-trabalho\/","og_locale":"pt_BR","og_type":"article","og_title":"Sa\u00fade Mental no Ambiente de Trabalho por Thays Teixeira","og_description":"A sa\u00fade mental se tornou um dos assuntos mais abordados atualmente quando tratamos de pessoas. Mas o que significa sa\u00fade mental e qual \u00e9 a necessidade de cuidarmos da nossa, principalmente no ambiente de trabalho? O termo \u201csa\u00fade mental\u201d est\u00e1 relacionado com a forma que as pessoas lidam com as responsabilidades e exig\u00eancias do cotidiano&hellip;","og_url":"https:\/\/www.sertras.com\/gestao-de-fornecedores\/saude-mental-no-ambiente-de-trabalho\/","og_site_name":"Sertras Gest\u00e3o de Fornecedores","article_publisher":"https:\/\/pt-br.facebook.com\/sertras\/","article_published_time":"2022-04-07T13:43:00+00:00","article_modified_time":"2023-10-13T17:04:59+00:00","og_image":[{"width":1366,"height":768,"url":"https:\/\/www.sertras.com\/gestao-de-fornecedores\/wp-content\/uploads\/2022\/04\/capa-site.png","type":"image\/png"}],"author":"Rodolfo Sandoval","twitter_misc":{"Escrito por":"Rodolfo Sandoval","Est. tempo de leitura":"4 minutos"},"schema":{"@context":"https:\/\/schema.org","@graph":[{"@type":"Article","@id":"https:\/\/www.sertras.com\/gestao-de-fornecedores\/saude-mental-no-ambiente-de-trabalho\/#article","isPartOf":{"@id":"https:\/\/www.sertras.com\/gestao-de-fornecedores\/saude-mental-no-ambiente-de-trabalho\/"},"author":{"name":"Rodolfo Sandoval","@id":"https:\/\/www.sertras.com\/gestao-de-fornecedores\/#\/schema\/person\/ef1e221c94744ef9f26e14989fd485b8"},"headline":"Sa\u00fade Mental no Ambiente de Trabalho por Thays Teixeira","datePublished":"2022-04-07T13:43:00+00:00","dateModified":"2023-10-13T17:04:59+00:00","mainEntityOfPage":{"@id":"https:\/\/www.sertras.com\/gestao-de-fornecedores\/saude-mental-no-ambiente-de-trabalho\/"},"wordCount":644,"commentCount":0,"publisher":{"@id":"https:\/\/www.sertras.com\/gestao-de-fornecedores\/#organization"},"image":{"@id":"https:\/\/www.sertras.com\/gestao-de-fornecedores\/saude-mental-no-ambiente-de-trabalho\/#primaryimage"},"thumbnailUrl":"https:\/\/www.sertras.com\/gestao-de-fornecedores\/wp-content\/uploads\/2022\/04\/capa-site.png","keywords":["rh","saude mental"],"articleSection":["Sertras"],"inLanguage":"pt-BR","potentialAction":[{"@type":"CommentAction","name":"Comment","target":["https:\/\/www.sertras.com\/gestao-de-fornecedores\/saude-mental-no-ambiente-de-trabalho\/#respond"]}]},{"@type":"WebPage","@id":"https:\/\/www.sertras.com\/gestao-de-fornecedores\/saude-mental-no-ambiente-de-trabalho\/","url":"https:\/\/www.sertras.com\/gestao-de-fornecedores\/saude-mental-no-ambiente-de-trabalho\/","name":"Sa\u00fade Mental no Ambiente de Trabalho por Thays Teixeira - Sertras Gest\u00e3o de Fornecedores","isPartOf":{"@id":"https:\/\/www.sertras.com\/gestao-de-fornecedores\/#website"},"primaryImageOfPage":{"@id":"https:\/\/www.sertras.com\/gestao-de-fornecedores\/saude-mental-no-ambiente-de-trabalho\/#primaryimage"},"image":{"@id":"https:\/\/www.sertras.com\/gestao-de-fornecedores\/saude-mental-no-ambiente-de-trabalho\/#primaryimage"},"thumbnailUrl":"https:\/\/www.sertras.com\/gestao-de-fornecedores\/wp-content\/uploads\/2022\/04\/capa-site.png","datePublished":"2022-04-07T13:43:00+00:00","dateModified":"2023-10-13T17:04:59+00:00","breadcrumb":{"@id":"https:\/\/www.sertras.com\/gestao-de-fornecedores\/saude-mental-no-ambiente-de-trabalho\/#breadcrumb"},"inLanguage":"pt-BR","potentialAction":[{"@type":"ReadAction","target":["https:\/\/www.sertras.com\/gestao-de-fornecedores\/saude-mental-no-ambiente-de-trabalho\/"]}]},{"@type":"ImageObject","inLanguage":"pt-BR","@id":"https:\/\/www.sertras.com\/gestao-de-fornecedores\/saude-mental-no-ambiente-de-trabalho\/#primaryimage","url":"https:\/\/www.sertras.com\/gestao-de-fornecedores\/wp-content\/uploads\/2022\/04\/capa-site.png","contentUrl":"https:\/\/www.sertras.com\/gestao-de-fornecedores\/wp-content\/uploads\/2022\/04\/capa-site.png","width":1366,"height":768},{"@type":"BreadcrumbList","@id":"https:\/\/www.sertras.com\/gestao-de-fornecedores\/saude-mental-no-ambiente-de-trabalho\/#breadcrumb","itemListElement":[{"@type":"ListItem","position":1,"name":"In\u00edcio","item":"https:\/\/www.sertras.com\/gestao-de-fornecedores\/"},{"@type":"ListItem","position":2,"name":"Sa\u00fade Mental no Ambiente de Trabalho por Thays Teixeira"}]},{"@type":"WebSite","@id":"https:\/\/www.sertras.com\/gestao-de-fornecedores\/#website","url":"https:\/\/www.sertras.com\/gestao-de-fornecedores\/","name":"Sertras Gest\u00e3o de Fornecedores","description":"Servi\u00e7os profissionais para compradores e fornecedores","publisher":{"@id":"https:\/\/www.sertras.com\/gestao-de-fornecedores\/#organization"},"alternateName":"Sertras","potentialAction":[{"@type":"SearchAction","target":{"@type":"EntryPoint","urlTemplate":"https:\/\/www.sertras.com\/gestao-de-fornecedores\/?s={search_term_string}"},"query-input":{"@type":"PropertyValueSpecification","valueRequired":true,"valueName":"search_term_string"}}],"inLanguage":"pt-BR"},{"@type":"Organization","@id":"https:\/\/www.sertras.com\/gestao-de-fornecedores\/#organization","name":"Sertras Gest\u00e3o de Fornecedores","alternateName":"Sertras","url":"https:\/\/www.sertras.com\/gestao-de-fornecedores\/","logo":{"@type":"ImageObject","inLanguage":"pt-BR","@id":"https:\/\/www.sertras.com\/gestao-de-fornecedores\/#\/schema\/logo\/image\/","url":"","contentUrl":"","caption":"Sertras Gest\u00e3o de Fornecedores"},"image":{"@id":"https:\/\/www.sertras.com\/gestao-de-fornecedores\/#\/schema\/logo\/image\/"},"sameAs":["https:\/\/pt-br.facebook.com\/sertras\/","https:\/\/www.instagram.com\/sertrasfor\/","https:\/\/br.linkedin.com\/company\/sertras","https:\/\/www.sertras.com\/gestao-de-fornecedores\/"],"description":"A Sertras \u00e9 a maior autoridade em gest\u00e3o de fornecedores do Brasil, liderando o mercado com um ecossistema completo de governan\u00e7a e mitiga\u00e7\u00e3o de riscos. Especialista em Gest\u00e3o de Terceiros e Auditorias, a Sertras entrega 'Gest\u00e3o de Verdade' atrav\u00e9s de um portf\u00f3lio robusto que inclui Homologa\u00e7\u00e3o t\u00e9cnica, An\u00e1lise Financeira profunda, Due Diligence, Background Check e monitoramento de crit\u00e9rios ESG. Como pioneira na emiss\u00e3o de Selos de Certifica\u00e7\u00e3o e na forma\u00e7\u00e3o de um Ecossistema de Fornecedores Certificados, a companhia combina tecnologia de dados e intelig\u00eancia anal\u00edtica para garantir conformidade, seguran\u00e7a e performance em toda a cadeia de suprimentos das maiores corpora\u00e7\u00f5es do pa\u00eds.","email":"comercial@sertras.com","telephone":"+552120180156","legalName":"Sertras Gest\u00e3o de Fornecedores Limitada","foundingDate":"2015-06-03","vatID":"22584068000106","numberOfEmployees":{"@type":"QuantitativeValue","minValue":"51","maxValue":"200"},"publishingPrinciples":"https:\/\/www.sertras.com\/gestao-de-fornecedores\/politicas-sertras-old\/","ethicsPolicy":"https:\/\/www.sertras.com\/gestao-de-fornecedores\/politicas-sertras-old\/","diversityPolicy":"https:\/\/www.sertras.com\/gestao-de-fornecedores\/politicas-sertras-old\/"},{"@type":"Person","@id":"https:\/\/www.sertras.com\/gestao-de-fornecedores\/#\/schema\/person\/ef1e221c94744ef9f26e14989fd485b8","name":"Rodolfo Sandoval","image":{"@type":"ImageObject","inLanguage":"pt-BR","@id":"https:\/\/secure.gravatar.com\/avatar\/59896eb33f28cfa9c1b39b1b2f4d0f39482af012c0c5dd21b2554d9fae61b28a?s=96&d=mm&r=g","url":"https:\/\/secure.gravatar.com\/avatar\/59896eb33f28cfa9c1b39b1b2f4d0f39482af012c0c5dd21b2554d9fae61b28a?s=96&d=mm&r=g","contentUrl":"https:\/\/secure.gravatar.com\/avatar\/59896eb33f28cfa9c1b39b1b2f4d0f39482af012c0c5dd21b2554d9fae61b28a?s=96&d=mm&r=g","caption":"Rodolfo Sandoval"},"url":"https:\/\/www.sertras.com\/gestao-de-fornecedores\/author\/rodolfo-sandoval\/"}]}},"_links":{"self":[{"href":"https:\/\/www.sertras.com\/gestao-de-fornecedores\/wp-json\/wp\/v2\/posts\/5478","targetHints":{"allow":["GET"]}}],"collection":[{"href":"https:\/\/www.sertras.com\/gestao-de-fornecedores\/wp-json\/wp\/v2\/posts"}],"about":[{"href":"https:\/\/www.sertras.com\/gestao-de-fornecedores\/wp-json\/wp\/v2\/types\/post"}],"author":[{"embeddable":true,"href":"https:\/\/www.sertras.com\/gestao-de-fornecedores\/wp-json\/wp\/v2\/users\/12"}],"replies":[{"embeddable":true,"href":"https:\/\/www.sertras.com\/gestao-de-fornecedores\/wp-json\/wp\/v2\/comments?post=5478"}],"version-history":[{"count":6,"href":"https:\/\/www.sertras.com\/gestao-de-fornecedores\/wp-json\/wp\/v2\/posts\/5478\/revisions"}],"predecessor-version":[{"id":10830,"href":"https:\/\/www.sertras.com\/gestao-de-fornecedores\/wp-json\/wp\/v2\/posts\/5478\/revisions\/10830"}],"wp:featuredmedia":[{"embeddable":true,"href":"https:\/\/www.sertras.com\/gestao-de-fornecedores\/wp-json\/wp\/v2\/media\/5771"}],"wp:attachment":[{"href":"https:\/\/www.sertras.com\/gestao-de-fornecedores\/wp-json\/wp\/v2\/media?parent=5478"}],"wp:term":[{"taxonomy":"category","embeddable":true,"href":"https:\/\/www.sertras.com\/gestao-de-fornecedores\/wp-json\/wp\/v2\/categories?post=5478"},{"taxonomy":"post_tag","embeddable":true,"href":"https:\/\/www.sertras.com\/gestao-de-fornecedores\/wp-json\/wp\/v2\/tags?post=5478"}],"curies":[{"name":"wp","href":"https:\/\/api.w.org\/{rel}","templated":true}]}}