{"id":5648,"date":"2022-04-12T10:35:00","date_gmt":"2022-04-12T13:35:00","guid":{"rendered":"https:\/\/www.sertras.com\/gestao-de-fornecedores\/?p=5648"},"modified":"2023-10-13T14:06:00","modified_gmt":"2023-10-13T17:06:00","slug":"declaracao-anual-de-imposto-de-renda-pessoa-fisica","status":"publish","type":"post","link":"https:\/\/www.sertras.com\/gestao-de-fornecedores\/declaracao-anual-de-imposto-de-renda-pessoa-fisica\/","title":{"rendered":"Declara\u00e7\u00e3o Anual de Imposto de Renda Pessoa F\u00edsica"},"content":{"rendered":"\n<p class=\"has-dark-gray-color has-text-color\">\u00c9 muito importante que os contribuintes brasileiros conhe\u00e7am as particularidades da declara\u00e7\u00e3o, at\u00e9 porque sua falta pode gerar diversos danos, como o pagamento de multas e o bloqueio do CPF.<\/p>\n\n\n\n<h3 class=\"wp-block-heading\"><strong>Mas quem deve declarar?<\/strong><\/h3>\n\n\n\n<p class=\"has-dark-gray-color has-text-color\">A Declara\u00e7\u00e3o de Ajuste do Imposto de Renda Pessoa F\u00edsica &#8211; DIRPF &#8211; \u00e9 obrigat\u00f3ria para todos os brasileiros residentes no Brasil que se enquadrem em pelo menos uma das situa\u00e7\u00f5es abaixo:<\/p>\n\n\n\n<ul class=\"has-dark-gray-color has-text-color wp-block-list\">\n<li> O contribuinte tenha recebido rendimentos tribut\u00e1veis acima de R$ 28.559,70 anuais;<\/li>\n<\/ul>\n\n\n\n<ul class=\"has-dark-gray-color has-text-color wp-block-list\">\n<li> Tenha recebido rendimentos isentos, n\u00e3o tribut\u00e1veis ou tributados exclusivamente na fonte acima de R$ 40.000,00;<\/li>\n<\/ul>\n\n\n\n<ul class=\"has-dark-gray-color has-text-color wp-block-list\">\n<li> Obteve qualquer ganho de capital com bens sujeito \u00e0 tributa\u00e7\u00e3o;<\/li>\n<\/ul>\n\n\n\n<ul class=\"has-dark-gray-color has-text-color wp-block-list\">\n<li> Operou em bolsa de valores ou mercado futuro;<\/li>\n<\/ul>\n\n\n\n<ul class=\"has-dark-gray-color has-text-color wp-block-list\">\n<li> Teve a posse ou a propriedade de bens e direitos no valor total de R$ 300.000,00;<\/li>\n<\/ul>\n\n\n\n<ul class=\"has-dark-gray-color has-text-color wp-block-list\">\n<li> Passou a ser residente no Brasil no \u00faltimo ano.<\/li>\n<\/ul>\n\n\n\n<p class=\"has-dark-gray-color has-text-color\">Em resumo: se uma pessoa operou em bolsa de valores no ano anterior, comprando apenas uma a\u00e7\u00e3o, por exemplo, e mesmo n\u00e3o tendo rendimentos anuais acima de R$ 28.559,70, obrigatoriamente dever\u00e1 realizar a declara\u00e7\u00e3o do imposto de renda.<\/p>\n\n\n\n<h3 class=\"wp-block-heading\"><strong>E como \u00e9 feito o C\u00e1lculo do Imposto de Renda?<\/strong><\/h3>\n\n\n\n<p class=\"has-dark-gray-color has-text-color\">De forma resumida, \u00e9 a soma de todas as receitas recebidas pelo contribuinte dentro de um ano subtraindo as dedu\u00e7\u00f5es legais pagas tamb\u00e9m dentro desse ano. Ou seja, o Governo Federal ir\u00e1 analisar todos os valores de impostos pagos pelo contribuinte no ano anterior de forma a dizer se existem d\u00e9bitos ou cr\u00e9ditos junto a ele.<\/p>\n\n\n\n<p class=\"has-dark-gray-color has-text-color\">Esse c\u00e1lculo obedece a uma tabela progressiva institu\u00edda pela Receita Federal, onde a pessoa que recebe at\u00e9 R$ 1.903,98 mensais est\u00e1 isenta do pagamento do imposto, por\u00e9m uma pessoa que recebe acima de R$ 5.000,00 pode ter que arcar com uma al\u00edquota de 27,5%.<\/p>\n\n\n\n<h3 class=\"wp-block-heading\"><strong>Quais os gastos que podem reduzir o imposto a pagar?<\/strong><\/h3>\n\n\n\n<p class=\"has-dark-gray-color has-text-color\">O contribuinte poder\u00e1 declarar alguns tipos de despesas \u00e0 Receita Federal que poder\u00e3o reduzir o valor a ser pago ao governo. Estas despesas que podem gerar dedu\u00e7\u00f5es, est\u00e3o classificadas em 4 categorias:<\/p>\n\n\n\n<ul class=\"has-dark-gray-color has-text-color wp-block-list\">\n<li> Despesas m\u00e9dicas;<\/li>\n<\/ul>\n\n\n\n<ul class=\"has-dark-gray-color has-text-color wp-block-list\">\n<li> Despesas escolares;<\/li>\n<\/ul>\n\n\n\n<ul class=\"has-dark-gray-color has-text-color wp-block-list\">\n<li> Pagamento de previd\u00eancia privada;<\/li>\n<\/ul>\n\n\n\n<ul class=\"has-dark-gray-color has-text-color wp-block-list\">\n<li> Pagamento de pens\u00e3o aliment\u00edcia.<\/li>\n<\/ul>\n\n\n\n<p class=\"has-dark-gray-color has-text-color\">Por\u00e9m, dentro dessas dedu\u00e7\u00f5es, h\u00e1 algumas situa\u00e7\u00f5es em que os impostos a pagar n\u00e3o podem ser reduzidos, como: valores gastos com medicamentos, uniformes escolares, aulas de idioma e pens\u00e3o aliment\u00edcia feita de forma informal.<\/p>\n\n\n\n<h3 class=\"wp-block-heading\"><strong>Quais s\u00e3o os erros mais frequentes cometidos na Declara\u00e7\u00e3o de Ajuste Anual?<\/strong><\/h3>\n\n\n\n<ul class=\"has-dark-gray-color has-text-color wp-block-list\">\n<li> N\u00e3o apresentar documento v\u00e1lido e id\u00f4neo sobre as despesas m\u00e9dicas;<\/li>\n<\/ul>\n\n\n\n<ul class=\"has-dark-gray-color has-text-color wp-block-list\">\n<li> N\u00e3o informar valores pagos ou recebidos por alugu\u00e9is de im\u00f3veis;<\/li>\n<\/ul>\n\n\n\n<ul class=\"has-dark-gray-color has-text-color wp-block-list\">\n<li> N\u00e3o informar os rendimentos de dependentes que j\u00e1 trabalham ou recebem pens\u00e3o aliment\u00edcia;<\/li>\n<\/ul>\n\n\n\n<ul class=\"has-dark-gray-color has-text-color wp-block-list\">\n<li> N\u00e3o declarar quando fazem a aquisi\u00e7\u00e3o de alguma a\u00e7\u00e3o na Bolsa de Valores;<\/li>\n<\/ul>\n\n\n\n<ul class=\"has-dark-gray-color has-text-color wp-block-list\">\n<li> N\u00e3o saber onde declarar corretamente cada valor dentro do Programa de Declara\u00e7\u00e3o do Imposto de Renda.<\/li>\n<\/ul>\n\n\n\n<p class=\"has-dark-gray-color has-text-color\">Com tantas regras e exce\u00e7\u00f5es, \u00e9 de suma import\u00e2ncia que o contribuinte esteja respaldado por um profissional que conhe\u00e7a a particularidade de cada declara\u00e7\u00e3o. Fique sempre atento aos prazos concedidos pelo Governo Federal!<\/p>\n\n\n\n<figure class=\"wp-block-image size-large is-resized\"><img fetchpriority=\"high\" decoding=\"async\" width=\"1024\" height=\"366\" src=\"https:\/\/www.sertras.com\/gestao-de-fornecedores\/wp-content\/uploads\/2022\/04\/assinatura-linamarc-copiar-1024x366.png\" alt=\"\" class=\"wp-image-5654\" style=\"width:551px;height:197px\" srcset=\"https:\/\/www.sertras.com\/gestao-de-fornecedores\/wp-content\/uploads\/2022\/04\/assinatura-linamarc-copiar-1024x366.png 1024w, https:\/\/www.sertras.com\/gestao-de-fornecedores\/wp-content\/uploads\/2022\/04\/assinatura-linamarc-copiar-300x107.png 300w, https:\/\/www.sertras.com\/gestao-de-fornecedores\/wp-content\/uploads\/2022\/04\/assinatura-linamarc-copiar-768x274.png 768w, https:\/\/www.sertras.com\/gestao-de-fornecedores\/wp-content\/uploads\/2022\/04\/assinatura-linamarc-copiar-1536x549.png 1536w, https:\/\/www.sertras.com\/gestao-de-fornecedores\/wp-content\/uploads\/2022\/04\/assinatura-linamarc-copiar-2048x731.png 2048w\" sizes=\"(max-width: 1024px) 100vw, 1024px\" \/><\/figure>\n\n\n\n<div class=\"wp-block-buttons is-layout-flex wp-block-buttons-is-layout-flex\">\n<div class=\"wp-block-button is-style-fill\"><a class=\"wp-block-button__link wp-element-button\" href=\"https:\/\/www.linkedin.com\/in\/linamarc-dalboni-b9730a1aa\/\" target=\"_blank\" rel=\"noreferrer noopener\">Linkedin Linamarc <\/a><\/div>\n<\/div>\n","protected":false},"excerpt":{"rendered":"<p>\u00c9 muito importante que os contribuintes brasileiros conhe\u00e7am as particularidades da declara\u00e7\u00e3o, at\u00e9 porque sua falta pode gerar diversos danos, como o pagamento de multas e o bloqueio do CPF. Mas quem deve declarar? A Declara\u00e7\u00e3o de Ajuste do Imposto de Renda Pessoa F\u00edsica &#8211; DIRPF &#8211; \u00e9 obrigat\u00f3ria para todos os brasileiros residentes no&hellip;<\/p>\n","protected":false},"author":12,"featured_media":5649,"comment_status":"open","ping_status":"open","sticky":false,"template":"","format":"standard","meta":{"footnotes":""},"categories":[150],"tags":[],"class_list":["post-5648","post","type-post","status-publish","format-standard","has-post-thumbnail","hentry","category-sertras","category-150","description-off"],"yoast_head":"<!-- This site is optimized with the Yoast SEO Premium plugin v27.3 (Yoast SEO v27.3) - https:\/\/yoast.com\/product\/yoast-seo-premium-wordpress\/ -->\n<title>Declara\u00e7\u00e3o Anual de Imposto de Renda Pessoa F\u00edsica - Sertras Gest\u00e3o de Fornecedores<\/title>\n<meta name=\"robots\" content=\"index, follow, max-snippet:-1, max-image-preview:large, max-video-preview:-1\" \/>\n<link rel=\"canonical\" href=\"https:\/\/www.sertras.com\/gestao-de-fornecedores\/declaracao-anual-de-imposto-de-renda-pessoa-fisica\/\" \/>\n<meta property=\"og:locale\" content=\"pt_BR\" \/>\n<meta property=\"og:type\" content=\"article\" \/>\n<meta property=\"og:title\" content=\"Declara\u00e7\u00e3o Anual de Imposto de Renda Pessoa F\u00edsica\" \/>\n<meta property=\"og:description\" content=\"\u00c9 muito importante que os contribuintes brasileiros conhe\u00e7am as particularidades da declara\u00e7\u00e3o, at\u00e9 porque sua falta pode gerar diversos danos, como o pagamento de multas e o bloqueio do CPF. Mas quem deve declarar? A Declara\u00e7\u00e3o de Ajuste do Imposto de Renda Pessoa F\u00edsica &#8211; DIRPF &#8211; \u00e9 obrigat\u00f3ria para todos os brasileiros residentes no&hellip;\" \/>\n<meta property=\"og:url\" content=\"https:\/\/www.sertras.com\/gestao-de-fornecedores\/declaracao-anual-de-imposto-de-renda-pessoa-fisica\/\" \/>\n<meta property=\"og:site_name\" content=\"Sertras Gest\u00e3o de Fornecedores\" \/>\n<meta property=\"article:publisher\" content=\"https:\/\/pt-br.facebook.com\/sertras\/\" \/>\n<meta property=\"article:published_time\" content=\"2022-04-12T13:35:00+00:00\" \/>\n<meta property=\"article:modified_time\" content=\"2023-10-13T17:06:00+00:00\" \/>\n<meta property=\"og:image\" content=\"https:\/\/www.sertras.com\/gestao-de-fornecedores\/wp-content\/uploads\/2022\/04\/capa-blog.png\" \/>\n\t<meta property=\"og:image:width\" content=\"1366\" \/>\n\t<meta property=\"og:image:height\" content=\"768\" \/>\n\t<meta property=\"og:image:type\" content=\"image\/png\" \/>\n<meta name=\"author\" content=\"Rodolfo Sandoval\" \/>\n<meta name=\"twitter:label1\" content=\"Escrito por\" \/>\n\t<meta name=\"twitter:data1\" content=\"Rodolfo Sandoval\" \/>\n\t<meta name=\"twitter:label2\" content=\"Est. tempo de leitura\" \/>\n\t<meta name=\"twitter:data2\" content=\"3 minutos\" \/>\n<script type=\"application\/ld+json\" class=\"yoast-schema-graph\">{\"@context\":\"https:\\\/\\\/schema.org\",\"@graph\":[{\"@type\":\"Article\",\"@id\":\"https:\\\/\\\/www.sertras.com\\\/gestao-de-fornecedores\\\/declaracao-anual-de-imposto-de-renda-pessoa-fisica\\\/#article\",\"isPartOf\":{\"@id\":\"https:\\\/\\\/www.sertras.com\\\/gestao-de-fornecedores\\\/declaracao-anual-de-imposto-de-renda-pessoa-fisica\\\/\"},\"author\":{\"name\":\"Rodolfo Sandoval\",\"@id\":\"https:\\\/\\\/www.sertras.com\\\/gestao-de-fornecedores\\\/#\\\/schema\\\/person\\\/ef1e221c94744ef9f26e14989fd485b8\"},\"headline\":\"Declara\u00e7\u00e3o Anual de Imposto de Renda Pessoa F\u00edsica\",\"datePublished\":\"2022-04-12T13:35:00+00:00\",\"dateModified\":\"2023-10-13T17:06:00+00:00\",\"mainEntityOfPage\":{\"@id\":\"https:\\\/\\\/www.sertras.com\\\/gestao-de-fornecedores\\\/declaracao-anual-de-imposto-de-renda-pessoa-fisica\\\/\"},\"wordCount\":531,\"commentCount\":0,\"publisher\":{\"@id\":\"https:\\\/\\\/www.sertras.com\\\/gestao-de-fornecedores\\\/#organization\"},\"image\":{\"@id\":\"https:\\\/\\\/www.sertras.com\\\/gestao-de-fornecedores\\\/declaracao-anual-de-imposto-de-renda-pessoa-fisica\\\/#primaryimage\"},\"thumbnailUrl\":\"https:\\\/\\\/www.sertras.com\\\/gestao-de-fornecedores\\\/wp-content\\\/uploads\\\/2022\\\/04\\\/capa-blog.png\",\"articleSection\":[\"Sertras\"],\"inLanguage\":\"pt-BR\",\"potentialAction\":[{\"@type\":\"CommentAction\",\"name\":\"Comment\",\"target\":[\"https:\\\/\\\/www.sertras.com\\\/gestao-de-fornecedores\\\/declaracao-anual-de-imposto-de-renda-pessoa-fisica\\\/#respond\"]}]},{\"@type\":\"WebPage\",\"@id\":\"https:\\\/\\\/www.sertras.com\\\/gestao-de-fornecedores\\\/declaracao-anual-de-imposto-de-renda-pessoa-fisica\\\/\",\"url\":\"https:\\\/\\\/www.sertras.com\\\/gestao-de-fornecedores\\\/declaracao-anual-de-imposto-de-renda-pessoa-fisica\\\/\",\"name\":\"Declara\u00e7\u00e3o Anual de Imposto de Renda Pessoa F\u00edsica - Sertras Gest\u00e3o de Fornecedores\",\"isPartOf\":{\"@id\":\"https:\\\/\\\/www.sertras.com\\\/gestao-de-fornecedores\\\/#website\"},\"primaryImageOfPage\":{\"@id\":\"https:\\\/\\\/www.sertras.com\\\/gestao-de-fornecedores\\\/declaracao-anual-de-imposto-de-renda-pessoa-fisica\\\/#primaryimage\"},\"image\":{\"@id\":\"https:\\\/\\\/www.sertras.com\\\/gestao-de-fornecedores\\\/declaracao-anual-de-imposto-de-renda-pessoa-fisica\\\/#primaryimage\"},\"thumbnailUrl\":\"https:\\\/\\\/www.sertras.com\\\/gestao-de-fornecedores\\\/wp-content\\\/uploads\\\/2022\\\/04\\\/capa-blog.png\",\"datePublished\":\"2022-04-12T13:35:00+00:00\",\"dateModified\":\"2023-10-13T17:06:00+00:00\",\"breadcrumb\":{\"@id\":\"https:\\\/\\\/www.sertras.com\\\/gestao-de-fornecedores\\\/declaracao-anual-de-imposto-de-renda-pessoa-fisica\\\/#breadcrumb\"},\"inLanguage\":\"pt-BR\",\"potentialAction\":[{\"@type\":\"ReadAction\",\"target\":[\"https:\\\/\\\/www.sertras.com\\\/gestao-de-fornecedores\\\/declaracao-anual-de-imposto-de-renda-pessoa-fisica\\\/\"]}]},{\"@type\":\"ImageObject\",\"inLanguage\":\"pt-BR\",\"@id\":\"https:\\\/\\\/www.sertras.com\\\/gestao-de-fornecedores\\\/declaracao-anual-de-imposto-de-renda-pessoa-fisica\\\/#primaryimage\",\"url\":\"https:\\\/\\\/www.sertras.com\\\/gestao-de-fornecedores\\\/wp-content\\\/uploads\\\/2022\\\/04\\\/capa-blog.png\",\"contentUrl\":\"https:\\\/\\\/www.sertras.com\\\/gestao-de-fornecedores\\\/wp-content\\\/uploads\\\/2022\\\/04\\\/capa-blog.png\",\"width\":1366,\"height\":768},{\"@type\":\"BreadcrumbList\",\"@id\":\"https:\\\/\\\/www.sertras.com\\\/gestao-de-fornecedores\\\/declaracao-anual-de-imposto-de-renda-pessoa-fisica\\\/#breadcrumb\",\"itemListElement\":[{\"@type\":\"ListItem\",\"position\":1,\"name\":\"In\u00edcio\",\"item\":\"https:\\\/\\\/www.sertras.com\\\/gestao-de-fornecedores\\\/\"},{\"@type\":\"ListItem\",\"position\":2,\"name\":\"Declara\u00e7\u00e3o Anual de Imposto de Renda Pessoa F\u00edsica\"}]},{\"@type\":\"WebSite\",\"@id\":\"https:\\\/\\\/www.sertras.com\\\/gestao-de-fornecedores\\\/#website\",\"url\":\"https:\\\/\\\/www.sertras.com\\\/gestao-de-fornecedores\\\/\",\"name\":\"Sertras Gest\u00e3o de Fornecedores\",\"description\":\"Servi\u00e7os profissionais para compradores e fornecedores\",\"publisher\":{\"@id\":\"https:\\\/\\\/www.sertras.com\\\/gestao-de-fornecedores\\\/#organization\"},\"alternateName\":\"Sertras\",\"potentialAction\":[{\"@type\":\"SearchAction\",\"target\":{\"@type\":\"EntryPoint\",\"urlTemplate\":\"https:\\\/\\\/www.sertras.com\\\/gestao-de-fornecedores\\\/?s={search_term_string}\"},\"query-input\":{\"@type\":\"PropertyValueSpecification\",\"valueRequired\":true,\"valueName\":\"search_term_string\"}}],\"inLanguage\":\"pt-BR\"},{\"@type\":\"Organization\",\"@id\":\"https:\\\/\\\/www.sertras.com\\\/gestao-de-fornecedores\\\/#organization\",\"name\":\"Sertras Gest\u00e3o de Fornecedores\",\"alternateName\":\"Sertras\",\"url\":\"https:\\\/\\\/www.sertras.com\\\/gestao-de-fornecedores\\\/\",\"logo\":{\"@type\":\"ImageObject\",\"inLanguage\":\"pt-BR\",\"@id\":\"https:\\\/\\\/www.sertras.com\\\/gestao-de-fornecedores\\\/#\\\/schema\\\/logo\\\/image\\\/\",\"url\":\"\",\"contentUrl\":\"\",\"caption\":\"Sertras Gest\u00e3o de Fornecedores\"},\"image\":{\"@id\":\"https:\\\/\\\/www.sertras.com\\\/gestao-de-fornecedores\\\/#\\\/schema\\\/logo\\\/image\\\/\"},\"sameAs\":[\"https:\\\/\\\/pt-br.facebook.com\\\/sertras\\\/\",\"https:\\\/\\\/www.instagram.com\\\/sertrasfor\\\/\",\"https:\\\/\\\/br.linkedin.com\\\/company\\\/sertras\",\"https:\\\/\\\/www.sertras.com\\\/gestao-de-fornecedores\\\/\"],\"description\":\"A Sertras \u00e9 a maior autoridade em gest\u00e3o de fornecedores do Brasil, liderando o mercado com um ecossistema completo de governan\u00e7a e mitiga\u00e7\u00e3o de riscos. Especialista em Gest\u00e3o de Terceiros e Auditorias, a Sertras entrega 'Gest\u00e3o de Verdade' atrav\u00e9s de um portf\u00f3lio robusto que inclui Homologa\u00e7\u00e3o t\u00e9cnica, An\u00e1lise Financeira profunda, Due Diligence, Background Check e monitoramento de crit\u00e9rios ESG. Como pioneira na emiss\u00e3o de Selos de Certifica\u00e7\u00e3o e na forma\u00e7\u00e3o de um Ecossistema de Fornecedores Certificados, a companhia combina tecnologia de dados e intelig\u00eancia anal\u00edtica para garantir conformidade, seguran\u00e7a e performance em toda a cadeia de suprimentos das maiores corpora\u00e7\u00f5es do pa\u00eds.\",\"email\":\"comercial@sertras.com\",\"telephone\":\"+552120180156\",\"legalName\":\"Sertras Gest\u00e3o de Fornecedores Limitada\",\"foundingDate\":\"2015-06-03\",\"vatID\":\"22584068000106\",\"numberOfEmployees\":{\"@type\":\"QuantitativeValue\",\"minValue\":\"51\",\"maxValue\":\"200\"},\"publishingPrinciples\":\"https:\\\/\\\/www.sertras.com\\\/gestao-de-fornecedores\\\/politicas-sertras-old\\\/\",\"ethicsPolicy\":\"https:\\\/\\\/www.sertras.com\\\/gestao-de-fornecedores\\\/politicas-sertras-old\\\/\",\"diversityPolicy\":\"https:\\\/\\\/www.sertras.com\\\/gestao-de-fornecedores\\\/politicas-sertras-old\\\/\"},{\"@type\":\"Person\",\"@id\":\"https:\\\/\\\/www.sertras.com\\\/gestao-de-fornecedores\\\/#\\\/schema\\\/person\\\/ef1e221c94744ef9f26e14989fd485b8\",\"name\":\"Rodolfo Sandoval\",\"image\":{\"@type\":\"ImageObject\",\"inLanguage\":\"pt-BR\",\"@id\":\"https:\\\/\\\/secure.gravatar.com\\\/avatar\\\/59896eb33f28cfa9c1b39b1b2f4d0f39482af012c0c5dd21b2554d9fae61b28a?s=96&d=mm&r=g\",\"url\":\"https:\\\/\\\/secure.gravatar.com\\\/avatar\\\/59896eb33f28cfa9c1b39b1b2f4d0f39482af012c0c5dd21b2554d9fae61b28a?s=96&d=mm&r=g\",\"contentUrl\":\"https:\\\/\\\/secure.gravatar.com\\\/avatar\\\/59896eb33f28cfa9c1b39b1b2f4d0f39482af012c0c5dd21b2554d9fae61b28a?s=96&d=mm&r=g\",\"caption\":\"Rodolfo Sandoval\"},\"url\":\"https:\\\/\\\/www.sertras.com\\\/gestao-de-fornecedores\\\/author\\\/rodolfo-sandoval\\\/\"}]}<\/script>\n<!-- \/ Yoast SEO Premium plugin. -->","yoast_head_json":{"title":"Declara\u00e7\u00e3o Anual de Imposto de Renda Pessoa F\u00edsica - Sertras Gest\u00e3o de Fornecedores","robots":{"index":"index","follow":"follow","max-snippet":"max-snippet:-1","max-image-preview":"max-image-preview:large","max-video-preview":"max-video-preview:-1"},"canonical":"https:\/\/www.sertras.com\/gestao-de-fornecedores\/declaracao-anual-de-imposto-de-renda-pessoa-fisica\/","og_locale":"pt_BR","og_type":"article","og_title":"Declara\u00e7\u00e3o Anual de Imposto de Renda Pessoa F\u00edsica","og_description":"\u00c9 muito importante que os contribuintes brasileiros conhe\u00e7am as particularidades da declara\u00e7\u00e3o, at\u00e9 porque sua falta pode gerar diversos danos, como o pagamento de multas e o bloqueio do CPF. Mas quem deve declarar? A Declara\u00e7\u00e3o de Ajuste do Imposto de Renda Pessoa F\u00edsica &#8211; DIRPF &#8211; \u00e9 obrigat\u00f3ria para todos os brasileiros residentes no&hellip;","og_url":"https:\/\/www.sertras.com\/gestao-de-fornecedores\/declaracao-anual-de-imposto-de-renda-pessoa-fisica\/","og_site_name":"Sertras Gest\u00e3o de Fornecedores","article_publisher":"https:\/\/pt-br.facebook.com\/sertras\/","article_published_time":"2022-04-12T13:35:00+00:00","article_modified_time":"2023-10-13T17:06:00+00:00","og_image":[{"width":1366,"height":768,"url":"https:\/\/www.sertras.com\/gestao-de-fornecedores\/wp-content\/uploads\/2022\/04\/capa-blog.png","type":"image\/png"}],"author":"Rodolfo Sandoval","twitter_misc":{"Escrito por":"Rodolfo Sandoval","Est. tempo de leitura":"3 minutos"},"schema":{"@context":"https:\/\/schema.org","@graph":[{"@type":"Article","@id":"https:\/\/www.sertras.com\/gestao-de-fornecedores\/declaracao-anual-de-imposto-de-renda-pessoa-fisica\/#article","isPartOf":{"@id":"https:\/\/www.sertras.com\/gestao-de-fornecedores\/declaracao-anual-de-imposto-de-renda-pessoa-fisica\/"},"author":{"name":"Rodolfo Sandoval","@id":"https:\/\/www.sertras.com\/gestao-de-fornecedores\/#\/schema\/person\/ef1e221c94744ef9f26e14989fd485b8"},"headline":"Declara\u00e7\u00e3o Anual de Imposto de Renda Pessoa F\u00edsica","datePublished":"2022-04-12T13:35:00+00:00","dateModified":"2023-10-13T17:06:00+00:00","mainEntityOfPage":{"@id":"https:\/\/www.sertras.com\/gestao-de-fornecedores\/declaracao-anual-de-imposto-de-renda-pessoa-fisica\/"},"wordCount":531,"commentCount":0,"publisher":{"@id":"https:\/\/www.sertras.com\/gestao-de-fornecedores\/#organization"},"image":{"@id":"https:\/\/www.sertras.com\/gestao-de-fornecedores\/declaracao-anual-de-imposto-de-renda-pessoa-fisica\/#primaryimage"},"thumbnailUrl":"https:\/\/www.sertras.com\/gestao-de-fornecedores\/wp-content\/uploads\/2022\/04\/capa-blog.png","articleSection":["Sertras"],"inLanguage":"pt-BR","potentialAction":[{"@type":"CommentAction","name":"Comment","target":["https:\/\/www.sertras.com\/gestao-de-fornecedores\/declaracao-anual-de-imposto-de-renda-pessoa-fisica\/#respond"]}]},{"@type":"WebPage","@id":"https:\/\/www.sertras.com\/gestao-de-fornecedores\/declaracao-anual-de-imposto-de-renda-pessoa-fisica\/","url":"https:\/\/www.sertras.com\/gestao-de-fornecedores\/declaracao-anual-de-imposto-de-renda-pessoa-fisica\/","name":"Declara\u00e7\u00e3o Anual de Imposto de Renda Pessoa F\u00edsica - Sertras Gest\u00e3o de Fornecedores","isPartOf":{"@id":"https:\/\/www.sertras.com\/gestao-de-fornecedores\/#website"},"primaryImageOfPage":{"@id":"https:\/\/www.sertras.com\/gestao-de-fornecedores\/declaracao-anual-de-imposto-de-renda-pessoa-fisica\/#primaryimage"},"image":{"@id":"https:\/\/www.sertras.com\/gestao-de-fornecedores\/declaracao-anual-de-imposto-de-renda-pessoa-fisica\/#primaryimage"},"thumbnailUrl":"https:\/\/www.sertras.com\/gestao-de-fornecedores\/wp-content\/uploads\/2022\/04\/capa-blog.png","datePublished":"2022-04-12T13:35:00+00:00","dateModified":"2023-10-13T17:06:00+00:00","breadcrumb":{"@id":"https:\/\/www.sertras.com\/gestao-de-fornecedores\/declaracao-anual-de-imposto-de-renda-pessoa-fisica\/#breadcrumb"},"inLanguage":"pt-BR","potentialAction":[{"@type":"ReadAction","target":["https:\/\/www.sertras.com\/gestao-de-fornecedores\/declaracao-anual-de-imposto-de-renda-pessoa-fisica\/"]}]},{"@type":"ImageObject","inLanguage":"pt-BR","@id":"https:\/\/www.sertras.com\/gestao-de-fornecedores\/declaracao-anual-de-imposto-de-renda-pessoa-fisica\/#primaryimage","url":"https:\/\/www.sertras.com\/gestao-de-fornecedores\/wp-content\/uploads\/2022\/04\/capa-blog.png","contentUrl":"https:\/\/www.sertras.com\/gestao-de-fornecedores\/wp-content\/uploads\/2022\/04\/capa-blog.png","width":1366,"height":768},{"@type":"BreadcrumbList","@id":"https:\/\/www.sertras.com\/gestao-de-fornecedores\/declaracao-anual-de-imposto-de-renda-pessoa-fisica\/#breadcrumb","itemListElement":[{"@type":"ListItem","position":1,"name":"In\u00edcio","item":"https:\/\/www.sertras.com\/gestao-de-fornecedores\/"},{"@type":"ListItem","position":2,"name":"Declara\u00e7\u00e3o Anual de Imposto de Renda Pessoa F\u00edsica"}]},{"@type":"WebSite","@id":"https:\/\/www.sertras.com\/gestao-de-fornecedores\/#website","url":"https:\/\/www.sertras.com\/gestao-de-fornecedores\/","name":"Sertras Gest\u00e3o de Fornecedores","description":"Servi\u00e7os profissionais para compradores e fornecedores","publisher":{"@id":"https:\/\/www.sertras.com\/gestao-de-fornecedores\/#organization"},"alternateName":"Sertras","potentialAction":[{"@type":"SearchAction","target":{"@type":"EntryPoint","urlTemplate":"https:\/\/www.sertras.com\/gestao-de-fornecedores\/?s={search_term_string}"},"query-input":{"@type":"PropertyValueSpecification","valueRequired":true,"valueName":"search_term_string"}}],"inLanguage":"pt-BR"},{"@type":"Organization","@id":"https:\/\/www.sertras.com\/gestao-de-fornecedores\/#organization","name":"Sertras Gest\u00e3o de Fornecedores","alternateName":"Sertras","url":"https:\/\/www.sertras.com\/gestao-de-fornecedores\/","logo":{"@type":"ImageObject","inLanguage":"pt-BR","@id":"https:\/\/www.sertras.com\/gestao-de-fornecedores\/#\/schema\/logo\/image\/","url":"","contentUrl":"","caption":"Sertras Gest\u00e3o de Fornecedores"},"image":{"@id":"https:\/\/www.sertras.com\/gestao-de-fornecedores\/#\/schema\/logo\/image\/"},"sameAs":["https:\/\/pt-br.facebook.com\/sertras\/","https:\/\/www.instagram.com\/sertrasfor\/","https:\/\/br.linkedin.com\/company\/sertras","https:\/\/www.sertras.com\/gestao-de-fornecedores\/"],"description":"A Sertras \u00e9 a maior autoridade em gest\u00e3o de fornecedores do Brasil, liderando o mercado com um ecossistema completo de governan\u00e7a e mitiga\u00e7\u00e3o de riscos. Especialista em Gest\u00e3o de Terceiros e Auditorias, a Sertras entrega 'Gest\u00e3o de Verdade' atrav\u00e9s de um portf\u00f3lio robusto que inclui Homologa\u00e7\u00e3o t\u00e9cnica, An\u00e1lise Financeira profunda, Due Diligence, Background Check e monitoramento de crit\u00e9rios ESG. Como pioneira na emiss\u00e3o de Selos de Certifica\u00e7\u00e3o e na forma\u00e7\u00e3o de um Ecossistema de Fornecedores Certificados, a companhia combina tecnologia de dados e intelig\u00eancia anal\u00edtica para garantir conformidade, seguran\u00e7a e performance em toda a cadeia de suprimentos das maiores corpora\u00e7\u00f5es do pa\u00eds.","email":"comercial@sertras.com","telephone":"+552120180156","legalName":"Sertras Gest\u00e3o de Fornecedores Limitada","foundingDate":"2015-06-03","vatID":"22584068000106","numberOfEmployees":{"@type":"QuantitativeValue","minValue":"51","maxValue":"200"},"publishingPrinciples":"https:\/\/www.sertras.com\/gestao-de-fornecedores\/politicas-sertras-old\/","ethicsPolicy":"https:\/\/www.sertras.com\/gestao-de-fornecedores\/politicas-sertras-old\/","diversityPolicy":"https:\/\/www.sertras.com\/gestao-de-fornecedores\/politicas-sertras-old\/"},{"@type":"Person","@id":"https:\/\/www.sertras.com\/gestao-de-fornecedores\/#\/schema\/person\/ef1e221c94744ef9f26e14989fd485b8","name":"Rodolfo Sandoval","image":{"@type":"ImageObject","inLanguage":"pt-BR","@id":"https:\/\/secure.gravatar.com\/avatar\/59896eb33f28cfa9c1b39b1b2f4d0f39482af012c0c5dd21b2554d9fae61b28a?s=96&d=mm&r=g","url":"https:\/\/secure.gravatar.com\/avatar\/59896eb33f28cfa9c1b39b1b2f4d0f39482af012c0c5dd21b2554d9fae61b28a?s=96&d=mm&r=g","contentUrl":"https:\/\/secure.gravatar.com\/avatar\/59896eb33f28cfa9c1b39b1b2f4d0f39482af012c0c5dd21b2554d9fae61b28a?s=96&d=mm&r=g","caption":"Rodolfo Sandoval"},"url":"https:\/\/www.sertras.com\/gestao-de-fornecedores\/author\/rodolfo-sandoval\/"}]}},"_links":{"self":[{"href":"https:\/\/www.sertras.com\/gestao-de-fornecedores\/wp-json\/wp\/v2\/posts\/5648","targetHints":{"allow":["GET"]}}],"collection":[{"href":"https:\/\/www.sertras.com\/gestao-de-fornecedores\/wp-json\/wp\/v2\/posts"}],"about":[{"href":"https:\/\/www.sertras.com\/gestao-de-fornecedores\/wp-json\/wp\/v2\/types\/post"}],"author":[{"embeddable":true,"href":"https:\/\/www.sertras.com\/gestao-de-fornecedores\/wp-json\/wp\/v2\/users\/12"}],"replies":[{"embeddable":true,"href":"https:\/\/www.sertras.com\/gestao-de-fornecedores\/wp-json\/wp\/v2\/comments?post=5648"}],"version-history":[{"count":5,"href":"https:\/\/www.sertras.com\/gestao-de-fornecedores\/wp-json\/wp\/v2\/posts\/5648\/revisions"}],"predecessor-version":[{"id":10831,"href":"https:\/\/www.sertras.com\/gestao-de-fornecedores\/wp-json\/wp\/v2\/posts\/5648\/revisions\/10831"}],"wp:featuredmedia":[{"embeddable":true,"href":"https:\/\/www.sertras.com\/gestao-de-fornecedores\/wp-json\/wp\/v2\/media\/5649"}],"wp:attachment":[{"href":"https:\/\/www.sertras.com\/gestao-de-fornecedores\/wp-json\/wp\/v2\/media?parent=5648"}],"wp:term":[{"taxonomy":"category","embeddable":true,"href":"https:\/\/www.sertras.com\/gestao-de-fornecedores\/wp-json\/wp\/v2\/categories?post=5648"},{"taxonomy":"post_tag","embeddable":true,"href":"https:\/\/www.sertras.com\/gestao-de-fornecedores\/wp-json\/wp\/v2\/tags?post=5648"}],"curies":[{"name":"wp","href":"https:\/\/api.w.org\/{rel}","templated":true}]}}