{"id":6026,"date":"2022-08-05T08:30:00","date_gmt":"2022-08-05T11:30:00","guid":{"rendered":"https:\/\/www.sertras.com\/gestao-de-fornecedores\/?p=6026"},"modified":"2023-10-13T14:41:29","modified_gmt":"2023-10-13T17:41:29","slug":"nr-18-seguranca-e-saude-no-trabalho-na-industria-da-construcao","status":"publish","type":"post","link":"https:\/\/www.sertras.com\/gestao-de-fornecedores\/nr-18-seguranca-e-saude-no-trabalho-na-industria-da-construcao\/","title":{"rendered":"NR 18 &#8211; Seguran\u00e7a E Sa\u00fade No Trabalho Na Ind\u00fastria Da Constru\u00e7\u00e3o"},"content":{"rendered":"\n<p class=\"has-dark-gray-color has-text-color\">Essa norma regulamentadora tem o intuito de estabelecer medidas administrativas, de planejamento e de organiza\u00e7\u00e3o, visando maior controle e preven\u00e7\u00e3o de riscos ao trabalhador na ind\u00fastria da constru\u00e7\u00e3o. Em outras palavras, o objetivo principal desta norma \u00e9 gerar maior seguran\u00e7a nos processos, nas condi\u00e7\u00f5es e no meio ambiente de trabalho, de forma a proteger o funcion\u00e1rio na constru\u00e7\u00e3o civil.<\/p>\n\n\n\n<p class=\"has-dark-gray-color has-text-color\">Para cada atividade desenvolvida em um canteiro de obra e respectiva fase em que ela se encontra, existem a\u00e7\u00f5es e procedimentos espec\u00edficos a serem cumpridos, estipulados na NR 18. Al\u00e9m das pr\u00e1ticas habituais de uma obra, tamb\u00e9m s\u00e3o inclu\u00eddos servi\u00e7os de demoli\u00e7\u00e3o, reparo, pintura, limpeza e manuten\u00e7\u00e3o de edif\u00edcios em geral.<\/p>\n\n\n\n<figure class=\"wp-block-image size-full is-style-default\"><img fetchpriority=\"high\" decoding=\"async\" width=\"900\" height=\"600\" src=\"https:\/\/www.sertras.com\/gestao-de-fornecedores\/wp-content\/uploads\/2022\/07\/nr182.png\" alt=\"\" class=\"wp-image-6027\" srcset=\"https:\/\/www.sertras.com\/gestao-de-fornecedores\/wp-content\/uploads\/2022\/07\/nr182.png 900w, https:\/\/www.sertras.com\/gestao-de-fornecedores\/wp-content\/uploads\/2022\/07\/nr182-300x200.png 300w, https:\/\/www.sertras.com\/gestao-de-fornecedores\/wp-content\/uploads\/2022\/07\/nr182-768x512.png 768w\" sizes=\"(max-width: 900px) 100vw, 900px\" \/><\/figure>\n\n\n\n<p class=\"has-dark-gray-color has-text-color\">Apesar da \u00e1rea de constru\u00e7\u00e3o civil ser extremamente importante para o mercado de trabalho, visto que emprega uma quantidade consider\u00e1vel de m\u00e3o de obra, \u00e9 tamb\u00e9m respons\u00e1vel por altas taxas de acidentes de trabalho, j\u00e1 que envolve pr\u00e1ticas perigosas e que necessitam de muito cuidado e prote\u00e7\u00e3o.<\/p>\n\n\n\n<p class=\"has-dark-gray-color has-text-color\"><strong>As principais causas dos acidentes de trabalho na constru\u00e7\u00e3o civil s\u00e3o:<\/strong><\/p>\n\n\n\n<ul class=\"has-dark-gray-color has-text-color wp-block-list\">\n<li><strong>Atos Inseguros<\/strong> por inadequa\u00e7\u00e3o entre homem e fun\u00e7\u00e3o (o trabalhador n\u00e3o apresenta aptid\u00f5es necess\u00e1rias para o exerc\u00edcio da fun\u00e7\u00e3o; por desconhecimento dos riscos da fun\u00e7\u00e3o e\/ou como evit\u00e1-los; ou por desajustamento causado por uma m\u00e1 rela\u00e7\u00e3o com o chefe ou colegas do trabalho, por sal\u00e1rio insatisfat\u00f3rio, ou ent\u00e3o por um poss\u00edvel clima de inseguran\u00e7a com rela\u00e7\u00e3o \u00e0 manuten\u00e7\u00e3o do emprego. Esses atos inseguros interferem diretamente no desempenho do trabalhador.<\/li>\n<\/ul>\n\n\n\n<ul class=\"has-dark-gray-color has-text-color wp-block-list\">\n<li><strong>Condi\u00e7\u00f5es inseguras<\/strong> como a falta de prote\u00e7\u00e3o em m\u00e1quinas e equipamentos, passagens perigosas, instala\u00e7\u00f5es el\u00e9tricas inadequadas ou com defeitos, n\u00edvel de ru\u00eddo elevado, falta de limpeza, piso danificado, risco de explos\u00e3o etc. Evitar essas condi\u00e7\u00f5es s\u00e3o de responsabilidade da contratante. J\u00e1 o perigo inerente \u00e9 aquele que n\u00e3o depende de ningu\u00e9m, \u00e9 quando algo j\u00e1 \u00e9 perigoso por natureza, como por exemplo a corrente el\u00e9trica.&nbsp;<\/li>\n<\/ul>\n\n\n\n<p class=\"has-dark-gray-color has-text-color\"><strong>No entanto, para estar apta e em concord\u00e2ncia com a NR 18, al\u00e9m de evitar os atos inseguros, existem algumas exig\u00eancias que devem ser cumpridas pela empresa contratante:<\/strong><\/p>\n\n\n\n<ul class=\"has-dark-gray-color has-text-color wp-block-list\">\n<li>Entrega de documento \u00e0 Delegacia Regional do Trabalho constando o endere\u00e7o da obra; o endere\u00e7o e qualifica\u00e7\u00e3o do contratante, empregador ou condom\u00ednio; tipo de obra; datas previstas do in\u00edcio e conclus\u00e3o da obra; e o n\u00famero m\u00e1ximo previsto de trabalhadores na obra.<\/li>\n<\/ul>\n\n\n\n<ul class=\"has-dark-gray-color has-text-color wp-block-list\">\n<li>Implanta\u00e7\u00e3o do PCMAT (Programa de Condi\u00e7\u00f5es e Meio Ambiente de Trabalho na Ind\u00fastria da Constru\u00e7\u00e3o) para obras que contenham mais de 20 trabalhadores. Ele deve ficar no local da constru\u00e7\u00e3o, dispon\u00edvel para caso a fiscaliza\u00e7\u00e3o do MTE queira ver, e deve ser elaborado por um profissional legalmente habilitado na \u00e1rea, constando as exig\u00eancias contidas na NR 9.<\/li>\n<\/ul>\n\n\n\n<ul class=\"has-dark-gray-color has-text-color wp-block-list\">\n<li>Organiza\u00e7\u00e3o de uma CIPA (Comiss\u00e3o Interna de Preven\u00e7\u00e3o de Acidentes) por estabelecimento, caso a empresa tenha um ou mais canteiros de obra ou frentes de trabalho com 70 ou mais trabalhadores em cada estabelecimento.<\/li>\n<\/ul>\n\n\n\n<ul class=\"has-dark-gray-color has-text-color wp-block-list\">\n<li>Proporcionar \u00e1reas de conviv\u00eancia para os oper\u00e1rios, tais como: instala\u00e7\u00f5es sanit\u00e1rias, vesti\u00e1rio, alojamento, refeit\u00f3rio, cozinha (quando houver preparo das refei\u00e7\u00f5es), lavanderia, \u00e1rea de lazer e ambulat\u00f3rio (quando tiver mais de 50 funcion\u00e1rios).<\/li>\n<\/ul>\n\n\n\n<figure class=\"wp-block-image size-full is-style-default\"><img decoding=\"async\" width=\"500\" height=\"300\" src=\"https:\/\/www.sertras.com\/gestao-de-fornecedores\/wp-content\/uploads\/2022\/07\/nr18.2.jpg\" alt=\"\" class=\"wp-image-6031\" srcset=\"https:\/\/www.sertras.com\/gestao-de-fornecedores\/wp-content\/uploads\/2022\/07\/nr18.2.jpg 500w, https:\/\/www.sertras.com\/gestao-de-fornecedores\/wp-content\/uploads\/2022\/07\/nr18.2-300x180.jpg 300w\" sizes=\"(max-width: 500px) 100vw, 500px\" \/><\/figure>\n\n\n\n<p class=\"has-dark-gray-color has-text-color\">Cumprir com as normas estabelecidas e prezar pela seguran\u00e7a do trabalhador n\u00e3o s\u00e3o despesas, s\u00e3o investimentos, j\u00e1 que essa preven\u00e7\u00e3o evita in\u00fameras despesas futuras.&nbsp;<\/p>\n\n\n\n<p class=\"has-dark-gray-color has-text-color\"><strong>Confira abaixo algumas dessas despesas e responsabilidades da contratante que s\u00e3o geradas caso um funcion\u00e1rio sofra um acidente no ambiente de trabalho:<\/strong><\/p>\n\n\n\n<ul class=\"has-dark-gray-color has-text-color wp-block-list\">\n<li>Despesas com tratamento m\u00e9dico;<\/li>\n\n\n\n<li>Adicionais de insalubridade e periculosidade;<\/li>\n\n\n\n<li>Danos est\u00e9ticos;<\/li>\n\n\n\n<li>Pens\u00e3o vital\u00edcia, em caso de morte do funcion\u00e1rio em decorr\u00eancia do trabalho;<\/li>\n\n\n\n<li>Multas aplicadas pelo Minist\u00e9rio do Trabalho;<\/li>\n\n\n\n<li>Embargo da obra ou interdi\u00e7\u00e3o do estabelecimento, m\u00e1quinas ou equipamentos.<\/li>\n<\/ul>\n\n\n\n<p class=\"has-dark-gray-color has-text-color\">Com o prop\u00f3sito de mitigar os riscos existentes para a contratante e para os trabalhadores terceirizados no ambiente de constru\u00e7\u00e3o civil, o servi\u00e7o de Gest\u00e3o de Terceiros da Sertras analisa se a empresa contratada est\u00e1 cumprindo com as obriga\u00e7\u00f5es estabelecidas na NR 18, mas tamb\u00e9m nas outras normas regulamentadoras vigentes que buscam proteger e garantir os direitos do trabalhador.<\/p>\n\n\n\n<p class=\"has-dark-gray-color has-text-color\">Para entender mais sobre esse servi\u00e7o, agende uma reuni\u00e3o com a nossa equipe!<\/p>\n","protected":false},"excerpt":{"rendered":"<p>Essa norma regulamentadora tem o intuito de estabelecer medidas administrativas, de planejamento e de organiza\u00e7\u00e3o, visando maior controle e preven\u00e7\u00e3o de riscos ao trabalhador na ind\u00fastria da constru\u00e7\u00e3o. Em outras palavras, o objetivo principal desta norma \u00e9 gerar maior seguran\u00e7a nos processos, nas condi\u00e7\u00f5es e no meio ambiente de trabalho, de forma a proteger o&hellip;<\/p>\n","protected":false},"author":12,"featured_media":6127,"comment_status":"open","ping_status":"open","sticky":false,"template":"","format":"standard","meta":{"footnotes":""},"categories":[142],"tags":[152,156,170,166],"class_list":["post-6026","post","type-post","status-publish","format-standard","has-post-thumbnail","hentry","category-gestao-de-terceiros","tag-compradores","tag-gestao-de-fornecedores","tag-nr-18","tag-saude-e-seguranca","category-142","description-off"],"yoast_head":"<!-- This site is optimized with the Yoast SEO Premium plugin v27.3 (Yoast SEO v27.3) - https:\/\/yoast.com\/product\/yoast-seo-premium-wordpress\/ -->\n<title>NR 18 - Seguran\u00e7a E Sa\u00fade No Trabalho Na Ind\u00fastria Da Constru\u00e7\u00e3o - Sertras Gest\u00e3o de Fornecedores<\/title>\n<meta name=\"robots\" content=\"index, follow, max-snippet:-1, max-image-preview:large, max-video-preview:-1\" \/>\n<link rel=\"canonical\" href=\"https:\/\/www.sertras.com\/gestao-de-fornecedores\/nr-18-seguranca-e-saude-no-trabalho-na-industria-da-construcao\/\" \/>\n<meta property=\"og:locale\" content=\"pt_BR\" \/>\n<meta property=\"og:type\" content=\"article\" \/>\n<meta property=\"og:title\" content=\"NR 18 - Seguran\u00e7a E Sa\u00fade No Trabalho Na Ind\u00fastria Da Constru\u00e7\u00e3o\" \/>\n<meta property=\"og:description\" content=\"Essa norma regulamentadora tem o intuito de estabelecer medidas administrativas, de planejamento e de organiza\u00e7\u00e3o, visando maior controle e preven\u00e7\u00e3o de riscos ao trabalhador na ind\u00fastria da constru\u00e7\u00e3o. Em outras palavras, o objetivo principal desta norma \u00e9 gerar maior seguran\u00e7a nos processos, nas condi\u00e7\u00f5es e no meio ambiente de trabalho, de forma a proteger o&hellip;\" \/>\n<meta property=\"og:url\" content=\"https:\/\/www.sertras.com\/gestao-de-fornecedores\/nr-18-seguranca-e-saude-no-trabalho-na-industria-da-construcao\/\" \/>\n<meta property=\"og:site_name\" content=\"Sertras Gest\u00e3o de Fornecedores\" \/>\n<meta property=\"article:publisher\" content=\"https:\/\/pt-br.facebook.com\/sertras\/\" \/>\n<meta property=\"article:published_time\" content=\"2022-08-05T11:30:00+00:00\" \/>\n<meta property=\"article:modified_time\" content=\"2023-10-13T17:41:29+00:00\" \/>\n<meta property=\"og:image\" content=\"https:\/\/www.sertras.com\/gestao-de-fornecedores\/wp-content\/uploads\/2022\/07\/capa-nr18.png\" \/>\n\t<meta property=\"og:image:width\" content=\"1366\" \/>\n\t<meta property=\"og:image:height\" content=\"768\" \/>\n\t<meta property=\"og:image:type\" content=\"image\/png\" \/>\n<meta name=\"author\" content=\"Rodolfo Sandoval\" \/>\n<meta name=\"twitter:label1\" content=\"Escrito por\" \/>\n\t<meta name=\"twitter:data1\" content=\"Rodolfo Sandoval\" \/>\n\t<meta name=\"twitter:label2\" content=\"Est. tempo de leitura\" \/>\n\t<meta name=\"twitter:data2\" content=\"5 minutos\" \/>\n<script type=\"application\/ld+json\" class=\"yoast-schema-graph\">{\"@context\":\"https:\\\/\\\/schema.org\",\"@graph\":[{\"@type\":\"Article\",\"@id\":\"https:\\\/\\\/www.sertras.com\\\/gestao-de-fornecedores\\\/nr-18-seguranca-e-saude-no-trabalho-na-industria-da-construcao\\\/#article\",\"isPartOf\":{\"@id\":\"https:\\\/\\\/www.sertras.com\\\/gestao-de-fornecedores\\\/nr-18-seguranca-e-saude-no-trabalho-na-industria-da-construcao\\\/\"},\"author\":{\"name\":\"Rodolfo Sandoval\",\"@id\":\"https:\\\/\\\/www.sertras.com\\\/gestao-de-fornecedores\\\/#\\\/schema\\\/person\\\/ef1e221c94744ef9f26e14989fd485b8\"},\"headline\":\"NR 18 &#8211; Seguran\u00e7a E Sa\u00fade No Trabalho Na Ind\u00fastria Da Constru\u00e7\u00e3o\",\"datePublished\":\"2022-08-05T11:30:00+00:00\",\"dateModified\":\"2023-10-13T17:41:29+00:00\",\"mainEntityOfPage\":{\"@id\":\"https:\\\/\\\/www.sertras.com\\\/gestao-de-fornecedores\\\/nr-18-seguranca-e-saude-no-trabalho-na-industria-da-construcao\\\/\"},\"wordCount\":770,\"commentCount\":0,\"publisher\":{\"@id\":\"https:\\\/\\\/www.sertras.com\\\/gestao-de-fornecedores\\\/#organization\"},\"image\":{\"@id\":\"https:\\\/\\\/www.sertras.com\\\/gestao-de-fornecedores\\\/nr-18-seguranca-e-saude-no-trabalho-na-industria-da-construcao\\\/#primaryimage\"},\"thumbnailUrl\":\"https:\\\/\\\/www.sertras.com\\\/gestao-de-fornecedores\\\/wp-content\\\/uploads\\\/2022\\\/07\\\/capa-nr18.png\",\"keywords\":[\"compradores\",\"gest\u00e3o de fornecedores\",\"NR 18\",\"Saude e Seguran\u00e7a\"],\"articleSection\":[\"Gest\u00e3o de Terceiros\"],\"inLanguage\":\"pt-BR\",\"potentialAction\":[{\"@type\":\"CommentAction\",\"name\":\"Comment\",\"target\":[\"https:\\\/\\\/www.sertras.com\\\/gestao-de-fornecedores\\\/nr-18-seguranca-e-saude-no-trabalho-na-industria-da-construcao\\\/#respond\"]}]},{\"@type\":\"WebPage\",\"@id\":\"https:\\\/\\\/www.sertras.com\\\/gestao-de-fornecedores\\\/nr-18-seguranca-e-saude-no-trabalho-na-industria-da-construcao\\\/\",\"url\":\"https:\\\/\\\/www.sertras.com\\\/gestao-de-fornecedores\\\/nr-18-seguranca-e-saude-no-trabalho-na-industria-da-construcao\\\/\",\"name\":\"NR 18 - Seguran\u00e7a E Sa\u00fade No Trabalho Na Ind\u00fastria Da Constru\u00e7\u00e3o - Sertras Gest\u00e3o de Fornecedores\",\"isPartOf\":{\"@id\":\"https:\\\/\\\/www.sertras.com\\\/gestao-de-fornecedores\\\/#website\"},\"primaryImageOfPage\":{\"@id\":\"https:\\\/\\\/www.sertras.com\\\/gestao-de-fornecedores\\\/nr-18-seguranca-e-saude-no-trabalho-na-industria-da-construcao\\\/#primaryimage\"},\"image\":{\"@id\":\"https:\\\/\\\/www.sertras.com\\\/gestao-de-fornecedores\\\/nr-18-seguranca-e-saude-no-trabalho-na-industria-da-construcao\\\/#primaryimage\"},\"thumbnailUrl\":\"https:\\\/\\\/www.sertras.com\\\/gestao-de-fornecedores\\\/wp-content\\\/uploads\\\/2022\\\/07\\\/capa-nr18.png\",\"datePublished\":\"2022-08-05T11:30:00+00:00\",\"dateModified\":\"2023-10-13T17:41:29+00:00\",\"breadcrumb\":{\"@id\":\"https:\\\/\\\/www.sertras.com\\\/gestao-de-fornecedores\\\/nr-18-seguranca-e-saude-no-trabalho-na-industria-da-construcao\\\/#breadcrumb\"},\"inLanguage\":\"pt-BR\",\"potentialAction\":[{\"@type\":\"ReadAction\",\"target\":[\"https:\\\/\\\/www.sertras.com\\\/gestao-de-fornecedores\\\/nr-18-seguranca-e-saude-no-trabalho-na-industria-da-construcao\\\/\"]}]},{\"@type\":\"ImageObject\",\"inLanguage\":\"pt-BR\",\"@id\":\"https:\\\/\\\/www.sertras.com\\\/gestao-de-fornecedores\\\/nr-18-seguranca-e-saude-no-trabalho-na-industria-da-construcao\\\/#primaryimage\",\"url\":\"https:\\\/\\\/www.sertras.com\\\/gestao-de-fornecedores\\\/wp-content\\\/uploads\\\/2022\\\/07\\\/capa-nr18.png\",\"contentUrl\":\"https:\\\/\\\/www.sertras.com\\\/gestao-de-fornecedores\\\/wp-content\\\/uploads\\\/2022\\\/07\\\/capa-nr18.png\",\"width\":1366,\"height\":768},{\"@type\":\"BreadcrumbList\",\"@id\":\"https:\\\/\\\/www.sertras.com\\\/gestao-de-fornecedores\\\/nr-18-seguranca-e-saude-no-trabalho-na-industria-da-construcao\\\/#breadcrumb\",\"itemListElement\":[{\"@type\":\"ListItem\",\"position\":1,\"name\":\"In\u00edcio\",\"item\":\"https:\\\/\\\/www.sertras.com\\\/gestao-de-fornecedores\\\/\"},{\"@type\":\"ListItem\",\"position\":2,\"name\":\"NR 18 &#8211; Seguran\u00e7a E Sa\u00fade No Trabalho Na Ind\u00fastria Da Constru\u00e7\u00e3o\"}]},{\"@type\":\"WebSite\",\"@id\":\"https:\\\/\\\/www.sertras.com\\\/gestao-de-fornecedores\\\/#website\",\"url\":\"https:\\\/\\\/www.sertras.com\\\/gestao-de-fornecedores\\\/\",\"name\":\"Sertras Gest\u00e3o de Fornecedores\",\"description\":\"Servi\u00e7os profissionais para compradores e fornecedores\",\"publisher\":{\"@id\":\"https:\\\/\\\/www.sertras.com\\\/gestao-de-fornecedores\\\/#organization\"},\"alternateName\":\"Sertras\",\"potentialAction\":[{\"@type\":\"SearchAction\",\"target\":{\"@type\":\"EntryPoint\",\"urlTemplate\":\"https:\\\/\\\/www.sertras.com\\\/gestao-de-fornecedores\\\/?s={search_term_string}\"},\"query-input\":{\"@type\":\"PropertyValueSpecification\",\"valueRequired\":true,\"valueName\":\"search_term_string\"}}],\"inLanguage\":\"pt-BR\"},{\"@type\":\"Organization\",\"@id\":\"https:\\\/\\\/www.sertras.com\\\/gestao-de-fornecedores\\\/#organization\",\"name\":\"Sertras Gest\u00e3o de Fornecedores\",\"alternateName\":\"Sertras\",\"url\":\"https:\\\/\\\/www.sertras.com\\\/gestao-de-fornecedores\\\/\",\"logo\":{\"@type\":\"ImageObject\",\"inLanguage\":\"pt-BR\",\"@id\":\"https:\\\/\\\/www.sertras.com\\\/gestao-de-fornecedores\\\/#\\\/schema\\\/logo\\\/image\\\/\",\"url\":\"\",\"contentUrl\":\"\",\"caption\":\"Sertras Gest\u00e3o de Fornecedores\"},\"image\":{\"@id\":\"https:\\\/\\\/www.sertras.com\\\/gestao-de-fornecedores\\\/#\\\/schema\\\/logo\\\/image\\\/\"},\"sameAs\":[\"https:\\\/\\\/pt-br.facebook.com\\\/sertras\\\/\",\"https:\\\/\\\/www.instagram.com\\\/sertrasfor\\\/\",\"https:\\\/\\\/br.linkedin.com\\\/company\\\/sertras\",\"https:\\\/\\\/www.sertras.com\\\/gestao-de-fornecedores\\\/\"],\"description\":\"A Sertras \u00e9 a maior autoridade em gest\u00e3o de fornecedores do Brasil, liderando o mercado com um ecossistema completo de governan\u00e7a e mitiga\u00e7\u00e3o de riscos. Especialista em Gest\u00e3o de Terceiros e Auditorias, a Sertras entrega 'Gest\u00e3o de Verdade' atrav\u00e9s de um portf\u00f3lio robusto que inclui Homologa\u00e7\u00e3o t\u00e9cnica, An\u00e1lise Financeira profunda, Due Diligence, Background Check e monitoramento de crit\u00e9rios ESG. Como pioneira na emiss\u00e3o de Selos de Certifica\u00e7\u00e3o e na forma\u00e7\u00e3o de um Ecossistema de Fornecedores Certificados, a companhia combina tecnologia de dados e intelig\u00eancia anal\u00edtica para garantir conformidade, seguran\u00e7a e performance em toda a cadeia de suprimentos das maiores corpora\u00e7\u00f5es do pa\u00eds.\",\"email\":\"comercial@sertras.com\",\"telephone\":\"+552120180156\",\"legalName\":\"Sertras Gest\u00e3o de Fornecedores Limitada\",\"foundingDate\":\"2015-06-03\",\"vatID\":\"22584068000106\",\"numberOfEmployees\":{\"@type\":\"QuantitativeValue\",\"minValue\":\"51\",\"maxValue\":\"200\"},\"publishingPrinciples\":\"https:\\\/\\\/www.sertras.com\\\/gestao-de-fornecedores\\\/politicas-sertras-old\\\/\",\"ethicsPolicy\":\"https:\\\/\\\/www.sertras.com\\\/gestao-de-fornecedores\\\/politicas-sertras-old\\\/\",\"diversityPolicy\":\"https:\\\/\\\/www.sertras.com\\\/gestao-de-fornecedores\\\/politicas-sertras-old\\\/\"},{\"@type\":\"Person\",\"@id\":\"https:\\\/\\\/www.sertras.com\\\/gestao-de-fornecedores\\\/#\\\/schema\\\/person\\\/ef1e221c94744ef9f26e14989fd485b8\",\"name\":\"Rodolfo Sandoval\",\"image\":{\"@type\":\"ImageObject\",\"inLanguage\":\"pt-BR\",\"@id\":\"https:\\\/\\\/secure.gravatar.com\\\/avatar\\\/59896eb33f28cfa9c1b39b1b2f4d0f39482af012c0c5dd21b2554d9fae61b28a?s=96&d=mm&r=g\",\"url\":\"https:\\\/\\\/secure.gravatar.com\\\/avatar\\\/59896eb33f28cfa9c1b39b1b2f4d0f39482af012c0c5dd21b2554d9fae61b28a?s=96&d=mm&r=g\",\"contentUrl\":\"https:\\\/\\\/secure.gravatar.com\\\/avatar\\\/59896eb33f28cfa9c1b39b1b2f4d0f39482af012c0c5dd21b2554d9fae61b28a?s=96&d=mm&r=g\",\"caption\":\"Rodolfo Sandoval\"},\"url\":\"https:\\\/\\\/www.sertras.com\\\/gestao-de-fornecedores\\\/author\\\/rodolfo-sandoval\\\/\"}]}<\/script>\n<!-- \/ Yoast SEO Premium plugin. -->","yoast_head_json":{"title":"NR 18 - Seguran\u00e7a E Sa\u00fade No Trabalho Na Ind\u00fastria Da Constru\u00e7\u00e3o - Sertras Gest\u00e3o de Fornecedores","robots":{"index":"index","follow":"follow","max-snippet":"max-snippet:-1","max-image-preview":"max-image-preview:large","max-video-preview":"max-video-preview:-1"},"canonical":"https:\/\/www.sertras.com\/gestao-de-fornecedores\/nr-18-seguranca-e-saude-no-trabalho-na-industria-da-construcao\/","og_locale":"pt_BR","og_type":"article","og_title":"NR 18 - Seguran\u00e7a E Sa\u00fade No Trabalho Na Ind\u00fastria Da Constru\u00e7\u00e3o","og_description":"Essa norma regulamentadora tem o intuito de estabelecer medidas administrativas, de planejamento e de organiza\u00e7\u00e3o, visando maior controle e preven\u00e7\u00e3o de riscos ao trabalhador na ind\u00fastria da constru\u00e7\u00e3o. Em outras palavras, o objetivo principal desta norma \u00e9 gerar maior seguran\u00e7a nos processos, nas condi\u00e7\u00f5es e no meio ambiente de trabalho, de forma a proteger o&hellip;","og_url":"https:\/\/www.sertras.com\/gestao-de-fornecedores\/nr-18-seguranca-e-saude-no-trabalho-na-industria-da-construcao\/","og_site_name":"Sertras Gest\u00e3o de Fornecedores","article_publisher":"https:\/\/pt-br.facebook.com\/sertras\/","article_published_time":"2022-08-05T11:30:00+00:00","article_modified_time":"2023-10-13T17:41:29+00:00","og_image":[{"width":1366,"height":768,"url":"https:\/\/www.sertras.com\/gestao-de-fornecedores\/wp-content\/uploads\/2022\/07\/capa-nr18.png","type":"image\/png"}],"author":"Rodolfo Sandoval","twitter_misc":{"Escrito por":"Rodolfo Sandoval","Est. tempo de leitura":"5 minutos"},"schema":{"@context":"https:\/\/schema.org","@graph":[{"@type":"Article","@id":"https:\/\/www.sertras.com\/gestao-de-fornecedores\/nr-18-seguranca-e-saude-no-trabalho-na-industria-da-construcao\/#article","isPartOf":{"@id":"https:\/\/www.sertras.com\/gestao-de-fornecedores\/nr-18-seguranca-e-saude-no-trabalho-na-industria-da-construcao\/"},"author":{"name":"Rodolfo Sandoval","@id":"https:\/\/www.sertras.com\/gestao-de-fornecedores\/#\/schema\/person\/ef1e221c94744ef9f26e14989fd485b8"},"headline":"NR 18 &#8211; Seguran\u00e7a E Sa\u00fade No Trabalho Na Ind\u00fastria Da Constru\u00e7\u00e3o","datePublished":"2022-08-05T11:30:00+00:00","dateModified":"2023-10-13T17:41:29+00:00","mainEntityOfPage":{"@id":"https:\/\/www.sertras.com\/gestao-de-fornecedores\/nr-18-seguranca-e-saude-no-trabalho-na-industria-da-construcao\/"},"wordCount":770,"commentCount":0,"publisher":{"@id":"https:\/\/www.sertras.com\/gestao-de-fornecedores\/#organization"},"image":{"@id":"https:\/\/www.sertras.com\/gestao-de-fornecedores\/nr-18-seguranca-e-saude-no-trabalho-na-industria-da-construcao\/#primaryimage"},"thumbnailUrl":"https:\/\/www.sertras.com\/gestao-de-fornecedores\/wp-content\/uploads\/2022\/07\/capa-nr18.png","keywords":["compradores","gest\u00e3o de fornecedores","NR 18","Saude e Seguran\u00e7a"],"articleSection":["Gest\u00e3o de Terceiros"],"inLanguage":"pt-BR","potentialAction":[{"@type":"CommentAction","name":"Comment","target":["https:\/\/www.sertras.com\/gestao-de-fornecedores\/nr-18-seguranca-e-saude-no-trabalho-na-industria-da-construcao\/#respond"]}]},{"@type":"WebPage","@id":"https:\/\/www.sertras.com\/gestao-de-fornecedores\/nr-18-seguranca-e-saude-no-trabalho-na-industria-da-construcao\/","url":"https:\/\/www.sertras.com\/gestao-de-fornecedores\/nr-18-seguranca-e-saude-no-trabalho-na-industria-da-construcao\/","name":"NR 18 - Seguran\u00e7a E Sa\u00fade No Trabalho Na Ind\u00fastria Da Constru\u00e7\u00e3o - Sertras Gest\u00e3o de Fornecedores","isPartOf":{"@id":"https:\/\/www.sertras.com\/gestao-de-fornecedores\/#website"},"primaryImageOfPage":{"@id":"https:\/\/www.sertras.com\/gestao-de-fornecedores\/nr-18-seguranca-e-saude-no-trabalho-na-industria-da-construcao\/#primaryimage"},"image":{"@id":"https:\/\/www.sertras.com\/gestao-de-fornecedores\/nr-18-seguranca-e-saude-no-trabalho-na-industria-da-construcao\/#primaryimage"},"thumbnailUrl":"https:\/\/www.sertras.com\/gestao-de-fornecedores\/wp-content\/uploads\/2022\/07\/capa-nr18.png","datePublished":"2022-08-05T11:30:00+00:00","dateModified":"2023-10-13T17:41:29+00:00","breadcrumb":{"@id":"https:\/\/www.sertras.com\/gestao-de-fornecedores\/nr-18-seguranca-e-saude-no-trabalho-na-industria-da-construcao\/#breadcrumb"},"inLanguage":"pt-BR","potentialAction":[{"@type":"ReadAction","target":["https:\/\/www.sertras.com\/gestao-de-fornecedores\/nr-18-seguranca-e-saude-no-trabalho-na-industria-da-construcao\/"]}]},{"@type":"ImageObject","inLanguage":"pt-BR","@id":"https:\/\/www.sertras.com\/gestao-de-fornecedores\/nr-18-seguranca-e-saude-no-trabalho-na-industria-da-construcao\/#primaryimage","url":"https:\/\/www.sertras.com\/gestao-de-fornecedores\/wp-content\/uploads\/2022\/07\/capa-nr18.png","contentUrl":"https:\/\/www.sertras.com\/gestao-de-fornecedores\/wp-content\/uploads\/2022\/07\/capa-nr18.png","width":1366,"height":768},{"@type":"BreadcrumbList","@id":"https:\/\/www.sertras.com\/gestao-de-fornecedores\/nr-18-seguranca-e-saude-no-trabalho-na-industria-da-construcao\/#breadcrumb","itemListElement":[{"@type":"ListItem","position":1,"name":"In\u00edcio","item":"https:\/\/www.sertras.com\/gestao-de-fornecedores\/"},{"@type":"ListItem","position":2,"name":"NR 18 &#8211; Seguran\u00e7a E Sa\u00fade No Trabalho Na Ind\u00fastria Da Constru\u00e7\u00e3o"}]},{"@type":"WebSite","@id":"https:\/\/www.sertras.com\/gestao-de-fornecedores\/#website","url":"https:\/\/www.sertras.com\/gestao-de-fornecedores\/","name":"Sertras Gest\u00e3o de Fornecedores","description":"Servi\u00e7os profissionais para compradores e fornecedores","publisher":{"@id":"https:\/\/www.sertras.com\/gestao-de-fornecedores\/#organization"},"alternateName":"Sertras","potentialAction":[{"@type":"SearchAction","target":{"@type":"EntryPoint","urlTemplate":"https:\/\/www.sertras.com\/gestao-de-fornecedores\/?s={search_term_string}"},"query-input":{"@type":"PropertyValueSpecification","valueRequired":true,"valueName":"search_term_string"}}],"inLanguage":"pt-BR"},{"@type":"Organization","@id":"https:\/\/www.sertras.com\/gestao-de-fornecedores\/#organization","name":"Sertras Gest\u00e3o de Fornecedores","alternateName":"Sertras","url":"https:\/\/www.sertras.com\/gestao-de-fornecedores\/","logo":{"@type":"ImageObject","inLanguage":"pt-BR","@id":"https:\/\/www.sertras.com\/gestao-de-fornecedores\/#\/schema\/logo\/image\/","url":"","contentUrl":"","caption":"Sertras Gest\u00e3o de Fornecedores"},"image":{"@id":"https:\/\/www.sertras.com\/gestao-de-fornecedores\/#\/schema\/logo\/image\/"},"sameAs":["https:\/\/pt-br.facebook.com\/sertras\/","https:\/\/www.instagram.com\/sertrasfor\/","https:\/\/br.linkedin.com\/company\/sertras","https:\/\/www.sertras.com\/gestao-de-fornecedores\/"],"description":"A Sertras \u00e9 a maior autoridade em gest\u00e3o de fornecedores do Brasil, liderando o mercado com um ecossistema completo de governan\u00e7a e mitiga\u00e7\u00e3o de riscos. Especialista em Gest\u00e3o de Terceiros e Auditorias, a Sertras entrega 'Gest\u00e3o de Verdade' atrav\u00e9s de um portf\u00f3lio robusto que inclui Homologa\u00e7\u00e3o t\u00e9cnica, An\u00e1lise Financeira profunda, Due Diligence, Background Check e monitoramento de crit\u00e9rios ESG. Como pioneira na emiss\u00e3o de Selos de Certifica\u00e7\u00e3o e na forma\u00e7\u00e3o de um Ecossistema de Fornecedores Certificados, a companhia combina tecnologia de dados e intelig\u00eancia anal\u00edtica para garantir conformidade, seguran\u00e7a e performance em toda a cadeia de suprimentos das maiores corpora\u00e7\u00f5es do pa\u00eds.","email":"comercial@sertras.com","telephone":"+552120180156","legalName":"Sertras Gest\u00e3o de Fornecedores Limitada","foundingDate":"2015-06-03","vatID":"22584068000106","numberOfEmployees":{"@type":"QuantitativeValue","minValue":"51","maxValue":"200"},"publishingPrinciples":"https:\/\/www.sertras.com\/gestao-de-fornecedores\/politicas-sertras-old\/","ethicsPolicy":"https:\/\/www.sertras.com\/gestao-de-fornecedores\/politicas-sertras-old\/","diversityPolicy":"https:\/\/www.sertras.com\/gestao-de-fornecedores\/politicas-sertras-old\/"},{"@type":"Person","@id":"https:\/\/www.sertras.com\/gestao-de-fornecedores\/#\/schema\/person\/ef1e221c94744ef9f26e14989fd485b8","name":"Rodolfo Sandoval","image":{"@type":"ImageObject","inLanguage":"pt-BR","@id":"https:\/\/secure.gravatar.com\/avatar\/59896eb33f28cfa9c1b39b1b2f4d0f39482af012c0c5dd21b2554d9fae61b28a?s=96&d=mm&r=g","url":"https:\/\/secure.gravatar.com\/avatar\/59896eb33f28cfa9c1b39b1b2f4d0f39482af012c0c5dd21b2554d9fae61b28a?s=96&d=mm&r=g","contentUrl":"https:\/\/secure.gravatar.com\/avatar\/59896eb33f28cfa9c1b39b1b2f4d0f39482af012c0c5dd21b2554d9fae61b28a?s=96&d=mm&r=g","caption":"Rodolfo Sandoval"},"url":"https:\/\/www.sertras.com\/gestao-de-fornecedores\/author\/rodolfo-sandoval\/"}]}},"_links":{"self":[{"href":"https:\/\/www.sertras.com\/gestao-de-fornecedores\/wp-json\/wp\/v2\/posts\/6026","targetHints":{"allow":["GET"]}}],"collection":[{"href":"https:\/\/www.sertras.com\/gestao-de-fornecedores\/wp-json\/wp\/v2\/posts"}],"about":[{"href":"https:\/\/www.sertras.com\/gestao-de-fornecedores\/wp-json\/wp\/v2\/types\/post"}],"author":[{"embeddable":true,"href":"https:\/\/www.sertras.com\/gestao-de-fornecedores\/wp-json\/wp\/v2\/users\/12"}],"replies":[{"embeddable":true,"href":"https:\/\/www.sertras.com\/gestao-de-fornecedores\/wp-json\/wp\/v2\/comments?post=6026"}],"version-history":[{"count":5,"href":"https:\/\/www.sertras.com\/gestao-de-fornecedores\/wp-json\/wp\/v2\/posts\/6026\/revisions"}],"predecessor-version":[{"id":10747,"href":"https:\/\/www.sertras.com\/gestao-de-fornecedores\/wp-json\/wp\/v2\/posts\/6026\/revisions\/10747"}],"wp:featuredmedia":[{"embeddable":true,"href":"https:\/\/www.sertras.com\/gestao-de-fornecedores\/wp-json\/wp\/v2\/media\/6127"}],"wp:attachment":[{"href":"https:\/\/www.sertras.com\/gestao-de-fornecedores\/wp-json\/wp\/v2\/media?parent=6026"}],"wp:term":[{"taxonomy":"category","embeddable":true,"href":"https:\/\/www.sertras.com\/gestao-de-fornecedores\/wp-json\/wp\/v2\/categories?post=6026"},{"taxonomy":"post_tag","embeddable":true,"href":"https:\/\/www.sertras.com\/gestao-de-fornecedores\/wp-json\/wp\/v2\/tags?post=6026"}],"curies":[{"name":"wp","href":"https:\/\/api.w.org\/{rel}","templated":true}]}}