{"id":6092,"date":"2022-07-28T16:14:21","date_gmt":"2022-07-28T19:14:21","guid":{"rendered":"https:\/\/www.sertras.com\/gestao-de-fornecedores\/?p=6092"},"modified":"2023-10-13T14:37:18","modified_gmt":"2023-10-13T17:37:18","slug":"cartilha-prevencao-de-acidentes-de-trabalho","status":"publish","type":"post","link":"https:\/\/www.sertras.com\/gestao-de-fornecedores\/cartilha-prevencao-de-acidentes-de-trabalho\/","title":{"rendered":"Cartilha Preven\u00e7\u00e3o de Acidentes de Trabalho"},"content":{"rendered":"\n<div class=\"_df_book df-lite\" id=\"df_6090\"  _slug=\"cartilha-prevencao-de-acidentes-de-trabalho\" data-title=\"cartilha-prevencao-de-acidentes-de-trabalho\" wpoptions=\"true\" thumbtype=\"\" ><\/div><script class=\"df-shortcode-script\" nowprocket type=\"application\/javascript\">window.option_df_6090 = {\"outline\":[],\"backgroundColor\":\"#ffffff\",\"autoEnableOutline\":\"false\",\"autoEnableThumbnail\":\"false\",\"overwritePDFOutline\":\"false\",\"direction\":\"1\",\"pageSize\":\"0\",\"source\":\"https:\\\/\\\/www.sertras.com\\\/gestao-de-fornecedores\\\/wp-content\\\/uploads\\\/2022\\\/07\\\/Acidente-de-trabalho-cores-Sertras-1.pdf\",\"wpOptions\":\"true\"}; if(window.DFLIP && window.DFLIP.parseBooks){window.DFLIP.parseBooks();}<\/script>\n","protected":false},"excerpt":{"rendered":"","protected":false},"author":12,"featured_media":6105,"comment_status":"open","ping_status":"open","sticky":false,"template":"elementor_canvas","format":"standard","meta":{"footnotes":""},"categories":[150],"tags":[152,168,153,166],"class_list":["post-6092","post","type-post","status-publish","format-standard","has-post-thumbnail","hentry","category-sertras","tag-compradores","tag-documentos","tag-fornecedores","tag-saude-e-seguranca","category-150","description-off"],"yoast_head":"<!-- This site is optimized with the Yoast SEO Premium plugin v27.3 (Yoast SEO v27.3) - https:\/\/yoast.com\/product\/yoast-seo-premium-wordpress\/ -->\n<title>Cartilha Preven\u00e7\u00e3o de Acidentes de Trabalho - Sertras Gest\u00e3o de Fornecedores<\/title>\n<meta name=\"robots\" content=\"index, follow, max-snippet:-1, max-image-preview:large, max-video-preview:-1\" \/>\n<link rel=\"canonical\" href=\"https:\/\/www.sertras.com\/gestao-de-fornecedores\/cartilha-prevencao-de-acidentes-de-trabalho\/\" \/>\n<meta property=\"og:locale\" content=\"pt_BR\" \/>\n<meta property=\"og:type\" content=\"article\" \/>\n<meta property=\"og:title\" content=\"Cartilha Preven\u00e7\u00e3o de Acidentes de Trabalho\" \/>\n<meta property=\"og:url\" content=\"https:\/\/www.sertras.com\/gestao-de-fornecedores\/cartilha-prevencao-de-acidentes-de-trabalho\/\" \/>\n<meta property=\"og:site_name\" content=\"Sertras Gest\u00e3o de Fornecedores\" \/>\n<meta property=\"article:publisher\" content=\"https:\/\/pt-br.facebook.com\/sertras\/\" \/>\n<meta property=\"article:published_time\" content=\"2022-07-28T19:14:21+00:00\" \/>\n<meta property=\"article:modified_time\" content=\"2023-10-13T17:37:18+00:00\" \/>\n<meta property=\"og:image\" content=\"https:\/\/www.sertras.com\/gestao-de-fornecedores\/wp-content\/uploads\/2022\/07\/capa-do-site.png\" \/>\n\t<meta property=\"og:image:width\" content=\"683\" \/>\n\t<meta property=\"og:image:height\" content=\"384\" \/>\n\t<meta property=\"og:image:type\" content=\"image\/png\" \/>\n<meta name=\"author\" content=\"Rodolfo Sandoval\" \/>\n<meta name=\"twitter:label1\" content=\"Escrito por\" \/>\n\t<meta name=\"twitter:data1\" content=\"Rodolfo Sandoval\" \/>\n\t<meta name=\"twitter:label2\" content=\"Est. tempo de leitura\" \/>\n\t<meta name=\"twitter:data2\" content=\"1 minuto\" \/>\n<script type=\"application\/ld+json\" class=\"yoast-schema-graph\">{\"@context\":\"https:\\\/\\\/schema.org\",\"@graph\":[{\"@type\":\"Article\",\"@id\":\"https:\\\/\\\/www.sertras.com\\\/gestao-de-fornecedores\\\/cartilha-prevencao-de-acidentes-de-trabalho\\\/#article\",\"isPartOf\":{\"@id\":\"https:\\\/\\\/www.sertras.com\\\/gestao-de-fornecedores\\\/cartilha-prevencao-de-acidentes-de-trabalho\\\/\"},\"author\":{\"name\":\"Rodolfo Sandoval\",\"@id\":\"https:\\\/\\\/www.sertras.com\\\/gestao-de-fornecedores\\\/#\\\/schema\\\/person\\\/ef1e221c94744ef9f26e14989fd485b8\"},\"headline\":\"Cartilha Preven\u00e7\u00e3o de Acidentes de Trabalho\",\"datePublished\":\"2022-07-28T19:14:21+00:00\",\"dateModified\":\"2023-10-13T17:37:18+00:00\",\"mainEntityOfPage\":{\"@id\":\"https:\\\/\\\/www.sertras.com\\\/gestao-de-fornecedores\\\/cartilha-prevencao-de-acidentes-de-trabalho\\\/\"},\"wordCount\":10,\"commentCount\":0,\"publisher\":{\"@id\":\"https:\\\/\\\/www.sertras.com\\\/gestao-de-fornecedores\\\/#organization\"},\"image\":{\"@id\":\"https:\\\/\\\/www.sertras.com\\\/gestao-de-fornecedores\\\/cartilha-prevencao-de-acidentes-de-trabalho\\\/#primaryimage\"},\"thumbnailUrl\":\"https:\\\/\\\/www.sertras.com\\\/gestao-de-fornecedores\\\/wp-content\\\/uploads\\\/2022\\\/07\\\/capa-do-site.png\",\"keywords\":[\"compradores\",\"Documentos\",\"fornecedores\",\"Saude e Seguran\u00e7a\"],\"articleSection\":[\"Sertras\"],\"inLanguage\":\"pt-BR\",\"potentialAction\":[{\"@type\":\"CommentAction\",\"name\":\"Comment\",\"target\":[\"https:\\\/\\\/www.sertras.com\\\/gestao-de-fornecedores\\\/cartilha-prevencao-de-acidentes-de-trabalho\\\/#respond\"]}]},{\"@type\":\"WebPage\",\"@id\":\"https:\\\/\\\/www.sertras.com\\\/gestao-de-fornecedores\\\/cartilha-prevencao-de-acidentes-de-trabalho\\\/\",\"url\":\"https:\\\/\\\/www.sertras.com\\\/gestao-de-fornecedores\\\/cartilha-prevencao-de-acidentes-de-trabalho\\\/\",\"name\":\"Cartilha Preven\u00e7\u00e3o de Acidentes de Trabalho - Sertras Gest\u00e3o de Fornecedores\",\"isPartOf\":{\"@id\":\"https:\\\/\\\/www.sertras.com\\\/gestao-de-fornecedores\\\/#website\"},\"primaryImageOfPage\":{\"@id\":\"https:\\\/\\\/www.sertras.com\\\/gestao-de-fornecedores\\\/cartilha-prevencao-de-acidentes-de-trabalho\\\/#primaryimage\"},\"image\":{\"@id\":\"https:\\\/\\\/www.sertras.com\\\/gestao-de-fornecedores\\\/cartilha-prevencao-de-acidentes-de-trabalho\\\/#primaryimage\"},\"thumbnailUrl\":\"https:\\\/\\\/www.sertras.com\\\/gestao-de-fornecedores\\\/wp-content\\\/uploads\\\/2022\\\/07\\\/capa-do-site.png\",\"datePublished\":\"2022-07-28T19:14:21+00:00\",\"dateModified\":\"2023-10-13T17:37:18+00:00\",\"breadcrumb\":{\"@id\":\"https:\\\/\\\/www.sertras.com\\\/gestao-de-fornecedores\\\/cartilha-prevencao-de-acidentes-de-trabalho\\\/#breadcrumb\"},\"inLanguage\":\"pt-BR\",\"potentialAction\":[{\"@type\":\"ReadAction\",\"target\":[\"https:\\\/\\\/www.sertras.com\\\/gestao-de-fornecedores\\\/cartilha-prevencao-de-acidentes-de-trabalho\\\/\"]}]},{\"@type\":\"ImageObject\",\"inLanguage\":\"pt-BR\",\"@id\":\"https:\\\/\\\/www.sertras.com\\\/gestao-de-fornecedores\\\/cartilha-prevencao-de-acidentes-de-trabalho\\\/#primaryimage\",\"url\":\"https:\\\/\\\/www.sertras.com\\\/gestao-de-fornecedores\\\/wp-content\\\/uploads\\\/2022\\\/07\\\/capa-do-site.png\",\"contentUrl\":\"https:\\\/\\\/www.sertras.com\\\/gestao-de-fornecedores\\\/wp-content\\\/uploads\\\/2022\\\/07\\\/capa-do-site.png\",\"width\":683,\"height\":384},{\"@type\":\"BreadcrumbList\",\"@id\":\"https:\\\/\\\/www.sertras.com\\\/gestao-de-fornecedores\\\/cartilha-prevencao-de-acidentes-de-trabalho\\\/#breadcrumb\",\"itemListElement\":[{\"@type\":\"ListItem\",\"position\":1,\"name\":\"In\u00edcio\",\"item\":\"https:\\\/\\\/www.sertras.com\\\/gestao-de-fornecedores\\\/\"},{\"@type\":\"ListItem\",\"position\":2,\"name\":\"Cartilha Preven\u00e7\u00e3o de Acidentes de Trabalho\"}]},{\"@type\":\"WebSite\",\"@id\":\"https:\\\/\\\/www.sertras.com\\\/gestao-de-fornecedores\\\/#website\",\"url\":\"https:\\\/\\\/www.sertras.com\\\/gestao-de-fornecedores\\\/\",\"name\":\"Sertras Gest\u00e3o de Fornecedores\",\"description\":\"Servi\u00e7os profissionais para compradores e fornecedores\",\"publisher\":{\"@id\":\"https:\\\/\\\/www.sertras.com\\\/gestao-de-fornecedores\\\/#organization\"},\"alternateName\":\"Sertras\",\"potentialAction\":[{\"@type\":\"SearchAction\",\"target\":{\"@type\":\"EntryPoint\",\"urlTemplate\":\"https:\\\/\\\/www.sertras.com\\\/gestao-de-fornecedores\\\/?s={search_term_string}\"},\"query-input\":{\"@type\":\"PropertyValueSpecification\",\"valueRequired\":true,\"valueName\":\"search_term_string\"}}],\"inLanguage\":\"pt-BR\"},{\"@type\":\"Organization\",\"@id\":\"https:\\\/\\\/www.sertras.com\\\/gestao-de-fornecedores\\\/#organization\",\"name\":\"Sertras Gest\u00e3o de Fornecedores\",\"alternateName\":\"Sertras\",\"url\":\"https:\\\/\\\/www.sertras.com\\\/gestao-de-fornecedores\\\/\",\"logo\":{\"@type\":\"ImageObject\",\"inLanguage\":\"pt-BR\",\"@id\":\"https:\\\/\\\/www.sertras.com\\\/gestao-de-fornecedores\\\/#\\\/schema\\\/logo\\\/image\\\/\",\"url\":\"\",\"contentUrl\":\"\",\"caption\":\"Sertras Gest\u00e3o de Fornecedores\"},\"image\":{\"@id\":\"https:\\\/\\\/www.sertras.com\\\/gestao-de-fornecedores\\\/#\\\/schema\\\/logo\\\/image\\\/\"},\"sameAs\":[\"https:\\\/\\\/pt-br.facebook.com\\\/sertras\\\/\",\"https:\\\/\\\/www.instagram.com\\\/sertrasfor\\\/\",\"https:\\\/\\\/br.linkedin.com\\\/company\\\/sertras\",\"https:\\\/\\\/www.sertras.com\\\/gestao-de-fornecedores\\\/\"],\"description\":\"A Sertras \u00e9 a maior autoridade em gest\u00e3o de fornecedores do Brasil, liderando o mercado com um ecossistema completo de governan\u00e7a e mitiga\u00e7\u00e3o de riscos. Especialista em Gest\u00e3o de Terceiros e Auditorias, a Sertras entrega 'Gest\u00e3o de Verdade' atrav\u00e9s de um portf\u00f3lio robusto que inclui Homologa\u00e7\u00e3o t\u00e9cnica, An\u00e1lise Financeira profunda, Due Diligence, Background Check e monitoramento de crit\u00e9rios ESG. Como pioneira na emiss\u00e3o de Selos de Certifica\u00e7\u00e3o e na forma\u00e7\u00e3o de um Ecossistema de Fornecedores Certificados, a companhia combina tecnologia de dados e intelig\u00eancia anal\u00edtica para garantir conformidade, seguran\u00e7a e performance em toda a cadeia de suprimentos das maiores corpora\u00e7\u00f5es do pa\u00eds.\",\"email\":\"comercial@sertras.com\",\"telephone\":\"+552120180156\",\"legalName\":\"Sertras Gest\u00e3o de Fornecedores Limitada\",\"foundingDate\":\"2015-06-03\",\"vatID\":\"22584068000106\",\"numberOfEmployees\":{\"@type\":\"QuantitativeValue\",\"minValue\":\"51\",\"maxValue\":\"200\"},\"publishingPrinciples\":\"https:\\\/\\\/www.sertras.com\\\/gestao-de-fornecedores\\\/politicas-sertras-old\\\/\",\"ethicsPolicy\":\"https:\\\/\\\/www.sertras.com\\\/gestao-de-fornecedores\\\/politicas-sertras-old\\\/\",\"diversityPolicy\":\"https:\\\/\\\/www.sertras.com\\\/gestao-de-fornecedores\\\/politicas-sertras-old\\\/\"},{\"@type\":\"Person\",\"@id\":\"https:\\\/\\\/www.sertras.com\\\/gestao-de-fornecedores\\\/#\\\/schema\\\/person\\\/ef1e221c94744ef9f26e14989fd485b8\",\"name\":\"Rodolfo Sandoval\",\"image\":{\"@type\":\"ImageObject\",\"inLanguage\":\"pt-BR\",\"@id\":\"https:\\\/\\\/secure.gravatar.com\\\/avatar\\\/59896eb33f28cfa9c1b39b1b2f4d0f39482af012c0c5dd21b2554d9fae61b28a?s=96&d=mm&r=g\",\"url\":\"https:\\\/\\\/secure.gravatar.com\\\/avatar\\\/59896eb33f28cfa9c1b39b1b2f4d0f39482af012c0c5dd21b2554d9fae61b28a?s=96&d=mm&r=g\",\"contentUrl\":\"https:\\\/\\\/secure.gravatar.com\\\/avatar\\\/59896eb33f28cfa9c1b39b1b2f4d0f39482af012c0c5dd21b2554d9fae61b28a?s=96&d=mm&r=g\",\"caption\":\"Rodolfo Sandoval\"},\"url\":\"https:\\\/\\\/www.sertras.com\\\/gestao-de-fornecedores\\\/author\\\/rodolfo-sandoval\\\/\"}]}<\/script>\n<!-- \/ Yoast SEO Premium plugin. -->","yoast_head_json":{"title":"Cartilha Preven\u00e7\u00e3o de Acidentes de Trabalho - Sertras Gest\u00e3o de Fornecedores","robots":{"index":"index","follow":"follow","max-snippet":"max-snippet:-1","max-image-preview":"max-image-preview:large","max-video-preview":"max-video-preview:-1"},"canonical":"https:\/\/www.sertras.com\/gestao-de-fornecedores\/cartilha-prevencao-de-acidentes-de-trabalho\/","og_locale":"pt_BR","og_type":"article","og_title":"Cartilha Preven\u00e7\u00e3o de Acidentes de Trabalho","og_url":"https:\/\/www.sertras.com\/gestao-de-fornecedores\/cartilha-prevencao-de-acidentes-de-trabalho\/","og_site_name":"Sertras Gest\u00e3o de Fornecedores","article_publisher":"https:\/\/pt-br.facebook.com\/sertras\/","article_published_time":"2022-07-28T19:14:21+00:00","article_modified_time":"2023-10-13T17:37:18+00:00","og_image":[{"width":683,"height":384,"url":"https:\/\/www.sertras.com\/gestao-de-fornecedores\/wp-content\/uploads\/2022\/07\/capa-do-site.png","type":"image\/png"}],"author":"Rodolfo Sandoval","twitter_misc":{"Escrito por":"Rodolfo Sandoval","Est. tempo de leitura":"1 minuto"},"schema":{"@context":"https:\/\/schema.org","@graph":[{"@type":"Article","@id":"https:\/\/www.sertras.com\/gestao-de-fornecedores\/cartilha-prevencao-de-acidentes-de-trabalho\/#article","isPartOf":{"@id":"https:\/\/www.sertras.com\/gestao-de-fornecedores\/cartilha-prevencao-de-acidentes-de-trabalho\/"},"author":{"name":"Rodolfo Sandoval","@id":"https:\/\/www.sertras.com\/gestao-de-fornecedores\/#\/schema\/person\/ef1e221c94744ef9f26e14989fd485b8"},"headline":"Cartilha Preven\u00e7\u00e3o de Acidentes de Trabalho","datePublished":"2022-07-28T19:14:21+00:00","dateModified":"2023-10-13T17:37:18+00:00","mainEntityOfPage":{"@id":"https:\/\/www.sertras.com\/gestao-de-fornecedores\/cartilha-prevencao-de-acidentes-de-trabalho\/"},"wordCount":10,"commentCount":0,"publisher":{"@id":"https:\/\/www.sertras.com\/gestao-de-fornecedores\/#organization"},"image":{"@id":"https:\/\/www.sertras.com\/gestao-de-fornecedores\/cartilha-prevencao-de-acidentes-de-trabalho\/#primaryimage"},"thumbnailUrl":"https:\/\/www.sertras.com\/gestao-de-fornecedores\/wp-content\/uploads\/2022\/07\/capa-do-site.png","keywords":["compradores","Documentos","fornecedores","Saude e Seguran\u00e7a"],"articleSection":["Sertras"],"inLanguage":"pt-BR","potentialAction":[{"@type":"CommentAction","name":"Comment","target":["https:\/\/www.sertras.com\/gestao-de-fornecedores\/cartilha-prevencao-de-acidentes-de-trabalho\/#respond"]}]},{"@type":"WebPage","@id":"https:\/\/www.sertras.com\/gestao-de-fornecedores\/cartilha-prevencao-de-acidentes-de-trabalho\/","url":"https:\/\/www.sertras.com\/gestao-de-fornecedores\/cartilha-prevencao-de-acidentes-de-trabalho\/","name":"Cartilha Preven\u00e7\u00e3o de Acidentes de Trabalho - Sertras Gest\u00e3o de Fornecedores","isPartOf":{"@id":"https:\/\/www.sertras.com\/gestao-de-fornecedores\/#website"},"primaryImageOfPage":{"@id":"https:\/\/www.sertras.com\/gestao-de-fornecedores\/cartilha-prevencao-de-acidentes-de-trabalho\/#primaryimage"},"image":{"@id":"https:\/\/www.sertras.com\/gestao-de-fornecedores\/cartilha-prevencao-de-acidentes-de-trabalho\/#primaryimage"},"thumbnailUrl":"https:\/\/www.sertras.com\/gestao-de-fornecedores\/wp-content\/uploads\/2022\/07\/capa-do-site.png","datePublished":"2022-07-28T19:14:21+00:00","dateModified":"2023-10-13T17:37:18+00:00","breadcrumb":{"@id":"https:\/\/www.sertras.com\/gestao-de-fornecedores\/cartilha-prevencao-de-acidentes-de-trabalho\/#breadcrumb"},"inLanguage":"pt-BR","potentialAction":[{"@type":"ReadAction","target":["https:\/\/www.sertras.com\/gestao-de-fornecedores\/cartilha-prevencao-de-acidentes-de-trabalho\/"]}]},{"@type":"ImageObject","inLanguage":"pt-BR","@id":"https:\/\/www.sertras.com\/gestao-de-fornecedores\/cartilha-prevencao-de-acidentes-de-trabalho\/#primaryimage","url":"https:\/\/www.sertras.com\/gestao-de-fornecedores\/wp-content\/uploads\/2022\/07\/capa-do-site.png","contentUrl":"https:\/\/www.sertras.com\/gestao-de-fornecedores\/wp-content\/uploads\/2022\/07\/capa-do-site.png","width":683,"height":384},{"@type":"BreadcrumbList","@id":"https:\/\/www.sertras.com\/gestao-de-fornecedores\/cartilha-prevencao-de-acidentes-de-trabalho\/#breadcrumb","itemListElement":[{"@type":"ListItem","position":1,"name":"In\u00edcio","item":"https:\/\/www.sertras.com\/gestao-de-fornecedores\/"},{"@type":"ListItem","position":2,"name":"Cartilha Preven\u00e7\u00e3o de Acidentes de Trabalho"}]},{"@type":"WebSite","@id":"https:\/\/www.sertras.com\/gestao-de-fornecedores\/#website","url":"https:\/\/www.sertras.com\/gestao-de-fornecedores\/","name":"Sertras Gest\u00e3o de Fornecedores","description":"Servi\u00e7os profissionais para compradores e fornecedores","publisher":{"@id":"https:\/\/www.sertras.com\/gestao-de-fornecedores\/#organization"},"alternateName":"Sertras","potentialAction":[{"@type":"SearchAction","target":{"@type":"EntryPoint","urlTemplate":"https:\/\/www.sertras.com\/gestao-de-fornecedores\/?s={search_term_string}"},"query-input":{"@type":"PropertyValueSpecification","valueRequired":true,"valueName":"search_term_string"}}],"inLanguage":"pt-BR"},{"@type":"Organization","@id":"https:\/\/www.sertras.com\/gestao-de-fornecedores\/#organization","name":"Sertras Gest\u00e3o de Fornecedores","alternateName":"Sertras","url":"https:\/\/www.sertras.com\/gestao-de-fornecedores\/","logo":{"@type":"ImageObject","inLanguage":"pt-BR","@id":"https:\/\/www.sertras.com\/gestao-de-fornecedores\/#\/schema\/logo\/image\/","url":"","contentUrl":"","caption":"Sertras Gest\u00e3o de Fornecedores"},"image":{"@id":"https:\/\/www.sertras.com\/gestao-de-fornecedores\/#\/schema\/logo\/image\/"},"sameAs":["https:\/\/pt-br.facebook.com\/sertras\/","https:\/\/www.instagram.com\/sertrasfor\/","https:\/\/br.linkedin.com\/company\/sertras","https:\/\/www.sertras.com\/gestao-de-fornecedores\/"],"description":"A Sertras \u00e9 a maior autoridade em gest\u00e3o de fornecedores do Brasil, liderando o mercado com um ecossistema completo de governan\u00e7a e mitiga\u00e7\u00e3o de riscos. Especialista em Gest\u00e3o de Terceiros e Auditorias, a Sertras entrega 'Gest\u00e3o de Verdade' atrav\u00e9s de um portf\u00f3lio robusto que inclui Homologa\u00e7\u00e3o t\u00e9cnica, An\u00e1lise Financeira profunda, Due Diligence, Background Check e monitoramento de crit\u00e9rios ESG. Como pioneira na emiss\u00e3o de Selos de Certifica\u00e7\u00e3o e na forma\u00e7\u00e3o de um Ecossistema de Fornecedores Certificados, a companhia combina tecnologia de dados e intelig\u00eancia anal\u00edtica para garantir conformidade, seguran\u00e7a e performance em toda a cadeia de suprimentos das maiores corpora\u00e7\u00f5es do pa\u00eds.","email":"comercial@sertras.com","telephone":"+552120180156","legalName":"Sertras Gest\u00e3o de Fornecedores Limitada","foundingDate":"2015-06-03","vatID":"22584068000106","numberOfEmployees":{"@type":"QuantitativeValue","minValue":"51","maxValue":"200"},"publishingPrinciples":"https:\/\/www.sertras.com\/gestao-de-fornecedores\/politicas-sertras-old\/","ethicsPolicy":"https:\/\/www.sertras.com\/gestao-de-fornecedores\/politicas-sertras-old\/","diversityPolicy":"https:\/\/www.sertras.com\/gestao-de-fornecedores\/politicas-sertras-old\/"},{"@type":"Person","@id":"https:\/\/www.sertras.com\/gestao-de-fornecedores\/#\/schema\/person\/ef1e221c94744ef9f26e14989fd485b8","name":"Rodolfo Sandoval","image":{"@type":"ImageObject","inLanguage":"pt-BR","@id":"https:\/\/secure.gravatar.com\/avatar\/59896eb33f28cfa9c1b39b1b2f4d0f39482af012c0c5dd21b2554d9fae61b28a?s=96&d=mm&r=g","url":"https:\/\/secure.gravatar.com\/avatar\/59896eb33f28cfa9c1b39b1b2f4d0f39482af012c0c5dd21b2554d9fae61b28a?s=96&d=mm&r=g","contentUrl":"https:\/\/secure.gravatar.com\/avatar\/59896eb33f28cfa9c1b39b1b2f4d0f39482af012c0c5dd21b2554d9fae61b28a?s=96&d=mm&r=g","caption":"Rodolfo Sandoval"},"url":"https:\/\/www.sertras.com\/gestao-de-fornecedores\/author\/rodolfo-sandoval\/"}]}},"_links":{"self":[{"href":"https:\/\/www.sertras.com\/gestao-de-fornecedores\/wp-json\/wp\/v2\/posts\/6092","targetHints":{"allow":["GET"]}}],"collection":[{"href":"https:\/\/www.sertras.com\/gestao-de-fornecedores\/wp-json\/wp\/v2\/posts"}],"about":[{"href":"https:\/\/www.sertras.com\/gestao-de-fornecedores\/wp-json\/wp\/v2\/types\/post"}],"author":[{"embeddable":true,"href":"https:\/\/www.sertras.com\/gestao-de-fornecedores\/wp-json\/wp\/v2\/users\/12"}],"replies":[{"embeddable":true,"href":"https:\/\/www.sertras.com\/gestao-de-fornecedores\/wp-json\/wp\/v2\/comments?post=6092"}],"version-history":[{"count":1,"href":"https:\/\/www.sertras.com\/gestao-de-fornecedores\/wp-json\/wp\/v2\/posts\/6092\/revisions"}],"predecessor-version":[{"id":6093,"href":"https:\/\/www.sertras.com\/gestao-de-fornecedores\/wp-json\/wp\/v2\/posts\/6092\/revisions\/6093"}],"wp:featuredmedia":[{"embeddable":true,"href":"https:\/\/www.sertras.com\/gestao-de-fornecedores\/wp-json\/wp\/v2\/media\/6105"}],"wp:attachment":[{"href":"https:\/\/www.sertras.com\/gestao-de-fornecedores\/wp-json\/wp\/v2\/media?parent=6092"}],"wp:term":[{"taxonomy":"category","embeddable":true,"href":"https:\/\/www.sertras.com\/gestao-de-fornecedores\/wp-json\/wp\/v2\/categories?post=6092"},{"taxonomy":"post_tag","embeddable":true,"href":"https:\/\/www.sertras.com\/gestao-de-fornecedores\/wp-json\/wp\/v2\/tags?post=6092"}],"curies":[{"name":"wp","href":"https:\/\/api.w.org\/{rel}","templated":true}]}}