{"id":6716,"date":"2022-10-07T09:34:05","date_gmt":"2022-10-07T12:34:05","guid":{"rendered":"https:\/\/www.sertras.com\/gestao-de-fornecedores\/?p=6716"},"modified":"2023-10-13T15:22:02","modified_gmt":"2023-10-13T18:22:02","slug":"programa-trainee-supervisores-uma-nova-jornada-na-sertras","status":"publish","type":"post","link":"https:\/\/www.sertras.com\/gestao-de-fornecedores\/programa-trainee-supervisores-uma-nova-jornada-na-sertras\/","title":{"rendered":"Programa Trainee Supervisores &#8211; Uma nova jornada na Sertras"},"content":{"rendered":"\t\t<div data-elementor-type=\"wp-post\" data-elementor-id=\"6716\" class=\"elementor elementor-6716\" data-elementor-post-type=\"post\">\n\t\t\t\t\t\t<section class=\"elementor-section elementor-top-section elementor-element elementor-element-25ac1e52 elementor-section-boxed elementor-section-height-default elementor-section-height-default\" data-id=\"25ac1e52\" data-element_type=\"section\" data-e-type=\"section\">\n\t\t\t\t\t\t<div class=\"elementor-container elementor-column-gap-default\">\n\t\t\t\t\t<div class=\"elementor-column elementor-col-100 elementor-top-column elementor-element elementor-element-dce1693\" data-id=\"dce1693\" data-element_type=\"column\" data-e-type=\"column\">\n\t\t\t<div class=\"elementor-widget-wrap elementor-element-populated\">\n\t\t\t\t\t\t<div class=\"elementor-element elementor-element-1b886469 elementor-widget elementor-widget-text-editor\" data-id=\"1b886469\" data-element_type=\"widget\" data-e-type=\"widget\" data-widget_type=\"text-editor.default\">\n\t\t\t\t<div class=\"elementor-widget-container\">\n\t\t\t\t\t\t\t\t\t\n<p class=\"has-dark-gray-color has-text-color\">O Programa Trainee Supervisores &#8211; Uma nova jornada na Sertras foi realizado com o intuito de narrar um pouco sobre a implanta\u00e7\u00e3o desse novo projeto na Sertras. Prossiga a leitura para entender mais.<\/p>\n\n<p class=\"has-dark-gray-color has-text-color\">Iniciado no dia 21\/06\/2022, o Programa Trainee Supervisores da Sertras tem como objetivo formar novos l\u00edderes, no entanto, \u00e9 necess\u00e1rio desenvolver e ampliar suas capacidades organizacionais e t\u00e9cnicas para assumir posi\u00e7\u00f5es estrat\u00e9gicas na organiza\u00e7\u00e3o.<\/p>\n\n<p class=\"has-dark-gray-color has-text-color\">Segundo Pacheco (2005), o desenvolvimento de pessoas envolve o treinamento, o autodesenvolvimento dos indiv\u00edduos, a aprendizagem com um processo estruturado e cont\u00ednuo de crescimento.<\/p>\n\n<p class=\"has-dark-gray-color has-text-color\">Nosso programa possui 4 m\u00f3dulos. Cada m\u00f3dulo \u00e9 estruturado para provocar e impulsionar as habilidades f\u00edsicas e mentais, o jeito de atuar e a experi\u00eancia de cada colaborador. Nesse sentido, nos \u00faltimos tr\u00eas meses de treinamento, a equipe diretiva junto a psic\u00f3loga, realizaram treinamentos voltados para \u00e1reas que acreditam ser fundamentais para potencializar o desenvolvimento de cada participante.<\/p>\n\n<h5 class=\"wp-block-heading has-dark-gray-color has-text-color\"><strong>Primeiro M\u00f3dulo<\/strong><\/h5>\n\n<p class=\"has-dark-gray-color has-text-color\">O primeiro m\u00f3dulo est\u00e1 diretamente relacionado \u00e0 estrutura e processos da Sertras, tanto da opera\u00e7\u00e3o quanto da gest\u00e3o.<\/p>\n\n<h5 class=\"wp-block-heading has-dark-gray-color has-text-color\"><strong>Segundo M\u00f3dulo<\/strong><\/h5>\n\n<p class=\"has-dark-gray-color has-text-color\">O segundo m\u00f3dulo aborda sobre o Comportamento Humano. Nesse sentido, o objetivo principal \u00e9 trein\u00e1-los para situa\u00e7\u00f5es que ocorrer\u00e3o sob sua supervis\u00e3o. Para isso, iremos auxili\u00e1-los no desenvolvimento de habilidades de lideran\u00e7a, capacidade de comunica\u00e7\u00e3o e solu\u00e7\u00e3o de problemas, criatividade, proatividade, flexibilidade e vis\u00e3o estrat\u00e9gica.<\/p>\n\n<p class=\"has-dark-gray-color has-text-color\">Al\u00e9m dos treinamentos, cada um j\u00e1 ingressou em sua fun\u00e7\u00e3o, pois acreditamos que, para o desenvolvimento dessas habilidades, \u00e9 necess\u00e1rio pratic\u00e1-las. Dessa forma, \u00e9 poss\u00edvel fazermos an\u00e1lises com base em diferentes experi\u00eancias sobre a efetividade do programa no desenvolvimento das compet\u00eancias de seus talentos.<\/p>\n\n<p class=\"has-dark-gray-color has-text-color\">Para n\u00f3s da Sertras, a experi\u00eancia te\u00f3rica com a pr\u00e1tica visa atingir o mesmo prop\u00f3sito: determinado padr\u00e3o de desempenho no trabalho, potencializando todas as suas habilidades e conhecimentos t\u00e9cnicos em seus novos cargos.<\/p>\n\n<h5 class=\"wp-block-heading has-dark-gray-color has-text-color\"><strong>Pr\u00f3ximos m\u00f3dulos&#8230;<\/strong><\/h5>\n\n<p class=\"has-dark-gray-color has-text-color\">Os pr\u00f3ximos passos est\u00e3o em desenvolvimento, tendo sempre em foco os trainees. Dando voz, espa\u00e7o e ferramentas para que eles possam se desenvolver e buscar o melhor de si.\u00a0<\/p>\n\n<p class=\"has-dark-gray-color has-text-color\">Conseguiu entender um pouco sobre o Programa Trainee Supervisores &#8211; Uma nova jornada na Sertras? Esse projeto foi pensado estrategicamente para continuarmos crescendo e evoluindo a cada dia.<\/p>\n\n<p class=\"has-dark-gray-color has-text-color\">Trabalhar na Sertras \u00e9 sin\u00f4nimo de crescimento e aprendizagem. Aqui voc\u00ea entra, na maioria das vezes, como estagi\u00e1rio, e adquire uma bagagem di\u00e1ria de conhecimento, se tornando um profissional com autonomia e vis\u00e3o estrat\u00e9gica.<\/p>\n\n<p class=\"has-dark-gray-color has-text-color\">Quer trabalhar com a gente? Acesse o <a href=\"https:\/\/www.sertras.com\/v3\/sertras-portal-do-candidato\/\" target=\"_blank\" rel=\"noreferrer noopener\">Portal do Candidato<\/a> e fique atento \u00e0s novas vagas.<\/p>\n<p>Nosso programa de treinee faz parte das nossas inciiativas para atender a ODS 8. <a href=\"https:\/\/brasil.un.org\/pt-br\/sdgs\/8\">Clique aqui<\/a> para saber mais sobre esta importante meta.<\/p>\n\n<figure class=\"wp-block-image size-large is-resized\"><img fetchpriority=\"high\" decoding=\"async\" width=\"1024\" height=\"366\" class=\"wp-image-6725\" style=\"width: 724px; height: 258px;\" src=\"https:\/\/www.sertras.com\/gestao-de-fornecedores\/wp-content\/uploads\/2022\/10\/assinatura-isabella-1024x366.png\" alt=\"\" srcset=\"https:\/\/www.sertras.com\/gestao-de-fornecedores\/wp-content\/uploads\/2022\/10\/assinatura-isabella-1024x366.png 1024w, https:\/\/www.sertras.com\/gestao-de-fornecedores\/wp-content\/uploads\/2022\/10\/assinatura-isabella-300x107.png 300w, https:\/\/www.sertras.com\/gestao-de-fornecedores\/wp-content\/uploads\/2022\/10\/assinatura-isabella-768x274.png 768w, https:\/\/www.sertras.com\/gestao-de-fornecedores\/wp-content\/uploads\/2022\/10\/assinatura-isabella-1536x549.png 1536w, https:\/\/www.sertras.com\/gestao-de-fornecedores\/wp-content\/uploads\/2022\/10\/assinatura-isabella-2048x731.png 2048w\" sizes=\"(max-width: 1024px) 100vw, 1024px\" \/><\/figure>\n\n<div class=\"wp-block-buttons is-layout-flex wp-block-buttons-is-layout-flex\">\n<div class=\"wp-block-button\"><a class=\"wp-block-button__link wp-element-button\" href=\"https:\/\/www.linkedin.com\/in\/isabella-albertassi-94b38521a\" target=\"_blank\" rel=\"noreferrer noopener\">Linkedin Isabella<\/a><\/div>\n<\/div>\n\t\t\t\t\t\t\t\t<\/div>\n\t\t\t\t<\/div>\n\t\t\t\t\t<\/div>\n\t\t<\/div>\n\t\t\t\t\t<\/div>\n\t\t<\/section>\n\t\t\t\t<\/div>\n\t\t","protected":false},"excerpt":{"rendered":"<p>O Programa Trainee Supervisores &#8211; Uma nova jornada na Sertras foi realizado com o intuito de narrar um pouco sobre a implanta\u00e7\u00e3o desse novo projeto na Sertras. Prossiga a leitura para entender mais. Iniciado no dia 21\/06\/2022, o Programa Trainee Supervisores da Sertras tem como objetivo formar novos l\u00edderes, no entanto, \u00e9 necess\u00e1rio desenvolver e&hellip;<\/p>\n","protected":false},"author":12,"featured_media":6720,"comment_status":"open","ping_status":"open","sticky":false,"template":"","format":"standard","meta":{"footnotes":""},"categories":[149,150],"tags":[152,153,179],"class_list":["post-6716","post","type-post","status-publish","format-standard","has-post-thumbnail","hentry","category-esg","category-sertras","tag-compradores","tag-fornecedores","tag-ods-8"],"yoast_head":"<!-- This site is optimized with the Yoast SEO Premium plugin v27.3 (Yoast SEO v27.3) - https:\/\/yoast.com\/product\/yoast-seo-premium-wordpress\/ -->\n<title>Programa Trainee Supervisores - Uma nova jornada na Sertras<\/title>\n<meta name=\"description\" content=\"O Programa Trainee Supervisores - Uma nova jornada na Sertras visa narrar um pouco sobre a implanta\u00e7\u00e3o desse projeto. Entenda sobre!\" \/>\n<meta name=\"robots\" content=\"index, follow, max-snippet:-1, max-image-preview:large, max-video-preview:-1\" \/>\n<link rel=\"canonical\" href=\"https:\/\/www.sertras.com\/gestao-de-fornecedores\/programa-trainee-supervisores-uma-nova-jornada-na-sertras\/\" \/>\n<meta property=\"og:locale\" content=\"pt_BR\" \/>\n<meta property=\"og:type\" content=\"article\" \/>\n<meta property=\"og:title\" content=\"Programa Trainee Supervisores - Uma nova jornada na Sertras\" \/>\n<meta property=\"og:description\" content=\"O Programa Trainee Supervisores - Uma nova jornada na Sertras visa narrar um pouco sobre a implanta\u00e7\u00e3o desse projeto. Entenda sobre!\" \/>\n<meta property=\"og:url\" content=\"https:\/\/www.sertras.com\/gestao-de-fornecedores\/programa-trainee-supervisores-uma-nova-jornada-na-sertras\/\" \/>\n<meta property=\"og:site_name\" content=\"Sertras Gest\u00e3o de Fornecedores\" \/>\n<meta property=\"article:publisher\" content=\"https:\/\/pt-br.facebook.com\/sertras\/\" \/>\n<meta property=\"article:published_time\" content=\"2022-10-07T12:34:05+00:00\" \/>\n<meta property=\"article:modified_time\" content=\"2023-10-13T18:22:02+00:00\" \/>\n<meta property=\"og:image\" content=\"https:\/\/www.sertras.com\/gestao-de-fornecedores\/wp-content\/uploads\/2022\/10\/capa-1.png\" \/>\n\t<meta property=\"og:image:width\" content=\"1366\" \/>\n\t<meta property=\"og:image:height\" content=\"768\" \/>\n\t<meta property=\"og:image:type\" content=\"image\/png\" \/>\n<meta name=\"author\" content=\"Rodolfo Sandoval\" \/>\n<meta name=\"twitter:label1\" content=\"Escrito por\" \/>\n\t<meta name=\"twitter:data1\" content=\"Rodolfo Sandoval\" \/>\n\t<meta name=\"twitter:label2\" content=\"Est. tempo de leitura\" \/>\n\t<meta name=\"twitter:data2\" content=\"3 minutos\" \/>\n<script type=\"application\/ld+json\" class=\"yoast-schema-graph\">{\"@context\":\"https:\\\/\\\/schema.org\",\"@graph\":[{\"@type\":\"Article\",\"@id\":\"https:\\\/\\\/www.sertras.com\\\/gestao-de-fornecedores\\\/programa-trainee-supervisores-uma-nova-jornada-na-sertras\\\/#article\",\"isPartOf\":{\"@id\":\"https:\\\/\\\/www.sertras.com\\\/gestao-de-fornecedores\\\/programa-trainee-supervisores-uma-nova-jornada-na-sertras\\\/\"},\"author\":{\"name\":\"Rodolfo Sandoval\",\"@id\":\"https:\\\/\\\/www.sertras.com\\\/gestao-de-fornecedores\\\/#\\\/schema\\\/person\\\/ef1e221c94744ef9f26e14989fd485b8\"},\"headline\":\"Programa Trainee Supervisores &#8211; Uma nova jornada na Sertras\",\"datePublished\":\"2022-10-07T12:34:05+00:00\",\"dateModified\":\"2023-10-13T18:22:02+00:00\",\"mainEntityOfPage\":{\"@id\":\"https:\\\/\\\/www.sertras.com\\\/gestao-de-fornecedores\\\/programa-trainee-supervisores-uma-nova-jornada-na-sertras\\\/\"},\"wordCount\":482,\"commentCount\":0,\"publisher\":{\"@id\":\"https:\\\/\\\/www.sertras.com\\\/gestao-de-fornecedores\\\/#organization\"},\"image\":{\"@id\":\"https:\\\/\\\/www.sertras.com\\\/gestao-de-fornecedores\\\/programa-trainee-supervisores-uma-nova-jornada-na-sertras\\\/#primaryimage\"},\"thumbnailUrl\":\"https:\\\/\\\/www.sertras.com\\\/gestao-de-fornecedores\\\/wp-content\\\/uploads\\\/2022\\\/10\\\/capa-1.png\",\"keywords\":[\"compradores\",\"fornecedores\",\"ODS 8\"],\"articleSection\":[\"ESG\",\"Sertras\"],\"inLanguage\":\"pt-BR\",\"potentialAction\":[{\"@type\":\"CommentAction\",\"name\":\"Comment\",\"target\":[\"https:\\\/\\\/www.sertras.com\\\/gestao-de-fornecedores\\\/programa-trainee-supervisores-uma-nova-jornada-na-sertras\\\/#respond\"]}]},{\"@type\":\"WebPage\",\"@id\":\"https:\\\/\\\/www.sertras.com\\\/gestao-de-fornecedores\\\/programa-trainee-supervisores-uma-nova-jornada-na-sertras\\\/\",\"url\":\"https:\\\/\\\/www.sertras.com\\\/gestao-de-fornecedores\\\/programa-trainee-supervisores-uma-nova-jornada-na-sertras\\\/\",\"name\":\"Programa Trainee Supervisores - Uma nova jornada na Sertras\",\"isPartOf\":{\"@id\":\"https:\\\/\\\/www.sertras.com\\\/gestao-de-fornecedores\\\/#website\"},\"primaryImageOfPage\":{\"@id\":\"https:\\\/\\\/www.sertras.com\\\/gestao-de-fornecedores\\\/programa-trainee-supervisores-uma-nova-jornada-na-sertras\\\/#primaryimage\"},\"image\":{\"@id\":\"https:\\\/\\\/www.sertras.com\\\/gestao-de-fornecedores\\\/programa-trainee-supervisores-uma-nova-jornada-na-sertras\\\/#primaryimage\"},\"thumbnailUrl\":\"https:\\\/\\\/www.sertras.com\\\/gestao-de-fornecedores\\\/wp-content\\\/uploads\\\/2022\\\/10\\\/capa-1.png\",\"datePublished\":\"2022-10-07T12:34:05+00:00\",\"dateModified\":\"2023-10-13T18:22:02+00:00\",\"description\":\"O Programa Trainee Supervisores - Uma nova jornada na Sertras visa narrar um pouco sobre a implanta\u00e7\u00e3o desse projeto. Entenda sobre!\",\"breadcrumb\":{\"@id\":\"https:\\\/\\\/www.sertras.com\\\/gestao-de-fornecedores\\\/programa-trainee-supervisores-uma-nova-jornada-na-sertras\\\/#breadcrumb\"},\"inLanguage\":\"pt-BR\",\"potentialAction\":[{\"@type\":\"ReadAction\",\"target\":[\"https:\\\/\\\/www.sertras.com\\\/gestao-de-fornecedores\\\/programa-trainee-supervisores-uma-nova-jornada-na-sertras\\\/\"]}]},{\"@type\":\"ImageObject\",\"inLanguage\":\"pt-BR\",\"@id\":\"https:\\\/\\\/www.sertras.com\\\/gestao-de-fornecedores\\\/programa-trainee-supervisores-uma-nova-jornada-na-sertras\\\/#primaryimage\",\"url\":\"https:\\\/\\\/www.sertras.com\\\/gestao-de-fornecedores\\\/wp-content\\\/uploads\\\/2022\\\/10\\\/capa-1.png\",\"contentUrl\":\"https:\\\/\\\/www.sertras.com\\\/gestao-de-fornecedores\\\/wp-content\\\/uploads\\\/2022\\\/10\\\/capa-1.png\",\"width\":1366,\"height\":768},{\"@type\":\"BreadcrumbList\",\"@id\":\"https:\\\/\\\/www.sertras.com\\\/gestao-de-fornecedores\\\/programa-trainee-supervisores-uma-nova-jornada-na-sertras\\\/#breadcrumb\",\"itemListElement\":[{\"@type\":\"ListItem\",\"position\":1,\"name\":\"In\u00edcio\",\"item\":\"https:\\\/\\\/www.sertras.com\\\/gestao-de-fornecedores\\\/\"},{\"@type\":\"ListItem\",\"position\":2,\"name\":\"Programa Trainee Supervisores &#8211; Uma nova jornada na Sertras\"}]},{\"@type\":\"WebSite\",\"@id\":\"https:\\\/\\\/www.sertras.com\\\/gestao-de-fornecedores\\\/#website\",\"url\":\"https:\\\/\\\/www.sertras.com\\\/gestao-de-fornecedores\\\/\",\"name\":\"Sertras Gest\u00e3o de Fornecedores\",\"description\":\"Servi\u00e7os profissionais para compradores e fornecedores\",\"publisher\":{\"@id\":\"https:\\\/\\\/www.sertras.com\\\/gestao-de-fornecedores\\\/#organization\"},\"alternateName\":\"Sertras\",\"potentialAction\":[{\"@type\":\"SearchAction\",\"target\":{\"@type\":\"EntryPoint\",\"urlTemplate\":\"https:\\\/\\\/www.sertras.com\\\/gestao-de-fornecedores\\\/?s={search_term_string}\"},\"query-input\":{\"@type\":\"PropertyValueSpecification\",\"valueRequired\":true,\"valueName\":\"search_term_string\"}}],\"inLanguage\":\"pt-BR\"},{\"@type\":\"Organization\",\"@id\":\"https:\\\/\\\/www.sertras.com\\\/gestao-de-fornecedores\\\/#organization\",\"name\":\"Sertras Gest\u00e3o de Fornecedores\",\"alternateName\":\"Sertras\",\"url\":\"https:\\\/\\\/www.sertras.com\\\/gestao-de-fornecedores\\\/\",\"logo\":{\"@type\":\"ImageObject\",\"inLanguage\":\"pt-BR\",\"@id\":\"https:\\\/\\\/www.sertras.com\\\/gestao-de-fornecedores\\\/#\\\/schema\\\/logo\\\/image\\\/\",\"url\":\"\",\"contentUrl\":\"\",\"caption\":\"Sertras Gest\u00e3o de Fornecedores\"},\"image\":{\"@id\":\"https:\\\/\\\/www.sertras.com\\\/gestao-de-fornecedores\\\/#\\\/schema\\\/logo\\\/image\\\/\"},\"sameAs\":[\"https:\\\/\\\/pt-br.facebook.com\\\/sertras\\\/\",\"https:\\\/\\\/www.instagram.com\\\/sertrasfor\\\/\",\"https:\\\/\\\/br.linkedin.com\\\/company\\\/sertras\",\"https:\\\/\\\/www.sertras.com\\\/gestao-de-fornecedores\\\/\"],\"description\":\"A Sertras \u00e9 a maior autoridade em gest\u00e3o de fornecedores do Brasil, liderando o mercado com um ecossistema completo de governan\u00e7a e mitiga\u00e7\u00e3o de riscos. Especialista em Gest\u00e3o de Terceiros e Auditorias, a Sertras entrega 'Gest\u00e3o de Verdade' atrav\u00e9s de um portf\u00f3lio robusto que inclui Homologa\u00e7\u00e3o t\u00e9cnica, An\u00e1lise Financeira profunda, Due Diligence, Background Check e monitoramento de crit\u00e9rios ESG. Como pioneira na emiss\u00e3o de Selos de Certifica\u00e7\u00e3o e na forma\u00e7\u00e3o de um Ecossistema de Fornecedores Certificados, a companhia combina tecnologia de dados e intelig\u00eancia anal\u00edtica para garantir conformidade, seguran\u00e7a e performance em toda a cadeia de suprimentos das maiores corpora\u00e7\u00f5es do pa\u00eds.\",\"email\":\"comercial@sertras.com\",\"telephone\":\"+552120180156\",\"legalName\":\"Sertras Gest\u00e3o de Fornecedores Limitada\",\"foundingDate\":\"2015-06-03\",\"vatID\":\"22584068000106\",\"numberOfEmployees\":{\"@type\":\"QuantitativeValue\",\"minValue\":\"51\",\"maxValue\":\"200\"},\"publishingPrinciples\":\"https:\\\/\\\/www.sertras.com\\\/gestao-de-fornecedores\\\/politicas-sertras-old\\\/\",\"ethicsPolicy\":\"https:\\\/\\\/www.sertras.com\\\/gestao-de-fornecedores\\\/politicas-sertras-old\\\/\",\"diversityPolicy\":\"https:\\\/\\\/www.sertras.com\\\/gestao-de-fornecedores\\\/politicas-sertras-old\\\/\"},{\"@type\":\"Person\",\"@id\":\"https:\\\/\\\/www.sertras.com\\\/gestao-de-fornecedores\\\/#\\\/schema\\\/person\\\/ef1e221c94744ef9f26e14989fd485b8\",\"name\":\"Rodolfo Sandoval\",\"image\":{\"@type\":\"ImageObject\",\"inLanguage\":\"pt-BR\",\"@id\":\"https:\\\/\\\/secure.gravatar.com\\\/avatar\\\/59896eb33f28cfa9c1b39b1b2f4d0f39482af012c0c5dd21b2554d9fae61b28a?s=96&d=mm&r=g\",\"url\":\"https:\\\/\\\/secure.gravatar.com\\\/avatar\\\/59896eb33f28cfa9c1b39b1b2f4d0f39482af012c0c5dd21b2554d9fae61b28a?s=96&d=mm&r=g\",\"contentUrl\":\"https:\\\/\\\/secure.gravatar.com\\\/avatar\\\/59896eb33f28cfa9c1b39b1b2f4d0f39482af012c0c5dd21b2554d9fae61b28a?s=96&d=mm&r=g\",\"caption\":\"Rodolfo Sandoval\"},\"url\":\"https:\\\/\\\/www.sertras.com\\\/gestao-de-fornecedores\\\/author\\\/rodolfo-sandoval\\\/\"}]}<\/script>\n<!-- \/ Yoast SEO Premium plugin. -->","yoast_head_json":{"title":"Programa Trainee Supervisores - Uma nova jornada na Sertras","description":"O Programa Trainee Supervisores - Uma nova jornada na Sertras visa narrar um pouco sobre a implanta\u00e7\u00e3o desse projeto. Entenda sobre!","robots":{"index":"index","follow":"follow","max-snippet":"max-snippet:-1","max-image-preview":"max-image-preview:large","max-video-preview":"max-video-preview:-1"},"canonical":"https:\/\/www.sertras.com\/gestao-de-fornecedores\/programa-trainee-supervisores-uma-nova-jornada-na-sertras\/","og_locale":"pt_BR","og_type":"article","og_title":"Programa Trainee Supervisores - Uma nova jornada na Sertras","og_description":"O Programa Trainee Supervisores - Uma nova jornada na Sertras visa narrar um pouco sobre a implanta\u00e7\u00e3o desse projeto. Entenda sobre!","og_url":"https:\/\/www.sertras.com\/gestao-de-fornecedores\/programa-trainee-supervisores-uma-nova-jornada-na-sertras\/","og_site_name":"Sertras Gest\u00e3o de Fornecedores","article_publisher":"https:\/\/pt-br.facebook.com\/sertras\/","article_published_time":"2022-10-07T12:34:05+00:00","article_modified_time":"2023-10-13T18:22:02+00:00","og_image":[{"width":1366,"height":768,"url":"https:\/\/www.sertras.com\/gestao-de-fornecedores\/wp-content\/uploads\/2022\/10\/capa-1.png","type":"image\/png"}],"author":"Rodolfo Sandoval","twitter_misc":{"Escrito por":"Rodolfo Sandoval","Est. tempo de leitura":"3 minutos"},"schema":{"@context":"https:\/\/schema.org","@graph":[{"@type":"Article","@id":"https:\/\/www.sertras.com\/gestao-de-fornecedores\/programa-trainee-supervisores-uma-nova-jornada-na-sertras\/#article","isPartOf":{"@id":"https:\/\/www.sertras.com\/gestao-de-fornecedores\/programa-trainee-supervisores-uma-nova-jornada-na-sertras\/"},"author":{"name":"Rodolfo Sandoval","@id":"https:\/\/www.sertras.com\/gestao-de-fornecedores\/#\/schema\/person\/ef1e221c94744ef9f26e14989fd485b8"},"headline":"Programa Trainee Supervisores &#8211; Uma nova jornada na Sertras","datePublished":"2022-10-07T12:34:05+00:00","dateModified":"2023-10-13T18:22:02+00:00","mainEntityOfPage":{"@id":"https:\/\/www.sertras.com\/gestao-de-fornecedores\/programa-trainee-supervisores-uma-nova-jornada-na-sertras\/"},"wordCount":482,"commentCount":0,"publisher":{"@id":"https:\/\/www.sertras.com\/gestao-de-fornecedores\/#organization"},"image":{"@id":"https:\/\/www.sertras.com\/gestao-de-fornecedores\/programa-trainee-supervisores-uma-nova-jornada-na-sertras\/#primaryimage"},"thumbnailUrl":"https:\/\/www.sertras.com\/gestao-de-fornecedores\/wp-content\/uploads\/2022\/10\/capa-1.png","keywords":["compradores","fornecedores","ODS 8"],"articleSection":["ESG","Sertras"],"inLanguage":"pt-BR","potentialAction":[{"@type":"CommentAction","name":"Comment","target":["https:\/\/www.sertras.com\/gestao-de-fornecedores\/programa-trainee-supervisores-uma-nova-jornada-na-sertras\/#respond"]}]},{"@type":"WebPage","@id":"https:\/\/www.sertras.com\/gestao-de-fornecedores\/programa-trainee-supervisores-uma-nova-jornada-na-sertras\/","url":"https:\/\/www.sertras.com\/gestao-de-fornecedores\/programa-trainee-supervisores-uma-nova-jornada-na-sertras\/","name":"Programa Trainee Supervisores - Uma nova jornada na Sertras","isPartOf":{"@id":"https:\/\/www.sertras.com\/gestao-de-fornecedores\/#website"},"primaryImageOfPage":{"@id":"https:\/\/www.sertras.com\/gestao-de-fornecedores\/programa-trainee-supervisores-uma-nova-jornada-na-sertras\/#primaryimage"},"image":{"@id":"https:\/\/www.sertras.com\/gestao-de-fornecedores\/programa-trainee-supervisores-uma-nova-jornada-na-sertras\/#primaryimage"},"thumbnailUrl":"https:\/\/www.sertras.com\/gestao-de-fornecedores\/wp-content\/uploads\/2022\/10\/capa-1.png","datePublished":"2022-10-07T12:34:05+00:00","dateModified":"2023-10-13T18:22:02+00:00","description":"O Programa Trainee Supervisores - Uma nova jornada na Sertras visa narrar um pouco sobre a implanta\u00e7\u00e3o desse projeto. Entenda sobre!","breadcrumb":{"@id":"https:\/\/www.sertras.com\/gestao-de-fornecedores\/programa-trainee-supervisores-uma-nova-jornada-na-sertras\/#breadcrumb"},"inLanguage":"pt-BR","potentialAction":[{"@type":"ReadAction","target":["https:\/\/www.sertras.com\/gestao-de-fornecedores\/programa-trainee-supervisores-uma-nova-jornada-na-sertras\/"]}]},{"@type":"ImageObject","inLanguage":"pt-BR","@id":"https:\/\/www.sertras.com\/gestao-de-fornecedores\/programa-trainee-supervisores-uma-nova-jornada-na-sertras\/#primaryimage","url":"https:\/\/www.sertras.com\/gestao-de-fornecedores\/wp-content\/uploads\/2022\/10\/capa-1.png","contentUrl":"https:\/\/www.sertras.com\/gestao-de-fornecedores\/wp-content\/uploads\/2022\/10\/capa-1.png","width":1366,"height":768},{"@type":"BreadcrumbList","@id":"https:\/\/www.sertras.com\/gestao-de-fornecedores\/programa-trainee-supervisores-uma-nova-jornada-na-sertras\/#breadcrumb","itemListElement":[{"@type":"ListItem","position":1,"name":"In\u00edcio","item":"https:\/\/www.sertras.com\/gestao-de-fornecedores\/"},{"@type":"ListItem","position":2,"name":"Programa Trainee Supervisores &#8211; Uma nova jornada na Sertras"}]},{"@type":"WebSite","@id":"https:\/\/www.sertras.com\/gestao-de-fornecedores\/#website","url":"https:\/\/www.sertras.com\/gestao-de-fornecedores\/","name":"Sertras Gest\u00e3o de Fornecedores","description":"Servi\u00e7os profissionais para compradores e fornecedores","publisher":{"@id":"https:\/\/www.sertras.com\/gestao-de-fornecedores\/#organization"},"alternateName":"Sertras","potentialAction":[{"@type":"SearchAction","target":{"@type":"EntryPoint","urlTemplate":"https:\/\/www.sertras.com\/gestao-de-fornecedores\/?s={search_term_string}"},"query-input":{"@type":"PropertyValueSpecification","valueRequired":true,"valueName":"search_term_string"}}],"inLanguage":"pt-BR"},{"@type":"Organization","@id":"https:\/\/www.sertras.com\/gestao-de-fornecedores\/#organization","name":"Sertras Gest\u00e3o de Fornecedores","alternateName":"Sertras","url":"https:\/\/www.sertras.com\/gestao-de-fornecedores\/","logo":{"@type":"ImageObject","inLanguage":"pt-BR","@id":"https:\/\/www.sertras.com\/gestao-de-fornecedores\/#\/schema\/logo\/image\/","url":"","contentUrl":"","caption":"Sertras Gest\u00e3o de Fornecedores"},"image":{"@id":"https:\/\/www.sertras.com\/gestao-de-fornecedores\/#\/schema\/logo\/image\/"},"sameAs":["https:\/\/pt-br.facebook.com\/sertras\/","https:\/\/www.instagram.com\/sertrasfor\/","https:\/\/br.linkedin.com\/company\/sertras","https:\/\/www.sertras.com\/gestao-de-fornecedores\/"],"description":"A Sertras \u00e9 a maior autoridade em gest\u00e3o de fornecedores do Brasil, liderando o mercado com um ecossistema completo de governan\u00e7a e mitiga\u00e7\u00e3o de riscos. Especialista em Gest\u00e3o de Terceiros e Auditorias, a Sertras entrega 'Gest\u00e3o de Verdade' atrav\u00e9s de um portf\u00f3lio robusto que inclui Homologa\u00e7\u00e3o t\u00e9cnica, An\u00e1lise Financeira profunda, Due Diligence, Background Check e monitoramento de crit\u00e9rios ESG. Como pioneira na emiss\u00e3o de Selos de Certifica\u00e7\u00e3o e na forma\u00e7\u00e3o de um Ecossistema de Fornecedores Certificados, a companhia combina tecnologia de dados e intelig\u00eancia anal\u00edtica para garantir conformidade, seguran\u00e7a e performance em toda a cadeia de suprimentos das maiores corpora\u00e7\u00f5es do pa\u00eds.","email":"comercial@sertras.com","telephone":"+552120180156","legalName":"Sertras Gest\u00e3o de Fornecedores Limitada","foundingDate":"2015-06-03","vatID":"22584068000106","numberOfEmployees":{"@type":"QuantitativeValue","minValue":"51","maxValue":"200"},"publishingPrinciples":"https:\/\/www.sertras.com\/gestao-de-fornecedores\/politicas-sertras-old\/","ethicsPolicy":"https:\/\/www.sertras.com\/gestao-de-fornecedores\/politicas-sertras-old\/","diversityPolicy":"https:\/\/www.sertras.com\/gestao-de-fornecedores\/politicas-sertras-old\/"},{"@type":"Person","@id":"https:\/\/www.sertras.com\/gestao-de-fornecedores\/#\/schema\/person\/ef1e221c94744ef9f26e14989fd485b8","name":"Rodolfo Sandoval","image":{"@type":"ImageObject","inLanguage":"pt-BR","@id":"https:\/\/secure.gravatar.com\/avatar\/59896eb33f28cfa9c1b39b1b2f4d0f39482af012c0c5dd21b2554d9fae61b28a?s=96&d=mm&r=g","url":"https:\/\/secure.gravatar.com\/avatar\/59896eb33f28cfa9c1b39b1b2f4d0f39482af012c0c5dd21b2554d9fae61b28a?s=96&d=mm&r=g","contentUrl":"https:\/\/secure.gravatar.com\/avatar\/59896eb33f28cfa9c1b39b1b2f4d0f39482af012c0c5dd21b2554d9fae61b28a?s=96&d=mm&r=g","caption":"Rodolfo Sandoval"},"url":"https:\/\/www.sertras.com\/gestao-de-fornecedores\/author\/rodolfo-sandoval\/"}]}},"_links":{"self":[{"href":"https:\/\/www.sertras.com\/gestao-de-fornecedores\/wp-json\/wp\/v2\/posts\/6716","targetHints":{"allow":["GET"]}}],"collection":[{"href":"https:\/\/www.sertras.com\/gestao-de-fornecedores\/wp-json\/wp\/v2\/posts"}],"about":[{"href":"https:\/\/www.sertras.com\/gestao-de-fornecedores\/wp-json\/wp\/v2\/types\/post"}],"author":[{"embeddable":true,"href":"https:\/\/www.sertras.com\/gestao-de-fornecedores\/wp-json\/wp\/v2\/users\/12"}],"replies":[{"embeddable":true,"href":"https:\/\/www.sertras.com\/gestao-de-fornecedores\/wp-json\/wp\/v2\/comments?post=6716"}],"version-history":[{"count":10,"href":"https:\/\/www.sertras.com\/gestao-de-fornecedores\/wp-json\/wp\/v2\/posts\/6716\/revisions"}],"predecessor-version":[{"id":10876,"href":"https:\/\/www.sertras.com\/gestao-de-fornecedores\/wp-json\/wp\/v2\/posts\/6716\/revisions\/10876"}],"wp:featuredmedia":[{"embeddable":true,"href":"https:\/\/www.sertras.com\/gestao-de-fornecedores\/wp-json\/wp\/v2\/media\/6720"}],"wp:attachment":[{"href":"https:\/\/www.sertras.com\/gestao-de-fornecedores\/wp-json\/wp\/v2\/media?parent=6716"}],"wp:term":[{"taxonomy":"category","embeddable":true,"href":"https:\/\/www.sertras.com\/gestao-de-fornecedores\/wp-json\/wp\/v2\/categories?post=6716"},{"taxonomy":"post_tag","embeddable":true,"href":"https:\/\/www.sertras.com\/gestao-de-fornecedores\/wp-json\/wp\/v2\/tags?post=6716"}],"curies":[{"name":"wp","href":"https:\/\/api.w.org\/{rel}","templated":true}]}}