{"id":7035,"date":"2022-11-11T08:07:00","date_gmt":"2022-11-11T11:07:00","guid":{"rendered":"https:\/\/www.sertras.com\/gestao-de-fornecedores\/?p=7035"},"modified":"2023-10-13T15:25:58","modified_gmt":"2023-10-13T18:25:58","slug":"nr-33-e-a-responsabilidade-das-partes-envolvidas","status":"publish","type":"post","link":"https:\/\/www.sertras.com\/gestao-de-fornecedores\/nr-33-e-a-responsabilidade-das-partes-envolvidas\/","title":{"rendered":"NR 33 e a responsabilidade das partes envolvidas"},"content":{"rendered":"\n<p class=\"has-dark-gray-color has-text-color\">A NR 33 \u2013 Seguran\u00e7a e Sa\u00fade no Trabalho em Espa\u00e7os Confinados tem como objetivo estabelecer requisitos para trabalhos em espa\u00e7os confinados. No entanto, ela define medidas de preven\u00e7\u00e3o, administrativas e pessoais, para capacita\u00e7\u00e3o em emerg\u00eancias com intuito de garantir a seguran\u00e7a e a sa\u00fade dos trabalhadores que interagem direta ou indiretamente com estes espa\u00e7os. Al\u00e9m disso, essa norma regulamentadora \u00e9 a primeira a prever a realiza\u00e7\u00e3o de avalia\u00e7\u00e3o dos fatores de riscos psicossociais.<\/p>\n\n\n\n<p class=\"has-dark-gray-color has-text-color\">Entretanto, \u00e9 importante ressaltar que considera-se espa\u00e7o confinado qualquer \u00e1rea ou ambiente que n\u00e3o seja projetado para ocupa\u00e7\u00e3o humana cont\u00ednua, que possui meios limitados de entrada e sa\u00edda, e s\u00e3o utilizados para armazenagem de material com potencial para afogar o trabalhador.<\/p>\n\n\n\n<p class=\"has-dark-gray-color has-text-color\">A seguir est\u00e3o algumas das atribui\u00e7\u00f5es mais importantes e fundamentais para o cumprimento da referida norma:<\/p>\n\n\n\n<h5 class=\"wp-block-heading has-dark-gray-color has-text-color\"><strong>Responsabilidades para empresa:<\/strong><\/h5>\n\n\n\n<ul class=\"has-dark-gray-color has-text-color wp-block-list\">\n<li>Assegurar que o gerenciamento de riscos ocupacionais contemple as medidas de preven\u00e7\u00e3o para garantir a seguran\u00e7a e a sa\u00fade dos trabalhadores que interagem direta ou indiretamente com os espa\u00e7os confinados;<\/li>\n\n\n\n<li>Providenciar a sinaliza\u00e7\u00e3o de seguran\u00e7a e bloqueio dos espa\u00e7os confinados para evitar a entrada de pessoas n\u00e3o autorizadas; e<\/li>\n\n\n\n<li>Providenciar a capacita\u00e7\u00e3o inicial e peri\u00f3dica dos supervisores de entrada, vigias, trabalhadores autorizados e da equipe de emerg\u00eancia e salvamento.<\/li>\n<\/ul>\n\n\n\n<h5 class=\"wp-block-heading has-dark-gray-color has-text-color\"><strong>Fun\u00e7\u00f5es mais relevantes submetidas ao respons\u00e1vel t\u00e9cnico como:<\/strong><\/h5>\n\n\n\n<ul class=\"has-dark-gray-color has-text-color wp-block-list\">\n<li>Elaborar os procedimentos de seguran\u00e7a relacionados ao espa\u00e7o confinado;<\/li>\n\n\n\n<li>Indicar os equipamentos para trabalho em espa\u00e7os confinados;<\/li>\n\n\n\n<li>Elaborar o plano de resgate; e<\/li>\n\n\n\n<li>Coordenar a capacita\u00e7\u00e3o inicial e peri\u00f3dica dos supervisores de entrada, vigias, trabalhadores autorizados e da equipe de emerg\u00eancia e salvamento.<\/li>\n<\/ul>\n\n\n\n<h5 class=\"wp-block-heading has-dark-gray-color has-text-color\"><strong>Principais atribui\u00e7\u00f5es do supervisor de entrada:<\/strong><\/h5>\n\n\n\n<ul class=\"has-dark-gray-color has-text-color wp-block-list\">\n<li>Emitir a PET (Permiss\u00e3o de Entrada e Trabalho) antes do in\u00edcio das atividades;<\/li>\n\n\n\n<li>Implementar os procedimentos contidos na PET;<\/li>\n\n\n\n<li>Assegurar que os servi\u00e7os de emerg\u00eancia e salvamento estejam dispon\u00edveis e que os meios para os acionar estejam operantes;<\/li>\n\n\n\n<li>Cancelar os procedimentos de entrada e trabalho, quando necess\u00e1rio;<\/li>\n\n\n\n<li>Encerrar a PET ap\u00f3s o t\u00e9rmino dos servi\u00e7os;<\/li>\n\n\n\n<li>Desempenhar a fun\u00e7\u00e3o de vigia, quando previsto na PET; e<\/li>\n\n\n\n<li>Assegurar que o vigia esteja operante durante a realiza\u00e7\u00e3o dos trabalhos em espa\u00e7o confinado.<\/li>\n<\/ul>\n\n\n\n<h5 class=\"wp-block-heading has-dark-gray-color has-text-color\"><strong>Responsabilidades principais do Vigia:<\/strong><\/h5>\n\n\n\n<ul class=\"has-dark-gray-color has-text-color wp-block-list\">\n<li>Permitir somente a entrada de trabalhadores autorizados em espa\u00e7os confinados relacionados na PET;<\/li>\n\n\n\n<li>Manter continuamente o controle do n\u00famero de trabalhadores autorizados a entrar no espa\u00e7o confinado e assegurar que todos saiam ao t\u00e9rmino da atividade;<\/li>\n\n\n\n<li>Permanecer fora do espa\u00e7o confinado, junto \u00e0 entrada, em contato ou comunica\u00e7\u00e3o permanente com os trabalhadores autorizados;<\/li>\n\n\n\n<li>Ordenar o abandono do espa\u00e7o confinado sempre que reconhecer algum sinal de alarme, perigo, sintoma, queixa, condi\u00e7\u00e3o proibida, acidente, situa\u00e7\u00e3o n\u00e3o prevista ou quando n\u00e3o puder desempenhar efetivamente suas tarefas, nem ser substitu\u00eddo por outro vigia;<\/li>\n\n\n\n<li>Comunicar ao supervisor da entrada de qualquer evento n\u00e3o previsto ou estranho \u00e0 opera\u00e7\u00e3o de vigil\u00e2ncia, inclusive quando da ordena\u00e7\u00e3o do abandono.<\/li>\n<\/ul>\n\n\n\n<h5 class=\"wp-block-heading has-dark-gray-color has-text-color\"><strong>Atribui\u00e7\u00f5es fundamentais aos colaboradores autorizados:<\/strong><\/h5>\n\n\n\n<ul class=\"has-dark-gray-color has-text-color wp-block-list\">\n<li>Utilizar adequadamente os meios e equipamentos fornecidos pela organiza\u00e7\u00e3o; e<\/li>\n\n\n\n<li>Comunicar ao vigia ou supervisor de entrada as situa\u00e7\u00f5es de risco para seguran\u00e7a e sa\u00fade dos trabalhadores e terceiros, que sejam do seu conhecimento.<\/li>\n<\/ul>\n\n\n\n<h5 class=\"wp-block-heading has-dark-gray-color has-text-color\"><strong>Principais atribui\u00e7\u00f5es da equipe de emerg\u00eancia:<\/strong><\/h5>\n\n\n\n<ul class=\"has-dark-gray-color has-text-color wp-block-list\">\n<li>Assegurar que as medidas de salvamento e primeiros socorros estejam operantes e execut\u00e1-las em caso de emerg\u00eancia; e<\/li>\n\n\n\n<li>Participar do exerc\u00edcio de simulado anual de salvamento que contemple os poss\u00edveis cen\u00e1rios de acidentes em espa\u00e7os confinados, conforme previsto no plano de resgate.<\/li>\n<\/ul>\n\n\n\n<p class=\"has-dark-gray-color has-text-color\">Quer conhecer as demais normas regulamentadoras?<\/p>\n\n\n\n<div class=\"wp-block-buttons is-layout-flex wp-block-buttons-is-layout-flex\">\n<div class=\"wp-block-button\"><a class=\"wp-block-button__link wp-element-button\" href=\"\/gestao-de-fornecedores?page_id=4738\" target=\"_blank\" rel=\"noreferrer noopener\">Acesse o Blog da Sertras<\/a><\/div>\n<\/div>\n\n\n\n<div style=\"height:29px\" aria-hidden=\"true\" class=\"wp-block-spacer\"><\/div>\n\n\n\n<h5 class=\"wp-block-heading has-dark-gray-color has-text-color\"><strong>Refer\u00eancia Bibliogr\u00e1fica:<\/strong><\/h5>\n\n\n\n<p class=\"has-dark-gray-color has-text-color\">NR 33 \u2013 Minist\u00e9rio do Trabalho e Previd\u00eancia &#8211; Guia Trabalhista<\/p>\n\n\n\n<figure class=\"wp-block-image size-large is-resized\"><img fetchpriority=\"high\" decoding=\"async\" width=\"1024\" height=\"366\" src=\"https:\/\/www.sertras.com\/gestao-de-fornecedores\/wp-content\/uploads\/2022\/11\/assinatura-Aline-Vieira-1024x366.png\" alt=\"\" class=\"wp-image-7040\" style=\"width:659px;height:235px\" srcset=\"https:\/\/www.sertras.com\/gestao-de-fornecedores\/wp-content\/uploads\/2022\/11\/assinatura-Aline-Vieira-1024x366.png 1024w, https:\/\/www.sertras.com\/gestao-de-fornecedores\/wp-content\/uploads\/2022\/11\/assinatura-Aline-Vieira-300x107.png 300w, https:\/\/www.sertras.com\/gestao-de-fornecedores\/wp-content\/uploads\/2022\/11\/assinatura-Aline-Vieira-768x274.png 768w, https:\/\/www.sertras.com\/gestao-de-fornecedores\/wp-content\/uploads\/2022\/11\/assinatura-Aline-Vieira-1536x549.png 1536w, https:\/\/www.sertras.com\/gestao-de-fornecedores\/wp-content\/uploads\/2022\/11\/assinatura-Aline-Vieira-2048x731.png 2048w\" sizes=\"(max-width: 1024px) 100vw, 1024px\" \/><\/figure>\n\n\n\n<div class=\"wp-block-buttons is-layout-flex wp-block-buttons-is-layout-flex\">\n<div class=\"wp-block-button\"><a class=\"wp-block-button__link wp-element-button\" href=\"https:\/\/www.linkedin.com\/in\/aline-vieira-574269226\" target=\"_blank\" rel=\"noreferrer noopener\">Linkedin Aline<\/a><\/div>\n<\/div>\n","protected":false},"excerpt":{"rendered":"<p>A NR 33 \u2013 Seguran\u00e7a e Sa\u00fade no Trabalho em Espa\u00e7os Confinados tem como objetivo estabelecer requisitos para trabalhos em espa\u00e7os confinados. No entanto, ela define medidas de preven\u00e7\u00e3o, administrativas e pessoais, para capacita\u00e7\u00e3o em emerg\u00eancias com intuito de garantir a seguran\u00e7a e a sa\u00fade dos trabalhadores que interagem direta ou indiretamente com estes espa\u00e7os.&hellip;<\/p>\n","protected":false},"author":12,"featured_media":7044,"comment_status":"open","ping_status":"open","sticky":false,"template":"","format":"standard","meta":{"footnotes":""},"categories":[142],"tags":[152,156,183,166],"class_list":["post-7035","post","type-post","status-publish","format-standard","has-post-thumbnail","hentry","category-gestao-de-terceiros","tag-compradores","tag-gestao-de-fornecedores","tag-nr-33","tag-saude-e-seguranca","category-142","description-off"],"yoast_head":"<!-- This site is optimized with the Yoast SEO Premium plugin v27.3 (Yoast SEO v27.3) - https:\/\/yoast.com\/product\/yoast-seo-premium-wordpress\/ -->\n<title>NR 33 e a responsabilidade das partes envolvidas<\/title>\n<meta name=\"description\" content=\"NR 33 e a responsabilidade das partes envolvidas. Acesse o material completo no Blog da Sertras e entenda mais sobre.\" \/>\n<meta name=\"robots\" content=\"index, follow, max-snippet:-1, max-image-preview:large, max-video-preview:-1\" \/>\n<link rel=\"canonical\" href=\"https:\/\/www.sertras.com\/gestao-de-fornecedores\/nr-33-e-a-responsabilidade-das-partes-envolvidas\/\" \/>\n<meta property=\"og:locale\" content=\"pt_BR\" \/>\n<meta property=\"og:type\" content=\"article\" \/>\n<meta property=\"og:title\" content=\"NR 33 e a responsabilidade das partes envolvidas\" \/>\n<meta property=\"og:description\" content=\"NR 33 e a responsabilidade das partes envolvidas. Acesse o material completo no Blog da Sertras e entenda mais sobre.\" \/>\n<meta property=\"og:url\" content=\"https:\/\/www.sertras.com\/gestao-de-fornecedores\/nr-33-e-a-responsabilidade-das-partes-envolvidas\/\" \/>\n<meta property=\"og:site_name\" content=\"Sertras Gest\u00e3o de Fornecedores\" \/>\n<meta property=\"article:publisher\" content=\"https:\/\/pt-br.facebook.com\/sertras\/\" \/>\n<meta property=\"article:published_time\" content=\"2022-11-11T11:07:00+00:00\" \/>\n<meta property=\"article:modified_time\" content=\"2023-10-13T18:25:58+00:00\" \/>\n<meta property=\"og:image\" content=\"https:\/\/www.sertras.com\/gestao-de-fornecedores\/wp-content\/uploads\/2022\/11\/capa-1024x576.png\" \/>\n\t<meta property=\"og:image:width\" content=\"1024\" \/>\n\t<meta property=\"og:image:height\" content=\"576\" \/>\n\t<meta property=\"og:image:type\" content=\"image\/png\" \/>\n<meta name=\"author\" content=\"Rodolfo Sandoval\" \/>\n<meta name=\"twitter:label1\" content=\"Escrito por\" \/>\n\t<meta name=\"twitter:data1\" content=\"Rodolfo Sandoval\" \/>\n\t<meta name=\"twitter:label2\" content=\"Est. tempo de leitura\" \/>\n\t<meta name=\"twitter:data2\" content=\"4 minutos\" \/>\n<script type=\"application\/ld+json\" class=\"yoast-schema-graph\">{\"@context\":\"https:\\\/\\\/schema.org\",\"@graph\":[{\"@type\":\"Article\",\"@id\":\"https:\\\/\\\/www.sertras.com\\\/gestao-de-fornecedores\\\/nr-33-e-a-responsabilidade-das-partes-envolvidas\\\/#article\",\"isPartOf\":{\"@id\":\"https:\\\/\\\/www.sertras.com\\\/gestao-de-fornecedores\\\/nr-33-e-a-responsabilidade-das-partes-envolvidas\\\/\"},\"author\":{\"name\":\"Rodolfo Sandoval\",\"@id\":\"https:\\\/\\\/www.sertras.com\\\/gestao-de-fornecedores\\\/#\\\/schema\\\/person\\\/ef1e221c94744ef9f26e14989fd485b8\"},\"headline\":\"NR 33 e a responsabilidade das partes envolvidas\",\"datePublished\":\"2022-11-11T11:07:00+00:00\",\"dateModified\":\"2023-10-13T18:25:58+00:00\",\"mainEntityOfPage\":{\"@id\":\"https:\\\/\\\/www.sertras.com\\\/gestao-de-fornecedores\\\/nr-33-e-a-responsabilidade-das-partes-envolvidas\\\/\"},\"wordCount\":653,\"commentCount\":0,\"publisher\":{\"@id\":\"https:\\\/\\\/www.sertras.com\\\/gestao-de-fornecedores\\\/#organization\"},\"image\":{\"@id\":\"https:\\\/\\\/www.sertras.com\\\/gestao-de-fornecedores\\\/nr-33-e-a-responsabilidade-das-partes-envolvidas\\\/#primaryimage\"},\"thumbnailUrl\":\"https:\\\/\\\/www.sertras.com\\\/gestao-de-fornecedores\\\/wp-content\\\/uploads\\\/2022\\\/11\\\/capa.png\",\"keywords\":[\"compradores\",\"gest\u00e3o de fornecedores\",\"NR 33\",\"Saude e Seguran\u00e7a\"],\"articleSection\":[\"Gest\u00e3o de Terceiros\"],\"inLanguage\":\"pt-BR\",\"potentialAction\":[{\"@type\":\"CommentAction\",\"name\":\"Comment\",\"target\":[\"https:\\\/\\\/www.sertras.com\\\/gestao-de-fornecedores\\\/nr-33-e-a-responsabilidade-das-partes-envolvidas\\\/#respond\"]}]},{\"@type\":\"WebPage\",\"@id\":\"https:\\\/\\\/www.sertras.com\\\/gestao-de-fornecedores\\\/nr-33-e-a-responsabilidade-das-partes-envolvidas\\\/\",\"url\":\"https:\\\/\\\/www.sertras.com\\\/gestao-de-fornecedores\\\/nr-33-e-a-responsabilidade-das-partes-envolvidas\\\/\",\"name\":\"NR 33 e a responsabilidade das partes envolvidas\",\"isPartOf\":{\"@id\":\"https:\\\/\\\/www.sertras.com\\\/gestao-de-fornecedores\\\/#website\"},\"primaryImageOfPage\":{\"@id\":\"https:\\\/\\\/www.sertras.com\\\/gestao-de-fornecedores\\\/nr-33-e-a-responsabilidade-das-partes-envolvidas\\\/#primaryimage\"},\"image\":{\"@id\":\"https:\\\/\\\/www.sertras.com\\\/gestao-de-fornecedores\\\/nr-33-e-a-responsabilidade-das-partes-envolvidas\\\/#primaryimage\"},\"thumbnailUrl\":\"https:\\\/\\\/www.sertras.com\\\/gestao-de-fornecedores\\\/wp-content\\\/uploads\\\/2022\\\/11\\\/capa.png\",\"datePublished\":\"2022-11-11T11:07:00+00:00\",\"dateModified\":\"2023-10-13T18:25:58+00:00\",\"description\":\"NR 33 e a responsabilidade das partes envolvidas. Acesse o material completo no Blog da Sertras e entenda mais sobre.\",\"breadcrumb\":{\"@id\":\"https:\\\/\\\/www.sertras.com\\\/gestao-de-fornecedores\\\/nr-33-e-a-responsabilidade-das-partes-envolvidas\\\/#breadcrumb\"},\"inLanguage\":\"pt-BR\",\"potentialAction\":[{\"@type\":\"ReadAction\",\"target\":[\"https:\\\/\\\/www.sertras.com\\\/gestao-de-fornecedores\\\/nr-33-e-a-responsabilidade-das-partes-envolvidas\\\/\"]}]},{\"@type\":\"ImageObject\",\"inLanguage\":\"pt-BR\",\"@id\":\"https:\\\/\\\/www.sertras.com\\\/gestao-de-fornecedores\\\/nr-33-e-a-responsabilidade-das-partes-envolvidas\\\/#primaryimage\",\"url\":\"https:\\\/\\\/www.sertras.com\\\/gestao-de-fornecedores\\\/wp-content\\\/uploads\\\/2022\\\/11\\\/capa.png\",\"contentUrl\":\"https:\\\/\\\/www.sertras.com\\\/gestao-de-fornecedores\\\/wp-content\\\/uploads\\\/2022\\\/11\\\/capa.png\",\"width\":1920,\"height\":1080},{\"@type\":\"BreadcrumbList\",\"@id\":\"https:\\\/\\\/www.sertras.com\\\/gestao-de-fornecedores\\\/nr-33-e-a-responsabilidade-das-partes-envolvidas\\\/#breadcrumb\",\"itemListElement\":[{\"@type\":\"ListItem\",\"position\":1,\"name\":\"In\u00edcio\",\"item\":\"https:\\\/\\\/www.sertras.com\\\/gestao-de-fornecedores\\\/\"},{\"@type\":\"ListItem\",\"position\":2,\"name\":\"NR 33 e a responsabilidade das partes envolvidas\"}]},{\"@type\":\"WebSite\",\"@id\":\"https:\\\/\\\/www.sertras.com\\\/gestao-de-fornecedores\\\/#website\",\"url\":\"https:\\\/\\\/www.sertras.com\\\/gestao-de-fornecedores\\\/\",\"name\":\"Sertras Gest\u00e3o de Fornecedores\",\"description\":\"Servi\u00e7os profissionais para compradores e fornecedores\",\"publisher\":{\"@id\":\"https:\\\/\\\/www.sertras.com\\\/gestao-de-fornecedores\\\/#organization\"},\"alternateName\":\"Sertras\",\"potentialAction\":[{\"@type\":\"SearchAction\",\"target\":{\"@type\":\"EntryPoint\",\"urlTemplate\":\"https:\\\/\\\/www.sertras.com\\\/gestao-de-fornecedores\\\/?s={search_term_string}\"},\"query-input\":{\"@type\":\"PropertyValueSpecification\",\"valueRequired\":true,\"valueName\":\"search_term_string\"}}],\"inLanguage\":\"pt-BR\"},{\"@type\":\"Organization\",\"@id\":\"https:\\\/\\\/www.sertras.com\\\/gestao-de-fornecedores\\\/#organization\",\"name\":\"Sertras Gest\u00e3o de Fornecedores\",\"alternateName\":\"Sertras\",\"url\":\"https:\\\/\\\/www.sertras.com\\\/gestao-de-fornecedores\\\/\",\"logo\":{\"@type\":\"ImageObject\",\"inLanguage\":\"pt-BR\",\"@id\":\"https:\\\/\\\/www.sertras.com\\\/gestao-de-fornecedores\\\/#\\\/schema\\\/logo\\\/image\\\/\",\"url\":\"\",\"contentUrl\":\"\",\"caption\":\"Sertras Gest\u00e3o de Fornecedores\"},\"image\":{\"@id\":\"https:\\\/\\\/www.sertras.com\\\/gestao-de-fornecedores\\\/#\\\/schema\\\/logo\\\/image\\\/\"},\"sameAs\":[\"https:\\\/\\\/pt-br.facebook.com\\\/sertras\\\/\",\"https:\\\/\\\/www.instagram.com\\\/sertrasfor\\\/\",\"https:\\\/\\\/br.linkedin.com\\\/company\\\/sertras\",\"https:\\\/\\\/www.sertras.com\\\/gestao-de-fornecedores\\\/\"],\"description\":\"A Sertras \u00e9 a maior autoridade em gest\u00e3o de fornecedores do Brasil, liderando o mercado com um ecossistema completo de governan\u00e7a e mitiga\u00e7\u00e3o de riscos. Especialista em Gest\u00e3o de Terceiros e Auditorias, a Sertras entrega 'Gest\u00e3o de Verdade' atrav\u00e9s de um portf\u00f3lio robusto que inclui Homologa\u00e7\u00e3o t\u00e9cnica, An\u00e1lise Financeira profunda, Due Diligence, Background Check e monitoramento de crit\u00e9rios ESG. Como pioneira na emiss\u00e3o de Selos de Certifica\u00e7\u00e3o e na forma\u00e7\u00e3o de um Ecossistema de Fornecedores Certificados, a companhia combina tecnologia de dados e intelig\u00eancia anal\u00edtica para garantir conformidade, seguran\u00e7a e performance em toda a cadeia de suprimentos das maiores corpora\u00e7\u00f5es do pa\u00eds.\",\"email\":\"comercial@sertras.com\",\"telephone\":\"+552120180156\",\"legalName\":\"Sertras Gest\u00e3o de Fornecedores Limitada\",\"foundingDate\":\"2015-06-03\",\"vatID\":\"22584068000106\",\"numberOfEmployees\":{\"@type\":\"QuantitativeValue\",\"minValue\":\"51\",\"maxValue\":\"200\"},\"publishingPrinciples\":\"https:\\\/\\\/www.sertras.com\\\/gestao-de-fornecedores\\\/politicas-sertras-old\\\/\",\"ethicsPolicy\":\"https:\\\/\\\/www.sertras.com\\\/gestao-de-fornecedores\\\/politicas-sertras-old\\\/\",\"diversityPolicy\":\"https:\\\/\\\/www.sertras.com\\\/gestao-de-fornecedores\\\/politicas-sertras-old\\\/\"},{\"@type\":\"Person\",\"@id\":\"https:\\\/\\\/www.sertras.com\\\/gestao-de-fornecedores\\\/#\\\/schema\\\/person\\\/ef1e221c94744ef9f26e14989fd485b8\",\"name\":\"Rodolfo Sandoval\",\"image\":{\"@type\":\"ImageObject\",\"inLanguage\":\"pt-BR\",\"@id\":\"https:\\\/\\\/secure.gravatar.com\\\/avatar\\\/59896eb33f28cfa9c1b39b1b2f4d0f39482af012c0c5dd21b2554d9fae61b28a?s=96&d=mm&r=g\",\"url\":\"https:\\\/\\\/secure.gravatar.com\\\/avatar\\\/59896eb33f28cfa9c1b39b1b2f4d0f39482af012c0c5dd21b2554d9fae61b28a?s=96&d=mm&r=g\",\"contentUrl\":\"https:\\\/\\\/secure.gravatar.com\\\/avatar\\\/59896eb33f28cfa9c1b39b1b2f4d0f39482af012c0c5dd21b2554d9fae61b28a?s=96&d=mm&r=g\",\"caption\":\"Rodolfo Sandoval\"},\"url\":\"https:\\\/\\\/www.sertras.com\\\/gestao-de-fornecedores\\\/author\\\/rodolfo-sandoval\\\/\"}]}<\/script>\n<!-- \/ Yoast SEO Premium plugin. -->","yoast_head_json":{"title":"NR 33 e a responsabilidade das partes envolvidas","description":"NR 33 e a responsabilidade das partes envolvidas. Acesse o material completo no Blog da Sertras e entenda mais sobre.","robots":{"index":"index","follow":"follow","max-snippet":"max-snippet:-1","max-image-preview":"max-image-preview:large","max-video-preview":"max-video-preview:-1"},"canonical":"https:\/\/www.sertras.com\/gestao-de-fornecedores\/nr-33-e-a-responsabilidade-das-partes-envolvidas\/","og_locale":"pt_BR","og_type":"article","og_title":"NR 33 e a responsabilidade das partes envolvidas","og_description":"NR 33 e a responsabilidade das partes envolvidas. Acesse o material completo no Blog da Sertras e entenda mais sobre.","og_url":"https:\/\/www.sertras.com\/gestao-de-fornecedores\/nr-33-e-a-responsabilidade-das-partes-envolvidas\/","og_site_name":"Sertras Gest\u00e3o de Fornecedores","article_publisher":"https:\/\/pt-br.facebook.com\/sertras\/","article_published_time":"2022-11-11T11:07:00+00:00","article_modified_time":"2023-10-13T18:25:58+00:00","og_image":[{"width":1024,"height":576,"url":"https:\/\/www.sertras.com\/gestao-de-fornecedores\/wp-content\/uploads\/2022\/11\/capa-1024x576.png","type":"image\/png"}],"author":"Rodolfo Sandoval","twitter_misc":{"Escrito por":"Rodolfo Sandoval","Est. tempo de leitura":"4 minutos"},"schema":{"@context":"https:\/\/schema.org","@graph":[{"@type":"Article","@id":"https:\/\/www.sertras.com\/gestao-de-fornecedores\/nr-33-e-a-responsabilidade-das-partes-envolvidas\/#article","isPartOf":{"@id":"https:\/\/www.sertras.com\/gestao-de-fornecedores\/nr-33-e-a-responsabilidade-das-partes-envolvidas\/"},"author":{"name":"Rodolfo Sandoval","@id":"https:\/\/www.sertras.com\/gestao-de-fornecedores\/#\/schema\/person\/ef1e221c94744ef9f26e14989fd485b8"},"headline":"NR 33 e a responsabilidade das partes envolvidas","datePublished":"2022-11-11T11:07:00+00:00","dateModified":"2023-10-13T18:25:58+00:00","mainEntityOfPage":{"@id":"https:\/\/www.sertras.com\/gestao-de-fornecedores\/nr-33-e-a-responsabilidade-das-partes-envolvidas\/"},"wordCount":653,"commentCount":0,"publisher":{"@id":"https:\/\/www.sertras.com\/gestao-de-fornecedores\/#organization"},"image":{"@id":"https:\/\/www.sertras.com\/gestao-de-fornecedores\/nr-33-e-a-responsabilidade-das-partes-envolvidas\/#primaryimage"},"thumbnailUrl":"https:\/\/www.sertras.com\/gestao-de-fornecedores\/wp-content\/uploads\/2022\/11\/capa.png","keywords":["compradores","gest\u00e3o de fornecedores","NR 33","Saude e Seguran\u00e7a"],"articleSection":["Gest\u00e3o de Terceiros"],"inLanguage":"pt-BR","potentialAction":[{"@type":"CommentAction","name":"Comment","target":["https:\/\/www.sertras.com\/gestao-de-fornecedores\/nr-33-e-a-responsabilidade-das-partes-envolvidas\/#respond"]}]},{"@type":"WebPage","@id":"https:\/\/www.sertras.com\/gestao-de-fornecedores\/nr-33-e-a-responsabilidade-das-partes-envolvidas\/","url":"https:\/\/www.sertras.com\/gestao-de-fornecedores\/nr-33-e-a-responsabilidade-das-partes-envolvidas\/","name":"NR 33 e a responsabilidade das partes envolvidas","isPartOf":{"@id":"https:\/\/www.sertras.com\/gestao-de-fornecedores\/#website"},"primaryImageOfPage":{"@id":"https:\/\/www.sertras.com\/gestao-de-fornecedores\/nr-33-e-a-responsabilidade-das-partes-envolvidas\/#primaryimage"},"image":{"@id":"https:\/\/www.sertras.com\/gestao-de-fornecedores\/nr-33-e-a-responsabilidade-das-partes-envolvidas\/#primaryimage"},"thumbnailUrl":"https:\/\/www.sertras.com\/gestao-de-fornecedores\/wp-content\/uploads\/2022\/11\/capa.png","datePublished":"2022-11-11T11:07:00+00:00","dateModified":"2023-10-13T18:25:58+00:00","description":"NR 33 e a responsabilidade das partes envolvidas. Acesse o material completo no Blog da Sertras e entenda mais sobre.","breadcrumb":{"@id":"https:\/\/www.sertras.com\/gestao-de-fornecedores\/nr-33-e-a-responsabilidade-das-partes-envolvidas\/#breadcrumb"},"inLanguage":"pt-BR","potentialAction":[{"@type":"ReadAction","target":["https:\/\/www.sertras.com\/gestao-de-fornecedores\/nr-33-e-a-responsabilidade-das-partes-envolvidas\/"]}]},{"@type":"ImageObject","inLanguage":"pt-BR","@id":"https:\/\/www.sertras.com\/gestao-de-fornecedores\/nr-33-e-a-responsabilidade-das-partes-envolvidas\/#primaryimage","url":"https:\/\/www.sertras.com\/gestao-de-fornecedores\/wp-content\/uploads\/2022\/11\/capa.png","contentUrl":"https:\/\/www.sertras.com\/gestao-de-fornecedores\/wp-content\/uploads\/2022\/11\/capa.png","width":1920,"height":1080},{"@type":"BreadcrumbList","@id":"https:\/\/www.sertras.com\/gestao-de-fornecedores\/nr-33-e-a-responsabilidade-das-partes-envolvidas\/#breadcrumb","itemListElement":[{"@type":"ListItem","position":1,"name":"In\u00edcio","item":"https:\/\/www.sertras.com\/gestao-de-fornecedores\/"},{"@type":"ListItem","position":2,"name":"NR 33 e a responsabilidade das partes envolvidas"}]},{"@type":"WebSite","@id":"https:\/\/www.sertras.com\/gestao-de-fornecedores\/#website","url":"https:\/\/www.sertras.com\/gestao-de-fornecedores\/","name":"Sertras Gest\u00e3o de Fornecedores","description":"Servi\u00e7os profissionais para compradores e fornecedores","publisher":{"@id":"https:\/\/www.sertras.com\/gestao-de-fornecedores\/#organization"},"alternateName":"Sertras","potentialAction":[{"@type":"SearchAction","target":{"@type":"EntryPoint","urlTemplate":"https:\/\/www.sertras.com\/gestao-de-fornecedores\/?s={search_term_string}"},"query-input":{"@type":"PropertyValueSpecification","valueRequired":true,"valueName":"search_term_string"}}],"inLanguage":"pt-BR"},{"@type":"Organization","@id":"https:\/\/www.sertras.com\/gestao-de-fornecedores\/#organization","name":"Sertras Gest\u00e3o de Fornecedores","alternateName":"Sertras","url":"https:\/\/www.sertras.com\/gestao-de-fornecedores\/","logo":{"@type":"ImageObject","inLanguage":"pt-BR","@id":"https:\/\/www.sertras.com\/gestao-de-fornecedores\/#\/schema\/logo\/image\/","url":"","contentUrl":"","caption":"Sertras Gest\u00e3o de Fornecedores"},"image":{"@id":"https:\/\/www.sertras.com\/gestao-de-fornecedores\/#\/schema\/logo\/image\/"},"sameAs":["https:\/\/pt-br.facebook.com\/sertras\/","https:\/\/www.instagram.com\/sertrasfor\/","https:\/\/br.linkedin.com\/company\/sertras","https:\/\/www.sertras.com\/gestao-de-fornecedores\/"],"description":"A Sertras \u00e9 a maior autoridade em gest\u00e3o de fornecedores do Brasil, liderando o mercado com um ecossistema completo de governan\u00e7a e mitiga\u00e7\u00e3o de riscos. Especialista em Gest\u00e3o de Terceiros e Auditorias, a Sertras entrega 'Gest\u00e3o de Verdade' atrav\u00e9s de um portf\u00f3lio robusto que inclui Homologa\u00e7\u00e3o t\u00e9cnica, An\u00e1lise Financeira profunda, Due Diligence, Background Check e monitoramento de crit\u00e9rios ESG. Como pioneira na emiss\u00e3o de Selos de Certifica\u00e7\u00e3o e na forma\u00e7\u00e3o de um Ecossistema de Fornecedores Certificados, a companhia combina tecnologia de dados e intelig\u00eancia anal\u00edtica para garantir conformidade, seguran\u00e7a e performance em toda a cadeia de suprimentos das maiores corpora\u00e7\u00f5es do pa\u00eds.","email":"comercial@sertras.com","telephone":"+552120180156","legalName":"Sertras Gest\u00e3o de Fornecedores Limitada","foundingDate":"2015-06-03","vatID":"22584068000106","numberOfEmployees":{"@type":"QuantitativeValue","minValue":"51","maxValue":"200"},"publishingPrinciples":"https:\/\/www.sertras.com\/gestao-de-fornecedores\/politicas-sertras-old\/","ethicsPolicy":"https:\/\/www.sertras.com\/gestao-de-fornecedores\/politicas-sertras-old\/","diversityPolicy":"https:\/\/www.sertras.com\/gestao-de-fornecedores\/politicas-sertras-old\/"},{"@type":"Person","@id":"https:\/\/www.sertras.com\/gestao-de-fornecedores\/#\/schema\/person\/ef1e221c94744ef9f26e14989fd485b8","name":"Rodolfo Sandoval","image":{"@type":"ImageObject","inLanguage":"pt-BR","@id":"https:\/\/secure.gravatar.com\/avatar\/59896eb33f28cfa9c1b39b1b2f4d0f39482af012c0c5dd21b2554d9fae61b28a?s=96&d=mm&r=g","url":"https:\/\/secure.gravatar.com\/avatar\/59896eb33f28cfa9c1b39b1b2f4d0f39482af012c0c5dd21b2554d9fae61b28a?s=96&d=mm&r=g","contentUrl":"https:\/\/secure.gravatar.com\/avatar\/59896eb33f28cfa9c1b39b1b2f4d0f39482af012c0c5dd21b2554d9fae61b28a?s=96&d=mm&r=g","caption":"Rodolfo Sandoval"},"url":"https:\/\/www.sertras.com\/gestao-de-fornecedores\/author\/rodolfo-sandoval\/"}]}},"_links":{"self":[{"href":"https:\/\/www.sertras.com\/gestao-de-fornecedores\/wp-json\/wp\/v2\/posts\/7035","targetHints":{"allow":["GET"]}}],"collection":[{"href":"https:\/\/www.sertras.com\/gestao-de-fornecedores\/wp-json\/wp\/v2\/posts"}],"about":[{"href":"https:\/\/www.sertras.com\/gestao-de-fornecedores\/wp-json\/wp\/v2\/types\/post"}],"author":[{"embeddable":true,"href":"https:\/\/www.sertras.com\/gestao-de-fornecedores\/wp-json\/wp\/v2\/users\/12"}],"replies":[{"embeddable":true,"href":"https:\/\/www.sertras.com\/gestao-de-fornecedores\/wp-json\/wp\/v2\/comments?post=7035"}],"version-history":[{"count":11,"href":"https:\/\/www.sertras.com\/gestao-de-fornecedores\/wp-json\/wp\/v2\/posts\/7035\/revisions"}],"predecessor-version":[{"id":10879,"href":"https:\/\/www.sertras.com\/gestao-de-fornecedores\/wp-json\/wp\/v2\/posts\/7035\/revisions\/10879"}],"wp:featuredmedia":[{"embeddable":true,"href":"https:\/\/www.sertras.com\/gestao-de-fornecedores\/wp-json\/wp\/v2\/media\/7044"}],"wp:attachment":[{"href":"https:\/\/www.sertras.com\/gestao-de-fornecedores\/wp-json\/wp\/v2\/media?parent=7035"}],"wp:term":[{"taxonomy":"category","embeddable":true,"href":"https:\/\/www.sertras.com\/gestao-de-fornecedores\/wp-json\/wp\/v2\/categories?post=7035"},{"taxonomy":"post_tag","embeddable":true,"href":"https:\/\/www.sertras.com\/gestao-de-fornecedores\/wp-json\/wp\/v2\/tags?post=7035"}],"curies":[{"name":"wp","href":"https:\/\/api.w.org\/{rel}","templated":true}]}}