{"id":7091,"date":"2022-11-22T16:27:43","date_gmt":"2022-11-22T19:27:43","guid":{"rendered":"https:\/\/www.sertras.com\/gestao-de-fornecedores\/?p=7091"},"modified":"2023-10-13T15:34:24","modified_gmt":"2023-10-13T18:34:24","slug":"o-que-e-o-processo-de-integracao-na-gestao-de-fornecedores","status":"publish","type":"post","link":"https:\/\/www.sertras.com\/gestao-de-fornecedores\/o-que-e-o-processo-de-integracao-na-gestao-de-fornecedores\/","title":{"rendered":"O que \u00e9 o Processo de Integra\u00e7\u00e3o na Gest\u00e3o de Fornecedores?"},"content":{"rendered":"\n<p class=\"has-dark-gray-color has-text-color\">O objetivo da Gest\u00e3o de Fornecedores \u00e9 reduzir riscos, sendo um dos principais riscos o de passivos trabalhistas. Este tipo de risco \u00e9 causado por descumprimento das leis ou por descaso com rela\u00e7\u00e3o \u00e0s normas regulamentadoras de sa\u00fade e seguran\u00e7a.<\/p>\n\n\n\n<p class=\"has-dark-gray-color has-text-color\">Quando a empresa compradora faz um contrato de servi\u00e7os com m\u00e3o de obra terceirizada ela deve controlar no m\u00ednimo dois processos, a <strong>integra\u00e7\u00e3o,<\/strong> tamb\u00e9m conhecida por <strong>mobiliza\u00e7\u00e3o<\/strong> e a <strong>compet\u00eancia mensal<\/strong>.<\/p>\n\n\n\n<p class=\"has-dark-gray-color has-text-color\">O <strong>processo de&nbsp; integra\u00e7\u00e3o<\/strong> ou <strong>mobiliza\u00e7\u00e3o, tamb\u00e9m<\/strong> conhecido como mobiliza\u00e7\u00e3o, nada mais \u00e9 que o processo de libera\u00e7\u00e3o das empresas contratadas junto a seus recursos (pessoas, equipamentos e ve\u00edculos) para in\u00edcio das atividades.&nbsp;<\/p>\n\n\n\n<p class=\"has-dark-gray-color has-text-color\">Antes dessa libera\u00e7\u00e3o a contratada deve apresentar toda a documenta\u00e7\u00e3o de SSMA (Sa\u00fade, Seguran\u00e7a e Meio Ambiente) comprovando que os recursos est\u00e3o aptos para serem utilizados. E no caso de pessoas al\u00e9m da documenta\u00e7\u00e3o de SSMA, deve apresentar toda a documenta\u00e7\u00e3o trabalhista que demonstre que o funcion\u00e1rio est\u00e1 devidamente registrado e apto para a sua fun\u00e7\u00e3o.<\/p>\n\n\n\n<p class=\"has-dark-gray-color has-text-color\">Em geral os documentos controlados no momento da mobiliza\u00e7\u00e3o s\u00e3o:<\/p>\n\n\n\n<h4 class=\"wp-block-heading has-dark-gray-color has-text-color\">Pessoas<\/h4>\n\n\n\n<ul class=\"has-dark-gray-color has-text-color wp-block-list\">\n<li>Trabalhista &#8211; CTPS, Ficha de registro e contrato de trabalho;<\/li>\n\n\n\n<li>Sa\u00fade &#8211; ASO (Atestado de Sa\u00fade Ocupacional);<\/li>\n\n\n\n<li>Seguran\u00e7a &#8211; Treinamentos de NR\u2019s dependendo da fun\u00e7\u00e3o;<\/li>\n\n\n\n<li>T\u00e9cnico &#8211; Certificado de ensino t\u00e9cnico ou superior.<\/li>\n<\/ul>\n\n\n\n<h4 class=\"wp-block-heading has-dark-gray-color has-text-color\">Ve\u00edculos<\/h4>\n\n\n\n<ul class=\"has-dark-gray-color has-text-color wp-block-list\">\n<li>CRLV;<\/li>\n\n\n\n<li>Meio Ambiente- Medi\u00e7\u00e3o do ciclo Diesel;<\/li>\n\n\n\n<li>Seguran\u00e7a \u2013 Comprovante de manuten\u00e7\u00e3o.<\/li>\n<\/ul>\n\n\n\n<h4 class=\"wp-block-heading has-dark-gray-color has-text-color\">Equipamentos<\/h4>\n\n\n\n<ul class=\"has-dark-gray-color has-text-color wp-block-list\">\n<li>Seguran\u00e7a \u2013 Comprovante de manuten\u00e7\u00e3o e certificado de calibra\u00e7\u00e3o;<br><\/li>\n<\/ul>\n\n\n\n<p class=\"has-dark-gray-color has-text-color\">Somente ap\u00f3s a libera\u00e7\u00e3o pelo nosso time de especialistas que os recursos (funcion\u00e1rios terceirizados, ve\u00edculos ou equipamentos) s\u00e3o considerados aptos para iniciar a presta\u00e7\u00e3o de servi\u00e7os.<\/p>\n\n\n\n<p class=\"has-dark-gray-color has-text-color\">\u00c9 neste instante que a equipe respons\u00e1vel pela seguran\u00e7a do trabalho na empresa contratante&nbsp; apresenta para os&nbsp; novos colaboradores os aspectos de seguran\u00e7a espec\u00edficos. Esses aspectos devem ser observados e seguidos em todas as atividades durante a execu\u00e7\u00e3o. O mesmo ocorre para os ve\u00edculos e equipamentos, que somente ser\u00e3o utilizados na presta\u00e7\u00e3o de servi\u00e7os mediante a libera\u00e7\u00e3o da Sertras.&nbsp;<\/p>\n\n\n\n<figure class=\"wp-block-image size-large\"><img fetchpriority=\"high\" decoding=\"async\" width=\"1024\" height=\"130\" src=\"https:\/\/www.sertras.com\/gestao-de-fornecedores\/wp-content\/uploads\/2022\/11\/1-1-1024x130.png\" alt=\"\" class=\"wp-image-7098\" srcset=\"https:\/\/www.sertras.com\/gestao-de-fornecedores\/wp-content\/uploads\/2022\/11\/1-1-1024x130.png 1024w, https:\/\/www.sertras.com\/gestao-de-fornecedores\/wp-content\/uploads\/2022\/11\/1-1-300x38.png 300w, https:\/\/www.sertras.com\/gestao-de-fornecedores\/wp-content\/uploads\/2022\/11\/1-1-768x97.png 768w, https:\/\/www.sertras.com\/gestao-de-fornecedores\/wp-content\/uploads\/2022\/11\/1-1.png 1414w\" sizes=\"(max-width: 1024px) 100vw, 1024px\" \/><\/figure>\n\n\n\n<figure class=\"wp-block-image size-large is-resized\"><img decoding=\"async\" width=\"1024\" height=\"366\" src=\"https:\/\/www.sertras.com\/gestao-de-fornecedores\/wp-content\/uploads\/2022\/11\/assinatura-Giuliana-1024x366.png\" alt=\"\" class=\"wp-image-7092\" style=\"width:529px;height:188px\" srcset=\"https:\/\/www.sertras.com\/gestao-de-fornecedores\/wp-content\/uploads\/2022\/11\/assinatura-Giuliana-1024x366.png 1024w, https:\/\/www.sertras.com\/gestao-de-fornecedores\/wp-content\/uploads\/2022\/11\/assinatura-Giuliana-300x107.png 300w, https:\/\/www.sertras.com\/gestao-de-fornecedores\/wp-content\/uploads\/2022\/11\/assinatura-Giuliana-768x274.png 768w, https:\/\/www.sertras.com\/gestao-de-fornecedores\/wp-content\/uploads\/2022\/11\/assinatura-Giuliana-1536x549.png 1536w, https:\/\/www.sertras.com\/gestao-de-fornecedores\/wp-content\/uploads\/2022\/11\/assinatura-Giuliana-2048x731.png 2048w\" sizes=\"(max-width: 1024px) 100vw, 1024px\" \/><\/figure>\n\n\n\n<div class=\"wp-block-buttons is-layout-flex wp-block-buttons-is-layout-flex\">\n<div class=\"wp-block-button\"><a class=\"wp-block-button__link wp-element-button\" href=\"https:\/\/www.linkedin.com\/in\/giuliana-faria-9a9255217\" target=\"_blank\" rel=\"noreferrer noopener\">Linkedin Giuliana <\/a><\/div>\n<\/div>\n","protected":false},"excerpt":{"rendered":"<p>O objetivo da Gest\u00e3o de Fornecedores \u00e9 reduzir riscos, sendo um dos principais riscos o de passivos trabalhistas. Este tipo de risco \u00e9 causado por descumprimento das leis ou por descaso com rela\u00e7\u00e3o \u00e0s normas regulamentadoras de sa\u00fade e seguran\u00e7a. Quando a empresa compradora faz um contrato de servi\u00e7os com m\u00e3o de obra terceirizada ela&hellip;<\/p>\n","protected":false},"author":12,"featured_media":7105,"comment_status":"open","ping_status":"open","sticky":false,"template":"","format":"standard","meta":{"footnotes":""},"categories":[142],"tags":[152,156,185],"class_list":["post-7091","post","type-post","status-publish","format-standard","has-post-thumbnail","hentry","category-gestao-de-terceiros","tag-compradores","tag-gestao-de-fornecedores","tag-integracao","category-142","description-off"],"yoast_head":"<!-- This site is optimized with the Yoast SEO Premium plugin v27.3 (Yoast SEO v27.3) - https:\/\/yoast.com\/product\/yoast-seo-premium-wordpress\/ -->\n<title>O que \u00e9 o Processo de Integra\u00e7\u00e3o na Gest\u00e3o de Fornecedores?<\/title>\n<meta name=\"robots\" content=\"index, follow, max-snippet:-1, max-image-preview:large, max-video-preview:-1\" \/>\n<link rel=\"canonical\" href=\"https:\/\/www.sertras.com\/gestao-de-fornecedores\/o-que-e-o-processo-de-integracao-na-gestao-de-fornecedores\/\" \/>\n<meta property=\"og:locale\" content=\"pt_BR\" \/>\n<meta property=\"og:type\" content=\"article\" \/>\n<meta property=\"og:title\" content=\"O que \u00e9 o Processo de Integra\u00e7\u00e3o na Gest\u00e3o de Fornecedores?\" \/>\n<meta property=\"og:description\" content=\"O objetivo da Gest\u00e3o de Fornecedores \u00e9 reduzir riscos, sendo um dos principais riscos o de passivos trabalhistas. Este tipo de risco \u00e9 causado por descumprimento das leis ou por descaso com rela\u00e7\u00e3o \u00e0s normas regulamentadoras de sa\u00fade e seguran\u00e7a. Quando a empresa compradora faz um contrato de servi\u00e7os com m\u00e3o de obra terceirizada ela&hellip;\" \/>\n<meta property=\"og:url\" content=\"https:\/\/www.sertras.com\/gestao-de-fornecedores\/o-que-e-o-processo-de-integracao-na-gestao-de-fornecedores\/\" \/>\n<meta property=\"og:site_name\" content=\"Sertras Gest\u00e3o de Fornecedores\" \/>\n<meta property=\"article:publisher\" content=\"https:\/\/pt-br.facebook.com\/sertras\/\" \/>\n<meta property=\"article:published_time\" content=\"2022-11-22T19:27:43+00:00\" \/>\n<meta property=\"article:modified_time\" content=\"2023-10-13T18:34:24+00:00\" \/>\n<meta property=\"og:image\" content=\"https:\/\/www.sertras.com\/gestao-de-fornecedores\/wp-content\/uploads\/2022\/11\/capa-3.png\" \/>\n\t<meta property=\"og:image:width\" content=\"1366\" \/>\n\t<meta property=\"og:image:height\" content=\"768\" \/>\n\t<meta property=\"og:image:type\" content=\"image\/png\" \/>\n<meta name=\"author\" content=\"Rodolfo Sandoval\" \/>\n<meta name=\"twitter:label1\" content=\"Escrito por\" \/>\n\t<meta name=\"twitter:data1\" content=\"Rodolfo Sandoval\" \/>\n\t<meta name=\"twitter:label2\" content=\"Est. tempo de leitura\" \/>\n\t<meta name=\"twitter:data2\" content=\"3 minutos\" \/>\n<script type=\"application\/ld+json\" class=\"yoast-schema-graph\">{\"@context\":\"https:\\\/\\\/schema.org\",\"@graph\":[{\"@type\":\"Article\",\"@id\":\"https:\\\/\\\/www.sertras.com\\\/gestao-de-fornecedores\\\/o-que-e-o-processo-de-integracao-na-gestao-de-fornecedores\\\/#article\",\"isPartOf\":{\"@id\":\"https:\\\/\\\/www.sertras.com\\\/gestao-de-fornecedores\\\/o-que-e-o-processo-de-integracao-na-gestao-de-fornecedores\\\/\"},\"author\":{\"name\":\"Rodolfo Sandoval\",\"@id\":\"https:\\\/\\\/www.sertras.com\\\/gestao-de-fornecedores\\\/#\\\/schema\\\/person\\\/ef1e221c94744ef9f26e14989fd485b8\"},\"headline\":\"O que \u00e9 o Processo de Integra\u00e7\u00e3o na Gest\u00e3o de Fornecedores?\",\"datePublished\":\"2022-11-22T19:27:43+00:00\",\"dateModified\":\"2023-10-13T18:34:24+00:00\",\"mainEntityOfPage\":{\"@id\":\"https:\\\/\\\/www.sertras.com\\\/gestao-de-fornecedores\\\/o-que-e-o-processo-de-integracao-na-gestao-de-fornecedores\\\/\"},\"wordCount\":386,\"commentCount\":0,\"publisher\":{\"@id\":\"https:\\\/\\\/www.sertras.com\\\/gestao-de-fornecedores\\\/#organization\"},\"image\":{\"@id\":\"https:\\\/\\\/www.sertras.com\\\/gestao-de-fornecedores\\\/o-que-e-o-processo-de-integracao-na-gestao-de-fornecedores\\\/#primaryimage\"},\"thumbnailUrl\":\"https:\\\/\\\/www.sertras.com\\\/gestao-de-fornecedores\\\/wp-content\\\/uploads\\\/2022\\\/11\\\/capa-3.png\",\"keywords\":[\"compradores\",\"gest\u00e3o de fornecedores\",\"integra\u00e7\u00e3o\"],\"articleSection\":[\"Gest\u00e3o de Terceiros\"],\"inLanguage\":\"pt-BR\",\"potentialAction\":[{\"@type\":\"CommentAction\",\"name\":\"Comment\",\"target\":[\"https:\\\/\\\/www.sertras.com\\\/gestao-de-fornecedores\\\/o-que-e-o-processo-de-integracao-na-gestao-de-fornecedores\\\/#respond\"]}]},{\"@type\":\"WebPage\",\"@id\":\"https:\\\/\\\/www.sertras.com\\\/gestao-de-fornecedores\\\/o-que-e-o-processo-de-integracao-na-gestao-de-fornecedores\\\/\",\"url\":\"https:\\\/\\\/www.sertras.com\\\/gestao-de-fornecedores\\\/o-que-e-o-processo-de-integracao-na-gestao-de-fornecedores\\\/\",\"name\":\"O que \u00e9 o Processo de Integra\u00e7\u00e3o na Gest\u00e3o de Fornecedores?\",\"isPartOf\":{\"@id\":\"https:\\\/\\\/www.sertras.com\\\/gestao-de-fornecedores\\\/#website\"},\"primaryImageOfPage\":{\"@id\":\"https:\\\/\\\/www.sertras.com\\\/gestao-de-fornecedores\\\/o-que-e-o-processo-de-integracao-na-gestao-de-fornecedores\\\/#primaryimage\"},\"image\":{\"@id\":\"https:\\\/\\\/www.sertras.com\\\/gestao-de-fornecedores\\\/o-que-e-o-processo-de-integracao-na-gestao-de-fornecedores\\\/#primaryimage\"},\"thumbnailUrl\":\"https:\\\/\\\/www.sertras.com\\\/gestao-de-fornecedores\\\/wp-content\\\/uploads\\\/2022\\\/11\\\/capa-3.png\",\"datePublished\":\"2022-11-22T19:27:43+00:00\",\"dateModified\":\"2023-10-13T18:34:24+00:00\",\"breadcrumb\":{\"@id\":\"https:\\\/\\\/www.sertras.com\\\/gestao-de-fornecedores\\\/o-que-e-o-processo-de-integracao-na-gestao-de-fornecedores\\\/#breadcrumb\"},\"inLanguage\":\"pt-BR\",\"potentialAction\":[{\"@type\":\"ReadAction\",\"target\":[\"https:\\\/\\\/www.sertras.com\\\/gestao-de-fornecedores\\\/o-que-e-o-processo-de-integracao-na-gestao-de-fornecedores\\\/\"]}]},{\"@type\":\"ImageObject\",\"inLanguage\":\"pt-BR\",\"@id\":\"https:\\\/\\\/www.sertras.com\\\/gestao-de-fornecedores\\\/o-que-e-o-processo-de-integracao-na-gestao-de-fornecedores\\\/#primaryimage\",\"url\":\"https:\\\/\\\/www.sertras.com\\\/gestao-de-fornecedores\\\/wp-content\\\/uploads\\\/2022\\\/11\\\/capa-3.png\",\"contentUrl\":\"https:\\\/\\\/www.sertras.com\\\/gestao-de-fornecedores\\\/wp-content\\\/uploads\\\/2022\\\/11\\\/capa-3.png\",\"width\":1366,\"height\":768},{\"@type\":\"BreadcrumbList\",\"@id\":\"https:\\\/\\\/www.sertras.com\\\/gestao-de-fornecedores\\\/o-que-e-o-processo-de-integracao-na-gestao-de-fornecedores\\\/#breadcrumb\",\"itemListElement\":[{\"@type\":\"ListItem\",\"position\":1,\"name\":\"In\u00edcio\",\"item\":\"https:\\\/\\\/www.sertras.com\\\/gestao-de-fornecedores\\\/\"},{\"@type\":\"ListItem\",\"position\":2,\"name\":\"O que \u00e9 o Processo de Integra\u00e7\u00e3o na Gest\u00e3o de Fornecedores?\"}]},{\"@type\":\"WebSite\",\"@id\":\"https:\\\/\\\/www.sertras.com\\\/gestao-de-fornecedores\\\/#website\",\"url\":\"https:\\\/\\\/www.sertras.com\\\/gestao-de-fornecedores\\\/\",\"name\":\"Sertras Gest\u00e3o de Fornecedores\",\"description\":\"Servi\u00e7os profissionais para compradores e fornecedores\",\"publisher\":{\"@id\":\"https:\\\/\\\/www.sertras.com\\\/gestao-de-fornecedores\\\/#organization\"},\"alternateName\":\"Sertras\",\"potentialAction\":[{\"@type\":\"SearchAction\",\"target\":{\"@type\":\"EntryPoint\",\"urlTemplate\":\"https:\\\/\\\/www.sertras.com\\\/gestao-de-fornecedores\\\/?s={search_term_string}\"},\"query-input\":{\"@type\":\"PropertyValueSpecification\",\"valueRequired\":true,\"valueName\":\"search_term_string\"}}],\"inLanguage\":\"pt-BR\"},{\"@type\":\"Organization\",\"@id\":\"https:\\\/\\\/www.sertras.com\\\/gestao-de-fornecedores\\\/#organization\",\"name\":\"Sertras Gest\u00e3o de Fornecedores\",\"alternateName\":\"Sertras\",\"url\":\"https:\\\/\\\/www.sertras.com\\\/gestao-de-fornecedores\\\/\",\"logo\":{\"@type\":\"ImageObject\",\"inLanguage\":\"pt-BR\",\"@id\":\"https:\\\/\\\/www.sertras.com\\\/gestao-de-fornecedores\\\/#\\\/schema\\\/logo\\\/image\\\/\",\"url\":\"\",\"contentUrl\":\"\",\"caption\":\"Sertras Gest\u00e3o de Fornecedores\"},\"image\":{\"@id\":\"https:\\\/\\\/www.sertras.com\\\/gestao-de-fornecedores\\\/#\\\/schema\\\/logo\\\/image\\\/\"},\"sameAs\":[\"https:\\\/\\\/pt-br.facebook.com\\\/sertras\\\/\",\"https:\\\/\\\/www.instagram.com\\\/sertrasfor\\\/\",\"https:\\\/\\\/br.linkedin.com\\\/company\\\/sertras\",\"https:\\\/\\\/www.sertras.com\\\/gestao-de-fornecedores\\\/\"],\"description\":\"A Sertras \u00e9 a maior autoridade em gest\u00e3o de fornecedores do Brasil, liderando o mercado com um ecossistema completo de governan\u00e7a e mitiga\u00e7\u00e3o de riscos. Especialista em Gest\u00e3o de Terceiros e Auditorias, a Sertras entrega 'Gest\u00e3o de Verdade' atrav\u00e9s de um portf\u00f3lio robusto que inclui Homologa\u00e7\u00e3o t\u00e9cnica, An\u00e1lise Financeira profunda, Due Diligence, Background Check e monitoramento de crit\u00e9rios ESG. Como pioneira na emiss\u00e3o de Selos de Certifica\u00e7\u00e3o e na forma\u00e7\u00e3o de um Ecossistema de Fornecedores Certificados, a companhia combina tecnologia de dados e intelig\u00eancia anal\u00edtica para garantir conformidade, seguran\u00e7a e performance em toda a cadeia de suprimentos das maiores corpora\u00e7\u00f5es do pa\u00eds.\",\"email\":\"comercial@sertras.com\",\"telephone\":\"+552120180156\",\"legalName\":\"Sertras Gest\u00e3o de Fornecedores Limitada\",\"foundingDate\":\"2015-06-03\",\"vatID\":\"22584068000106\",\"numberOfEmployees\":{\"@type\":\"QuantitativeValue\",\"minValue\":\"51\",\"maxValue\":\"200\"},\"publishingPrinciples\":\"https:\\\/\\\/www.sertras.com\\\/gestao-de-fornecedores\\\/politicas-sertras-old\\\/\",\"ethicsPolicy\":\"https:\\\/\\\/www.sertras.com\\\/gestao-de-fornecedores\\\/politicas-sertras-old\\\/\",\"diversityPolicy\":\"https:\\\/\\\/www.sertras.com\\\/gestao-de-fornecedores\\\/politicas-sertras-old\\\/\"},{\"@type\":\"Person\",\"@id\":\"https:\\\/\\\/www.sertras.com\\\/gestao-de-fornecedores\\\/#\\\/schema\\\/person\\\/ef1e221c94744ef9f26e14989fd485b8\",\"name\":\"Rodolfo Sandoval\",\"image\":{\"@type\":\"ImageObject\",\"inLanguage\":\"pt-BR\",\"@id\":\"https:\\\/\\\/secure.gravatar.com\\\/avatar\\\/59896eb33f28cfa9c1b39b1b2f4d0f39482af012c0c5dd21b2554d9fae61b28a?s=96&d=mm&r=g\",\"url\":\"https:\\\/\\\/secure.gravatar.com\\\/avatar\\\/59896eb33f28cfa9c1b39b1b2f4d0f39482af012c0c5dd21b2554d9fae61b28a?s=96&d=mm&r=g\",\"contentUrl\":\"https:\\\/\\\/secure.gravatar.com\\\/avatar\\\/59896eb33f28cfa9c1b39b1b2f4d0f39482af012c0c5dd21b2554d9fae61b28a?s=96&d=mm&r=g\",\"caption\":\"Rodolfo Sandoval\"},\"url\":\"https:\\\/\\\/www.sertras.com\\\/gestao-de-fornecedores\\\/author\\\/rodolfo-sandoval\\\/\"}]}<\/script>\n<!-- \/ Yoast SEO Premium plugin. -->","yoast_head_json":{"title":"O que \u00e9 o Processo de Integra\u00e7\u00e3o na Gest\u00e3o de Fornecedores?","robots":{"index":"index","follow":"follow","max-snippet":"max-snippet:-1","max-image-preview":"max-image-preview:large","max-video-preview":"max-video-preview:-1"},"canonical":"https:\/\/www.sertras.com\/gestao-de-fornecedores\/o-que-e-o-processo-de-integracao-na-gestao-de-fornecedores\/","og_locale":"pt_BR","og_type":"article","og_title":"O que \u00e9 o Processo de Integra\u00e7\u00e3o na Gest\u00e3o de Fornecedores?","og_description":"O objetivo da Gest\u00e3o de Fornecedores \u00e9 reduzir riscos, sendo um dos principais riscos o de passivos trabalhistas. Este tipo de risco \u00e9 causado por descumprimento das leis ou por descaso com rela\u00e7\u00e3o \u00e0s normas regulamentadoras de sa\u00fade e seguran\u00e7a. Quando a empresa compradora faz um contrato de servi\u00e7os com m\u00e3o de obra terceirizada ela&hellip;","og_url":"https:\/\/www.sertras.com\/gestao-de-fornecedores\/o-que-e-o-processo-de-integracao-na-gestao-de-fornecedores\/","og_site_name":"Sertras Gest\u00e3o de Fornecedores","article_publisher":"https:\/\/pt-br.facebook.com\/sertras\/","article_published_time":"2022-11-22T19:27:43+00:00","article_modified_time":"2023-10-13T18:34:24+00:00","og_image":[{"width":1366,"height":768,"url":"https:\/\/www.sertras.com\/gestao-de-fornecedores\/wp-content\/uploads\/2022\/11\/capa-3.png","type":"image\/png"}],"author":"Rodolfo Sandoval","twitter_misc":{"Escrito por":"Rodolfo Sandoval","Est. tempo de leitura":"3 minutos"},"schema":{"@context":"https:\/\/schema.org","@graph":[{"@type":"Article","@id":"https:\/\/www.sertras.com\/gestao-de-fornecedores\/o-que-e-o-processo-de-integracao-na-gestao-de-fornecedores\/#article","isPartOf":{"@id":"https:\/\/www.sertras.com\/gestao-de-fornecedores\/o-que-e-o-processo-de-integracao-na-gestao-de-fornecedores\/"},"author":{"name":"Rodolfo Sandoval","@id":"https:\/\/www.sertras.com\/gestao-de-fornecedores\/#\/schema\/person\/ef1e221c94744ef9f26e14989fd485b8"},"headline":"O que \u00e9 o Processo de Integra\u00e7\u00e3o na Gest\u00e3o de Fornecedores?","datePublished":"2022-11-22T19:27:43+00:00","dateModified":"2023-10-13T18:34:24+00:00","mainEntityOfPage":{"@id":"https:\/\/www.sertras.com\/gestao-de-fornecedores\/o-que-e-o-processo-de-integracao-na-gestao-de-fornecedores\/"},"wordCount":386,"commentCount":0,"publisher":{"@id":"https:\/\/www.sertras.com\/gestao-de-fornecedores\/#organization"},"image":{"@id":"https:\/\/www.sertras.com\/gestao-de-fornecedores\/o-que-e-o-processo-de-integracao-na-gestao-de-fornecedores\/#primaryimage"},"thumbnailUrl":"https:\/\/www.sertras.com\/gestao-de-fornecedores\/wp-content\/uploads\/2022\/11\/capa-3.png","keywords":["compradores","gest\u00e3o de fornecedores","integra\u00e7\u00e3o"],"articleSection":["Gest\u00e3o de Terceiros"],"inLanguage":"pt-BR","potentialAction":[{"@type":"CommentAction","name":"Comment","target":["https:\/\/www.sertras.com\/gestao-de-fornecedores\/o-que-e-o-processo-de-integracao-na-gestao-de-fornecedores\/#respond"]}]},{"@type":"WebPage","@id":"https:\/\/www.sertras.com\/gestao-de-fornecedores\/o-que-e-o-processo-de-integracao-na-gestao-de-fornecedores\/","url":"https:\/\/www.sertras.com\/gestao-de-fornecedores\/o-que-e-o-processo-de-integracao-na-gestao-de-fornecedores\/","name":"O que \u00e9 o Processo de Integra\u00e7\u00e3o na Gest\u00e3o de Fornecedores?","isPartOf":{"@id":"https:\/\/www.sertras.com\/gestao-de-fornecedores\/#website"},"primaryImageOfPage":{"@id":"https:\/\/www.sertras.com\/gestao-de-fornecedores\/o-que-e-o-processo-de-integracao-na-gestao-de-fornecedores\/#primaryimage"},"image":{"@id":"https:\/\/www.sertras.com\/gestao-de-fornecedores\/o-que-e-o-processo-de-integracao-na-gestao-de-fornecedores\/#primaryimage"},"thumbnailUrl":"https:\/\/www.sertras.com\/gestao-de-fornecedores\/wp-content\/uploads\/2022\/11\/capa-3.png","datePublished":"2022-11-22T19:27:43+00:00","dateModified":"2023-10-13T18:34:24+00:00","breadcrumb":{"@id":"https:\/\/www.sertras.com\/gestao-de-fornecedores\/o-que-e-o-processo-de-integracao-na-gestao-de-fornecedores\/#breadcrumb"},"inLanguage":"pt-BR","potentialAction":[{"@type":"ReadAction","target":["https:\/\/www.sertras.com\/gestao-de-fornecedores\/o-que-e-o-processo-de-integracao-na-gestao-de-fornecedores\/"]}]},{"@type":"ImageObject","inLanguage":"pt-BR","@id":"https:\/\/www.sertras.com\/gestao-de-fornecedores\/o-que-e-o-processo-de-integracao-na-gestao-de-fornecedores\/#primaryimage","url":"https:\/\/www.sertras.com\/gestao-de-fornecedores\/wp-content\/uploads\/2022\/11\/capa-3.png","contentUrl":"https:\/\/www.sertras.com\/gestao-de-fornecedores\/wp-content\/uploads\/2022\/11\/capa-3.png","width":1366,"height":768},{"@type":"BreadcrumbList","@id":"https:\/\/www.sertras.com\/gestao-de-fornecedores\/o-que-e-o-processo-de-integracao-na-gestao-de-fornecedores\/#breadcrumb","itemListElement":[{"@type":"ListItem","position":1,"name":"In\u00edcio","item":"https:\/\/www.sertras.com\/gestao-de-fornecedores\/"},{"@type":"ListItem","position":2,"name":"O que \u00e9 o Processo de Integra\u00e7\u00e3o na Gest\u00e3o de Fornecedores?"}]},{"@type":"WebSite","@id":"https:\/\/www.sertras.com\/gestao-de-fornecedores\/#website","url":"https:\/\/www.sertras.com\/gestao-de-fornecedores\/","name":"Sertras Gest\u00e3o de Fornecedores","description":"Servi\u00e7os profissionais para compradores e fornecedores","publisher":{"@id":"https:\/\/www.sertras.com\/gestao-de-fornecedores\/#organization"},"alternateName":"Sertras","potentialAction":[{"@type":"SearchAction","target":{"@type":"EntryPoint","urlTemplate":"https:\/\/www.sertras.com\/gestao-de-fornecedores\/?s={search_term_string}"},"query-input":{"@type":"PropertyValueSpecification","valueRequired":true,"valueName":"search_term_string"}}],"inLanguage":"pt-BR"},{"@type":"Organization","@id":"https:\/\/www.sertras.com\/gestao-de-fornecedores\/#organization","name":"Sertras Gest\u00e3o de Fornecedores","alternateName":"Sertras","url":"https:\/\/www.sertras.com\/gestao-de-fornecedores\/","logo":{"@type":"ImageObject","inLanguage":"pt-BR","@id":"https:\/\/www.sertras.com\/gestao-de-fornecedores\/#\/schema\/logo\/image\/","url":"","contentUrl":"","caption":"Sertras Gest\u00e3o de Fornecedores"},"image":{"@id":"https:\/\/www.sertras.com\/gestao-de-fornecedores\/#\/schema\/logo\/image\/"},"sameAs":["https:\/\/pt-br.facebook.com\/sertras\/","https:\/\/www.instagram.com\/sertrasfor\/","https:\/\/br.linkedin.com\/company\/sertras","https:\/\/www.sertras.com\/gestao-de-fornecedores\/"],"description":"A Sertras \u00e9 a maior autoridade em gest\u00e3o de fornecedores do Brasil, liderando o mercado com um ecossistema completo de governan\u00e7a e mitiga\u00e7\u00e3o de riscos. Especialista em Gest\u00e3o de Terceiros e Auditorias, a Sertras entrega 'Gest\u00e3o de Verdade' atrav\u00e9s de um portf\u00f3lio robusto que inclui Homologa\u00e7\u00e3o t\u00e9cnica, An\u00e1lise Financeira profunda, Due Diligence, Background Check e monitoramento de crit\u00e9rios ESG. Como pioneira na emiss\u00e3o de Selos de Certifica\u00e7\u00e3o e na forma\u00e7\u00e3o de um Ecossistema de Fornecedores Certificados, a companhia combina tecnologia de dados e intelig\u00eancia anal\u00edtica para garantir conformidade, seguran\u00e7a e performance em toda a cadeia de suprimentos das maiores corpora\u00e7\u00f5es do pa\u00eds.","email":"comercial@sertras.com","telephone":"+552120180156","legalName":"Sertras Gest\u00e3o de Fornecedores Limitada","foundingDate":"2015-06-03","vatID":"22584068000106","numberOfEmployees":{"@type":"QuantitativeValue","minValue":"51","maxValue":"200"},"publishingPrinciples":"https:\/\/www.sertras.com\/gestao-de-fornecedores\/politicas-sertras-old\/","ethicsPolicy":"https:\/\/www.sertras.com\/gestao-de-fornecedores\/politicas-sertras-old\/","diversityPolicy":"https:\/\/www.sertras.com\/gestao-de-fornecedores\/politicas-sertras-old\/"},{"@type":"Person","@id":"https:\/\/www.sertras.com\/gestao-de-fornecedores\/#\/schema\/person\/ef1e221c94744ef9f26e14989fd485b8","name":"Rodolfo Sandoval","image":{"@type":"ImageObject","inLanguage":"pt-BR","@id":"https:\/\/secure.gravatar.com\/avatar\/59896eb33f28cfa9c1b39b1b2f4d0f39482af012c0c5dd21b2554d9fae61b28a?s=96&d=mm&r=g","url":"https:\/\/secure.gravatar.com\/avatar\/59896eb33f28cfa9c1b39b1b2f4d0f39482af012c0c5dd21b2554d9fae61b28a?s=96&d=mm&r=g","contentUrl":"https:\/\/secure.gravatar.com\/avatar\/59896eb33f28cfa9c1b39b1b2f4d0f39482af012c0c5dd21b2554d9fae61b28a?s=96&d=mm&r=g","caption":"Rodolfo Sandoval"},"url":"https:\/\/www.sertras.com\/gestao-de-fornecedores\/author\/rodolfo-sandoval\/"}]}},"_links":{"self":[{"href":"https:\/\/www.sertras.com\/gestao-de-fornecedores\/wp-json\/wp\/v2\/posts\/7091","targetHints":{"allow":["GET"]}}],"collection":[{"href":"https:\/\/www.sertras.com\/gestao-de-fornecedores\/wp-json\/wp\/v2\/posts"}],"about":[{"href":"https:\/\/www.sertras.com\/gestao-de-fornecedores\/wp-json\/wp\/v2\/types\/post"}],"author":[{"embeddable":true,"href":"https:\/\/www.sertras.com\/gestao-de-fornecedores\/wp-json\/wp\/v2\/users\/12"}],"replies":[{"embeddable":true,"href":"https:\/\/www.sertras.com\/gestao-de-fornecedores\/wp-json\/wp\/v2\/comments?post=7091"}],"version-history":[{"count":3,"href":"https:\/\/www.sertras.com\/gestao-de-fornecedores\/wp-json\/wp\/v2\/posts\/7091\/revisions"}],"predecessor-version":[{"id":10881,"href":"https:\/\/www.sertras.com\/gestao-de-fornecedores\/wp-json\/wp\/v2\/posts\/7091\/revisions\/10881"}],"wp:featuredmedia":[{"embeddable":true,"href":"https:\/\/www.sertras.com\/gestao-de-fornecedores\/wp-json\/wp\/v2\/media\/7105"}],"wp:attachment":[{"href":"https:\/\/www.sertras.com\/gestao-de-fornecedores\/wp-json\/wp\/v2\/media?parent=7091"}],"wp:term":[{"taxonomy":"category","embeddable":true,"href":"https:\/\/www.sertras.com\/gestao-de-fornecedores\/wp-json\/wp\/v2\/categories?post=7091"},{"taxonomy":"post_tag","embeddable":true,"href":"https:\/\/www.sertras.com\/gestao-de-fornecedores\/wp-json\/wp\/v2\/tags?post=7091"}],"curies":[{"name":"wp","href":"https:\/\/api.w.org\/{rel}","templated":true}]}}