{"id":7131,"date":"2022-11-30T16:39:12","date_gmt":"2022-11-30T19:39:12","guid":{"rendered":"https:\/\/www.sertras.com\/gestao-de-fornecedores\/?p=7131"},"modified":"2023-10-13T15:40:21","modified_gmt":"2023-10-13T18:40:21","slug":"nr-35-trabalho-em-altura","status":"publish","type":"post","link":"https:\/\/www.sertras.com\/gestao-de-fornecedores\/nr-35-trabalho-em-altura\/","title":{"rendered":"NR 35 &#8211; Trabalho em Altura"},"content":{"rendered":"\n<p class=\"has-dark-gray-color has-text-color\">Uma das principais causas de acidentes de trabalho, sendo em alguns casos at\u00e9 mesmo fatais, tem como raz\u00e3o a queda de trabalhadores em diferentes n\u00edveis. Devido a isso, ter uma norma regulamentadora para este tipo de atividade \u00e9 um importante instrumento para ser usado como refer\u00eancia para que esse tipo de trabalho seja realizado de forma segura.<\/p>\n\n\n\n<p class=\"has-dark-gray-color has-text-color\">Sendo assim, a NR 35 \u2013 Trabalho em altura, foi publicada pela portaria SIT n.\u00ba 313, em mar\u00e7o de 2012, tendo sua \u00faltima altera\u00e7\u00e3o em julho de 2019, at\u00e9 o presente momento.<\/p>\n\n\n\n<p class=\"has-dark-gray-color has-text-color\">Essa norma regulamentadora tem como objetivo estabelecer os requisitos m\u00ednimos e as medidas de prote\u00e7\u00e3o para o trabalho em altura, desde o planejamento desse tipo de servi\u00e7o at\u00e9 a sua execu\u00e7\u00e3o e finaliza\u00e7\u00e3o, garantindo a seguran\u00e7a e a sa\u00fade dos trabalhadores envolvidos direta ou indiretamente com esta atividade.<\/p>\n\n\n\n<p class=\"has-dark-gray-color has-text-color\">\u00c9 considerado trabalho em altura toda atividade que for executada acima de 2,00m (dois metros) do n\u00edvel inferior, onde tenha risco de quedas\/acidentes.<\/p>\n\n\n\n<h4 class=\"wp-block-heading\">Quais s\u00e3o as responsabilidades da empresa empregadora?<\/h4>\n\n\n\n<p class=\"has-dark-gray-color has-text-color\">O empregador tem como suas principais responsabilidades garantir a implementa\u00e7\u00e3o das medidas de prote\u00e7\u00e3o estabelecidas na norma, garantindo que qualquer trabalho em altura s\u00f3 se inicie depois de adotadas as medidas de prote\u00e7\u00e3o, assim como fiscalizar que essas medidas estejam sendo seguidas.<\/p>\n\n\n\n<p class=\"has-dark-gray-color has-text-color\">Outra responsabilidade importante \u00e9 assegurar a suspens\u00e3o dos trabalhos em altura, caso identifique situa\u00e7\u00e3o ou condi\u00e7\u00e3o de risco imprevista, cuja elimina\u00e7\u00e3o ou neutraliza\u00e7\u00e3o imediata n\u00e3o seja poss\u00edvel.<\/p>\n\n\n\n<p class=\"has-dark-gray-color has-text-color\">Essas e outras responsabilidades do empregador podem ser identificadas no item 35.2.1 da norma.<\/p>\n\n\n\n<h4 class=\"wp-block-heading has-dark-gray-color has-text-color\">Quais s\u00e3o as responsabilidades do funcion\u00e1rio?<\/h4>\n\n\n\n<p class=\"has-dark-gray-color has-text-color\">Cumprir com as disposi\u00e7\u00f5es regulamentares sobre o trabalho em altura, incluindo os procedimentos orientados pelo empregador, zelando pela sua seguran\u00e7a e de outras pessoas que possam ser afetadas por suas a\u00e7\u00f5es ou omiss\u00f5es no trabalho.<\/p>\n\n\n\n<h4 class=\"wp-block-heading has-dark-gray-color has-text-color\">Quando considerar um funcion\u00e1rio capacitado para realizar atividade em altura?<\/h4>\n\n\n\n<p class=\"has-dark-gray-color has-text-color\">O colaborador \u00e9 considerado apto para trabalho em altura quando foi submetido e aprovado em treinamento, te\u00f3rico e pr\u00e1tico, com carga hor\u00e1ria m\u00ednima de 8 horas. Al\u00e9m disso, o conte\u00fado program\u00e1tico deve no m\u00ednimo conter os itens informados no item 35.3.2 da norma.<\/p>\n\n\n\n<p class=\"has-dark-gray-color has-text-color\">Logo, tendo esse realizado a capacita\u00e7\u00e3o, deve-se realizar o treinamento de reciclagem a cada 2 anos, com no m\u00ednimo 8 horas.<\/p>\n\n\n\n<p class=\"has-dark-gray-color has-text-color\">Al\u00e9m disso, esse treinamento deve ser ministrado por um instrutor com comprovada profici\u00eancia no assunto, sob a responsabilidade de um profissional qualificado na \u00e1rea de seguran\u00e7a do trabalho.<\/p>\n\n\n\n<h4 class=\"wp-block-heading has-dark-gray-color has-text-color\">Sa\u00fade de um trabalhador que exercer\u00e1 atividade em altura:<\/h4>\n\n\n\n<p class=\"has-dark-gray-color has-text-color\">Cabe ao empregador avaliar o estado de sa\u00fade dos trabalhadores que forem trabalhar em altura, garantindo que os exames obrigat\u00f3rios, voltados \u00e0s patologias que poder\u00e3o ocasionar mal s\u00fabito e queda de altura, sejam partes integrantes do PCMSO da empresa, considerando tamb\u00e9m os fatores psicossociais.<\/p>\n\n\n\n<p class=\"has-dark-gray-color has-text-color\">A aptid\u00e3o para trabalho em altura deve sempre estar apresentada no ASO (Atestado de Sa\u00fade Ocupacional) do trabalhador, em forma de \u2018\u2019apto para trabalho em altura\u2019\u2019.<\/p>\n\n\n\n<h4 class=\"wp-block-heading has-dark-gray-color has-text-color\">An\u00e1lise de Risco:<\/h4>\n\n\n\n<p class=\"has-dark-gray-color has-text-color\">A an\u00e1lise de risco \u00e9 realizada previamente o in\u00edcio das atividades, sendo uma an\u00e1lise profunda sobre a atividade em espec\u00edfico que ter\u00e1 o risco de altura, tendo que conter alguns itens como o isolamento e sinaliza\u00e7\u00e3o no entorno da \u00e1rea de trabalho, o risco de queda de materiais e ferramentas, a forma de supervis\u00e3o, entre outros riscos que podem ser encontrados no item 35.4.5.1 da norma.<\/p>\n\n\n\n<h4 class=\"wp-block-heading has-dark-gray-color has-text-color\">Permiss\u00e3o de Trabalho:<\/h4>\n\n\n\n<p class=\"has-dark-gray-color has-text-color\">A permiss\u00e3o de trabalho \u00e9 um documento escrito contendo o conjunto de medidas de controle, visando o desenvolvimento de trabalho seguro, al\u00e9m de medidas de emerg\u00eancias e resgate, al\u00e9m de outros itens que podem ser encontrados no item 35.4.8.1 da norma.<\/p>\n\n\n\n<p class=\"has-dark-gray-color has-text-color\">A Permiss\u00e3o de Trabalho deve ter vig\u00eancia limitada ao tempo de dura\u00e7\u00e3o do trabalho, sendo restrita ao turno de trabalho, tendo a possibilidade de ser reavaliada pelo respons\u00e1vel pela aprova\u00e7\u00e3o em situa\u00e7\u00f5es em que n\u00e3o ocorreram nenhuma mudan\u00e7a nas condi\u00e7\u00f5es j\u00e1 estabelecidas ou na equipe de trabalho.<\/p>\n\n\n\n<h4 class=\"wp-block-heading has-dark-gray-color has-text-color\">Sistemas de Prote\u00e7\u00e3o contra quedas:<\/h4>\n\n\n\n<p class=\"has-dark-gray-color has-text-color\">Quando n\u00e3o for poss\u00edvel evitar o trabalho em altura, \u00e9 obrigat\u00f3rio a utiliza\u00e7\u00e3o de sistema de prote\u00e7\u00e3o de quedas, que \u00e9 dividido em sistema de prote\u00e7\u00e3o coletiva contra quedas \u2013 SPCQ e do sistema de prote\u00e7\u00e3o individual contra quedas \u2013 SPIQ, nas situa\u00e7\u00f5es em que o SPCQ n\u00e3o ofere\u00e7am completa prote\u00e7\u00e3o contra os riscos de queda.<\/p>\n\n\n\n<p class=\"has-dark-gray-color has-text-color\">Como SPIQ, deve-se utilizar os equipamentos de prote\u00e7\u00e3o individual (EPI) como o cintur\u00e3o de seguran\u00e7a tipo paraquedista, junto do talabarte e o dispositivo trava-quedas.<\/p>\n\n\n\n<h4 class=\"wp-block-heading has-dark-gray-color has-text-color\">Emerg\u00eancia e Salvamento:<\/h4>\n\n\n\n<p class=\"has-dark-gray-color has-text-color\">O empregador deve disponibilizar equipe para agir em caso de emerg\u00eancias decorrentes do trabalho em altura, podendo essa equipe ser pr\u00f3pria, externa ou composta pelos pr\u00f3prios trabalhadores que executam o trabalho em altura.<\/p>\n\n\n\n<p class=\"has-dark-gray-color has-text-color\">Al\u00e9m disso, as pessoas respons\u00e1veis pela execu\u00e7\u00e3o de medidas de salvamento, devem ser capacitadas para executar o resgate, prestando os primeiros socorros e tendo aptid\u00e3o f\u00edsica e mental para desempenhar essa atividade.<\/p>\n\n\n\n<h4 class=\"wp-block-heading has-dark-gray-color has-text-color\">&nbsp;Anexo I \u2013 Acesso por cordas:<\/h4>\n\n\n\n<p class=\"has-dark-gray-color has-text-color\">O Anexo I fala sobre o acesso por corda e progress\u00e3o utilizando cordas, com outros equipamentos para ascender, descender ou se deslocar verticalmente.<\/p>\n\n\n\n<h4 class=\"wp-block-heading has-dark-gray-color has-text-color\">Anexo II \u2013 Sistemas de ancoragem:<\/h4>\n\n\n\n<p class=\"has-dark-gray-color has-text-color\">O Anexo II fala sobre o sistema de ancoragem, definido como um conjunto de componentes, integrantes de um SPIQ, que incorpora um ou mais pontos de ancoragem.<\/p>\n\n\n\n<p class=\"has-dark-gray-color has-text-color\">Foi abordado nesse artigo os principais pontos da NR 35, com uma breve explica\u00e7\u00e3o sobre cada um. Entretanto, caso queira conhecer um pouco mais sobre outras Normas Regulamentadoras, basta acessar o blog da Sertras!<\/p>\n\n\n\n<p class=\"has-dark-gray-color has-text-color\">Por Pablo Cardoso<\/p>\n\n\n\n<div class=\"wp-block-buttons is-layout-flex wp-block-buttons-is-layout-flex\">\n<div class=\"wp-block-button\"><a class=\"wp-block-button__link wp-element-button\" href=\"https:\/\/www.linkedin.com\/in\/pablo-de-lima-cardoso-6373671a8\/\" target=\"_blank\" rel=\"noreferrer noopener\">Linkedin<\/a><\/div>\n\n\n\n<div class=\"wp-block-button\"><a class=\"wp-block-button__link wp-element-button\" href=\"\/gestao-de-fornecedores?page_id=4738\" target=\"_blank\" rel=\"noreferrer noopener\">Blog da Sertras<\/a><\/div>\n<\/div>\n","protected":false},"excerpt":{"rendered":"<p>Uma das principais causas de acidentes de trabalho, sendo em alguns casos at\u00e9 mesmo fatais, tem como raz\u00e3o a queda de trabalhadores em diferentes n\u00edveis. Devido a isso, ter uma norma regulamentadora para este tipo de atividade \u00e9 um importante instrumento para ser usado como refer\u00eancia para que esse tipo de trabalho seja realizado de&hellip;<\/p>\n","protected":false},"author":12,"featured_media":7134,"comment_status":"open","ping_status":"open","sticky":false,"template":"","format":"standard","meta":{"footnotes":""},"categories":[142],"tags":[152,156,186],"class_list":["post-7131","post","type-post","status-publish","format-standard","has-post-thumbnail","hentry","category-gestao-de-terceiros","tag-compradores","tag-gestao-de-fornecedores","tag-nr-35","category-142","description-off"],"yoast_head":"<!-- This site is optimized with the Yoast SEO Premium plugin v27.3 (Yoast SEO v27.3) - https:\/\/yoast.com\/product\/yoast-seo-premium-wordpress\/ -->\n<title>NR 35 - Trabalho em Altura - Sertras Gest\u00e3o de Fornecedores<\/title>\n<meta name=\"robots\" content=\"index, follow, max-snippet:-1, max-image-preview:large, max-video-preview:-1\" \/>\n<link rel=\"canonical\" href=\"https:\/\/www.sertras.com\/gestao-de-fornecedores\/nr-35-trabalho-em-altura\/\" \/>\n<meta property=\"og:locale\" content=\"pt_BR\" \/>\n<meta property=\"og:type\" content=\"article\" \/>\n<meta property=\"og:title\" content=\"NR 35 - Trabalho em Altura\" \/>\n<meta property=\"og:description\" content=\"Uma das principais causas de acidentes de trabalho, sendo em alguns casos at\u00e9 mesmo fatais, tem como raz\u00e3o a queda de trabalhadores em diferentes n\u00edveis. Devido a isso, ter uma norma regulamentadora para este tipo de atividade \u00e9 um importante instrumento para ser usado como refer\u00eancia para que esse tipo de trabalho seja realizado de&hellip;\" \/>\n<meta property=\"og:url\" content=\"https:\/\/www.sertras.com\/gestao-de-fornecedores\/nr-35-trabalho-em-altura\/\" \/>\n<meta property=\"og:site_name\" content=\"Sertras Gest\u00e3o de Fornecedores\" \/>\n<meta property=\"article:publisher\" content=\"https:\/\/pt-br.facebook.com\/sertras\/\" \/>\n<meta property=\"article:published_time\" content=\"2022-11-30T19:39:12+00:00\" \/>\n<meta property=\"article:modified_time\" content=\"2023-10-13T18:40:21+00:00\" \/>\n<meta property=\"og:image\" content=\"https:\/\/www.sertras.com\/gestao-de-fornecedores\/wp-content\/uploads\/2022\/11\/capa-7.png\" \/>\n\t<meta property=\"og:image:width\" content=\"1366\" \/>\n\t<meta property=\"og:image:height\" content=\"768\" \/>\n\t<meta property=\"og:image:type\" content=\"image\/png\" \/>\n<meta name=\"author\" content=\"Rodolfo Sandoval\" \/>\n<meta name=\"twitter:label1\" content=\"Escrito por\" \/>\n\t<meta name=\"twitter:data1\" content=\"Rodolfo Sandoval\" \/>\n\t<meta name=\"twitter:label2\" content=\"Est. tempo de leitura\" \/>\n\t<meta name=\"twitter:data2\" content=\"5 minutos\" \/>\n<script type=\"application\/ld+json\" class=\"yoast-schema-graph\">{\"@context\":\"https:\\\/\\\/schema.org\",\"@graph\":[{\"@type\":\"Article\",\"@id\":\"https:\\\/\\\/www.sertras.com\\\/gestao-de-fornecedores\\\/nr-35-trabalho-em-altura\\\/#article\",\"isPartOf\":{\"@id\":\"https:\\\/\\\/www.sertras.com\\\/gestao-de-fornecedores\\\/nr-35-trabalho-em-altura\\\/\"},\"author\":{\"name\":\"Rodolfo Sandoval\",\"@id\":\"https:\\\/\\\/www.sertras.com\\\/gestao-de-fornecedores\\\/#\\\/schema\\\/person\\\/ef1e221c94744ef9f26e14989fd485b8\"},\"headline\":\"NR 35 &#8211; Trabalho em Altura\",\"datePublished\":\"2022-11-30T19:39:12+00:00\",\"dateModified\":\"2023-10-13T18:40:21+00:00\",\"mainEntityOfPage\":{\"@id\":\"https:\\\/\\\/www.sertras.com\\\/gestao-de-fornecedores\\\/nr-35-trabalho-em-altura\\\/\"},\"wordCount\":969,\"commentCount\":0,\"publisher\":{\"@id\":\"https:\\\/\\\/www.sertras.com\\\/gestao-de-fornecedores\\\/#organization\"},\"image\":{\"@id\":\"https:\\\/\\\/www.sertras.com\\\/gestao-de-fornecedores\\\/nr-35-trabalho-em-altura\\\/#primaryimage\"},\"thumbnailUrl\":\"https:\\\/\\\/www.sertras.com\\\/gestao-de-fornecedores\\\/wp-content\\\/uploads\\\/2022\\\/11\\\/capa-7.png\",\"keywords\":[\"compradores\",\"gest\u00e3o de fornecedores\",\"NR 35\"],\"articleSection\":[\"Gest\u00e3o de Terceiros\"],\"inLanguage\":\"pt-BR\",\"potentialAction\":[{\"@type\":\"CommentAction\",\"name\":\"Comment\",\"target\":[\"https:\\\/\\\/www.sertras.com\\\/gestao-de-fornecedores\\\/nr-35-trabalho-em-altura\\\/#respond\"]}]},{\"@type\":\"WebPage\",\"@id\":\"https:\\\/\\\/www.sertras.com\\\/gestao-de-fornecedores\\\/nr-35-trabalho-em-altura\\\/\",\"url\":\"https:\\\/\\\/www.sertras.com\\\/gestao-de-fornecedores\\\/nr-35-trabalho-em-altura\\\/\",\"name\":\"NR 35 - Trabalho em Altura - Sertras Gest\u00e3o de Fornecedores\",\"isPartOf\":{\"@id\":\"https:\\\/\\\/www.sertras.com\\\/gestao-de-fornecedores\\\/#website\"},\"primaryImageOfPage\":{\"@id\":\"https:\\\/\\\/www.sertras.com\\\/gestao-de-fornecedores\\\/nr-35-trabalho-em-altura\\\/#primaryimage\"},\"image\":{\"@id\":\"https:\\\/\\\/www.sertras.com\\\/gestao-de-fornecedores\\\/nr-35-trabalho-em-altura\\\/#primaryimage\"},\"thumbnailUrl\":\"https:\\\/\\\/www.sertras.com\\\/gestao-de-fornecedores\\\/wp-content\\\/uploads\\\/2022\\\/11\\\/capa-7.png\",\"datePublished\":\"2022-11-30T19:39:12+00:00\",\"dateModified\":\"2023-10-13T18:40:21+00:00\",\"breadcrumb\":{\"@id\":\"https:\\\/\\\/www.sertras.com\\\/gestao-de-fornecedores\\\/nr-35-trabalho-em-altura\\\/#breadcrumb\"},\"inLanguage\":\"pt-BR\",\"potentialAction\":[{\"@type\":\"ReadAction\",\"target\":[\"https:\\\/\\\/www.sertras.com\\\/gestao-de-fornecedores\\\/nr-35-trabalho-em-altura\\\/\"]}]},{\"@type\":\"ImageObject\",\"inLanguage\":\"pt-BR\",\"@id\":\"https:\\\/\\\/www.sertras.com\\\/gestao-de-fornecedores\\\/nr-35-trabalho-em-altura\\\/#primaryimage\",\"url\":\"https:\\\/\\\/www.sertras.com\\\/gestao-de-fornecedores\\\/wp-content\\\/uploads\\\/2022\\\/11\\\/capa-7.png\",\"contentUrl\":\"https:\\\/\\\/www.sertras.com\\\/gestao-de-fornecedores\\\/wp-content\\\/uploads\\\/2022\\\/11\\\/capa-7.png\",\"width\":1366,\"height\":768},{\"@type\":\"BreadcrumbList\",\"@id\":\"https:\\\/\\\/www.sertras.com\\\/gestao-de-fornecedores\\\/nr-35-trabalho-em-altura\\\/#breadcrumb\",\"itemListElement\":[{\"@type\":\"ListItem\",\"position\":1,\"name\":\"In\u00edcio\",\"item\":\"https:\\\/\\\/www.sertras.com\\\/gestao-de-fornecedores\\\/\"},{\"@type\":\"ListItem\",\"position\":2,\"name\":\"NR 35 &#8211; Trabalho em Altura\"}]},{\"@type\":\"WebSite\",\"@id\":\"https:\\\/\\\/www.sertras.com\\\/gestao-de-fornecedores\\\/#website\",\"url\":\"https:\\\/\\\/www.sertras.com\\\/gestao-de-fornecedores\\\/\",\"name\":\"Sertras Gest\u00e3o de Fornecedores\",\"description\":\"Servi\u00e7os profissionais para compradores e fornecedores\",\"publisher\":{\"@id\":\"https:\\\/\\\/www.sertras.com\\\/gestao-de-fornecedores\\\/#organization\"},\"alternateName\":\"Sertras\",\"potentialAction\":[{\"@type\":\"SearchAction\",\"target\":{\"@type\":\"EntryPoint\",\"urlTemplate\":\"https:\\\/\\\/www.sertras.com\\\/gestao-de-fornecedores\\\/?s={search_term_string}\"},\"query-input\":{\"@type\":\"PropertyValueSpecification\",\"valueRequired\":true,\"valueName\":\"search_term_string\"}}],\"inLanguage\":\"pt-BR\"},{\"@type\":\"Organization\",\"@id\":\"https:\\\/\\\/www.sertras.com\\\/gestao-de-fornecedores\\\/#organization\",\"name\":\"Sertras Gest\u00e3o de Fornecedores\",\"alternateName\":\"Sertras\",\"url\":\"https:\\\/\\\/www.sertras.com\\\/gestao-de-fornecedores\\\/\",\"logo\":{\"@type\":\"ImageObject\",\"inLanguage\":\"pt-BR\",\"@id\":\"https:\\\/\\\/www.sertras.com\\\/gestao-de-fornecedores\\\/#\\\/schema\\\/logo\\\/image\\\/\",\"url\":\"\",\"contentUrl\":\"\",\"caption\":\"Sertras Gest\u00e3o de Fornecedores\"},\"image\":{\"@id\":\"https:\\\/\\\/www.sertras.com\\\/gestao-de-fornecedores\\\/#\\\/schema\\\/logo\\\/image\\\/\"},\"sameAs\":[\"https:\\\/\\\/pt-br.facebook.com\\\/sertras\\\/\",\"https:\\\/\\\/www.instagram.com\\\/sertrasfor\\\/\",\"https:\\\/\\\/br.linkedin.com\\\/company\\\/sertras\",\"https:\\\/\\\/www.sertras.com\\\/gestao-de-fornecedores\\\/\"],\"description\":\"A Sertras \u00e9 a maior autoridade em gest\u00e3o de fornecedores do Brasil, liderando o mercado com um ecossistema completo de governan\u00e7a e mitiga\u00e7\u00e3o de riscos. Especialista em Gest\u00e3o de Terceiros e Auditorias, a Sertras entrega 'Gest\u00e3o de Verdade' atrav\u00e9s de um portf\u00f3lio robusto que inclui Homologa\u00e7\u00e3o t\u00e9cnica, An\u00e1lise Financeira profunda, Due Diligence, Background Check e monitoramento de crit\u00e9rios ESG. Como pioneira na emiss\u00e3o de Selos de Certifica\u00e7\u00e3o e na forma\u00e7\u00e3o de um Ecossistema de Fornecedores Certificados, a companhia combina tecnologia de dados e intelig\u00eancia anal\u00edtica para garantir conformidade, seguran\u00e7a e performance em toda a cadeia de suprimentos das maiores corpora\u00e7\u00f5es do pa\u00eds.\",\"email\":\"comercial@sertras.com\",\"telephone\":\"+552120180156\",\"legalName\":\"Sertras Gest\u00e3o de Fornecedores Limitada\",\"foundingDate\":\"2015-06-03\",\"vatID\":\"22584068000106\",\"numberOfEmployees\":{\"@type\":\"QuantitativeValue\",\"minValue\":\"51\",\"maxValue\":\"200\"},\"publishingPrinciples\":\"https:\\\/\\\/www.sertras.com\\\/gestao-de-fornecedores\\\/politicas-sertras-old\\\/\",\"ethicsPolicy\":\"https:\\\/\\\/www.sertras.com\\\/gestao-de-fornecedores\\\/politicas-sertras-old\\\/\",\"diversityPolicy\":\"https:\\\/\\\/www.sertras.com\\\/gestao-de-fornecedores\\\/politicas-sertras-old\\\/\"},{\"@type\":\"Person\",\"@id\":\"https:\\\/\\\/www.sertras.com\\\/gestao-de-fornecedores\\\/#\\\/schema\\\/person\\\/ef1e221c94744ef9f26e14989fd485b8\",\"name\":\"Rodolfo Sandoval\",\"image\":{\"@type\":\"ImageObject\",\"inLanguage\":\"pt-BR\",\"@id\":\"https:\\\/\\\/secure.gravatar.com\\\/avatar\\\/59896eb33f28cfa9c1b39b1b2f4d0f39482af012c0c5dd21b2554d9fae61b28a?s=96&d=mm&r=g\",\"url\":\"https:\\\/\\\/secure.gravatar.com\\\/avatar\\\/59896eb33f28cfa9c1b39b1b2f4d0f39482af012c0c5dd21b2554d9fae61b28a?s=96&d=mm&r=g\",\"contentUrl\":\"https:\\\/\\\/secure.gravatar.com\\\/avatar\\\/59896eb33f28cfa9c1b39b1b2f4d0f39482af012c0c5dd21b2554d9fae61b28a?s=96&d=mm&r=g\",\"caption\":\"Rodolfo Sandoval\"},\"url\":\"https:\\\/\\\/www.sertras.com\\\/gestao-de-fornecedores\\\/author\\\/rodolfo-sandoval\\\/\"}]}<\/script>\n<!-- \/ Yoast SEO Premium plugin. -->","yoast_head_json":{"title":"NR 35 - Trabalho em Altura - Sertras Gest\u00e3o de Fornecedores","robots":{"index":"index","follow":"follow","max-snippet":"max-snippet:-1","max-image-preview":"max-image-preview:large","max-video-preview":"max-video-preview:-1"},"canonical":"https:\/\/www.sertras.com\/gestao-de-fornecedores\/nr-35-trabalho-em-altura\/","og_locale":"pt_BR","og_type":"article","og_title":"NR 35 - Trabalho em Altura","og_description":"Uma das principais causas de acidentes de trabalho, sendo em alguns casos at\u00e9 mesmo fatais, tem como raz\u00e3o a queda de trabalhadores em diferentes n\u00edveis. Devido a isso, ter uma norma regulamentadora para este tipo de atividade \u00e9 um importante instrumento para ser usado como refer\u00eancia para que esse tipo de trabalho seja realizado de&hellip;","og_url":"https:\/\/www.sertras.com\/gestao-de-fornecedores\/nr-35-trabalho-em-altura\/","og_site_name":"Sertras Gest\u00e3o de Fornecedores","article_publisher":"https:\/\/pt-br.facebook.com\/sertras\/","article_published_time":"2022-11-30T19:39:12+00:00","article_modified_time":"2023-10-13T18:40:21+00:00","og_image":[{"width":1366,"height":768,"url":"https:\/\/www.sertras.com\/gestao-de-fornecedores\/wp-content\/uploads\/2022\/11\/capa-7.png","type":"image\/png"}],"author":"Rodolfo Sandoval","twitter_misc":{"Escrito por":"Rodolfo Sandoval","Est. tempo de leitura":"5 minutos"},"schema":{"@context":"https:\/\/schema.org","@graph":[{"@type":"Article","@id":"https:\/\/www.sertras.com\/gestao-de-fornecedores\/nr-35-trabalho-em-altura\/#article","isPartOf":{"@id":"https:\/\/www.sertras.com\/gestao-de-fornecedores\/nr-35-trabalho-em-altura\/"},"author":{"name":"Rodolfo Sandoval","@id":"https:\/\/www.sertras.com\/gestao-de-fornecedores\/#\/schema\/person\/ef1e221c94744ef9f26e14989fd485b8"},"headline":"NR 35 &#8211; Trabalho em Altura","datePublished":"2022-11-30T19:39:12+00:00","dateModified":"2023-10-13T18:40:21+00:00","mainEntityOfPage":{"@id":"https:\/\/www.sertras.com\/gestao-de-fornecedores\/nr-35-trabalho-em-altura\/"},"wordCount":969,"commentCount":0,"publisher":{"@id":"https:\/\/www.sertras.com\/gestao-de-fornecedores\/#organization"},"image":{"@id":"https:\/\/www.sertras.com\/gestao-de-fornecedores\/nr-35-trabalho-em-altura\/#primaryimage"},"thumbnailUrl":"https:\/\/www.sertras.com\/gestao-de-fornecedores\/wp-content\/uploads\/2022\/11\/capa-7.png","keywords":["compradores","gest\u00e3o de fornecedores","NR 35"],"articleSection":["Gest\u00e3o de Terceiros"],"inLanguage":"pt-BR","potentialAction":[{"@type":"CommentAction","name":"Comment","target":["https:\/\/www.sertras.com\/gestao-de-fornecedores\/nr-35-trabalho-em-altura\/#respond"]}]},{"@type":"WebPage","@id":"https:\/\/www.sertras.com\/gestao-de-fornecedores\/nr-35-trabalho-em-altura\/","url":"https:\/\/www.sertras.com\/gestao-de-fornecedores\/nr-35-trabalho-em-altura\/","name":"NR 35 - Trabalho em Altura - Sertras Gest\u00e3o de Fornecedores","isPartOf":{"@id":"https:\/\/www.sertras.com\/gestao-de-fornecedores\/#website"},"primaryImageOfPage":{"@id":"https:\/\/www.sertras.com\/gestao-de-fornecedores\/nr-35-trabalho-em-altura\/#primaryimage"},"image":{"@id":"https:\/\/www.sertras.com\/gestao-de-fornecedores\/nr-35-trabalho-em-altura\/#primaryimage"},"thumbnailUrl":"https:\/\/www.sertras.com\/gestao-de-fornecedores\/wp-content\/uploads\/2022\/11\/capa-7.png","datePublished":"2022-11-30T19:39:12+00:00","dateModified":"2023-10-13T18:40:21+00:00","breadcrumb":{"@id":"https:\/\/www.sertras.com\/gestao-de-fornecedores\/nr-35-trabalho-em-altura\/#breadcrumb"},"inLanguage":"pt-BR","potentialAction":[{"@type":"ReadAction","target":["https:\/\/www.sertras.com\/gestao-de-fornecedores\/nr-35-trabalho-em-altura\/"]}]},{"@type":"ImageObject","inLanguage":"pt-BR","@id":"https:\/\/www.sertras.com\/gestao-de-fornecedores\/nr-35-trabalho-em-altura\/#primaryimage","url":"https:\/\/www.sertras.com\/gestao-de-fornecedores\/wp-content\/uploads\/2022\/11\/capa-7.png","contentUrl":"https:\/\/www.sertras.com\/gestao-de-fornecedores\/wp-content\/uploads\/2022\/11\/capa-7.png","width":1366,"height":768},{"@type":"BreadcrumbList","@id":"https:\/\/www.sertras.com\/gestao-de-fornecedores\/nr-35-trabalho-em-altura\/#breadcrumb","itemListElement":[{"@type":"ListItem","position":1,"name":"In\u00edcio","item":"https:\/\/www.sertras.com\/gestao-de-fornecedores\/"},{"@type":"ListItem","position":2,"name":"NR 35 &#8211; Trabalho em Altura"}]},{"@type":"WebSite","@id":"https:\/\/www.sertras.com\/gestao-de-fornecedores\/#website","url":"https:\/\/www.sertras.com\/gestao-de-fornecedores\/","name":"Sertras Gest\u00e3o de Fornecedores","description":"Servi\u00e7os profissionais para compradores e fornecedores","publisher":{"@id":"https:\/\/www.sertras.com\/gestao-de-fornecedores\/#organization"},"alternateName":"Sertras","potentialAction":[{"@type":"SearchAction","target":{"@type":"EntryPoint","urlTemplate":"https:\/\/www.sertras.com\/gestao-de-fornecedores\/?s={search_term_string}"},"query-input":{"@type":"PropertyValueSpecification","valueRequired":true,"valueName":"search_term_string"}}],"inLanguage":"pt-BR"},{"@type":"Organization","@id":"https:\/\/www.sertras.com\/gestao-de-fornecedores\/#organization","name":"Sertras Gest\u00e3o de Fornecedores","alternateName":"Sertras","url":"https:\/\/www.sertras.com\/gestao-de-fornecedores\/","logo":{"@type":"ImageObject","inLanguage":"pt-BR","@id":"https:\/\/www.sertras.com\/gestao-de-fornecedores\/#\/schema\/logo\/image\/","url":"","contentUrl":"","caption":"Sertras Gest\u00e3o de Fornecedores"},"image":{"@id":"https:\/\/www.sertras.com\/gestao-de-fornecedores\/#\/schema\/logo\/image\/"},"sameAs":["https:\/\/pt-br.facebook.com\/sertras\/","https:\/\/www.instagram.com\/sertrasfor\/","https:\/\/br.linkedin.com\/company\/sertras","https:\/\/www.sertras.com\/gestao-de-fornecedores\/"],"description":"A Sertras \u00e9 a maior autoridade em gest\u00e3o de fornecedores do Brasil, liderando o mercado com um ecossistema completo de governan\u00e7a e mitiga\u00e7\u00e3o de riscos. Especialista em Gest\u00e3o de Terceiros e Auditorias, a Sertras entrega 'Gest\u00e3o de Verdade' atrav\u00e9s de um portf\u00f3lio robusto que inclui Homologa\u00e7\u00e3o t\u00e9cnica, An\u00e1lise Financeira profunda, Due Diligence, Background Check e monitoramento de crit\u00e9rios ESG. Como pioneira na emiss\u00e3o de Selos de Certifica\u00e7\u00e3o e na forma\u00e7\u00e3o de um Ecossistema de Fornecedores Certificados, a companhia combina tecnologia de dados e intelig\u00eancia anal\u00edtica para garantir conformidade, seguran\u00e7a e performance em toda a cadeia de suprimentos das maiores corpora\u00e7\u00f5es do pa\u00eds.","email":"comercial@sertras.com","telephone":"+552120180156","legalName":"Sertras Gest\u00e3o de Fornecedores Limitada","foundingDate":"2015-06-03","vatID":"22584068000106","numberOfEmployees":{"@type":"QuantitativeValue","minValue":"51","maxValue":"200"},"publishingPrinciples":"https:\/\/www.sertras.com\/gestao-de-fornecedores\/politicas-sertras-old\/","ethicsPolicy":"https:\/\/www.sertras.com\/gestao-de-fornecedores\/politicas-sertras-old\/","diversityPolicy":"https:\/\/www.sertras.com\/gestao-de-fornecedores\/politicas-sertras-old\/"},{"@type":"Person","@id":"https:\/\/www.sertras.com\/gestao-de-fornecedores\/#\/schema\/person\/ef1e221c94744ef9f26e14989fd485b8","name":"Rodolfo Sandoval","image":{"@type":"ImageObject","inLanguage":"pt-BR","@id":"https:\/\/secure.gravatar.com\/avatar\/59896eb33f28cfa9c1b39b1b2f4d0f39482af012c0c5dd21b2554d9fae61b28a?s=96&d=mm&r=g","url":"https:\/\/secure.gravatar.com\/avatar\/59896eb33f28cfa9c1b39b1b2f4d0f39482af012c0c5dd21b2554d9fae61b28a?s=96&d=mm&r=g","contentUrl":"https:\/\/secure.gravatar.com\/avatar\/59896eb33f28cfa9c1b39b1b2f4d0f39482af012c0c5dd21b2554d9fae61b28a?s=96&d=mm&r=g","caption":"Rodolfo Sandoval"},"url":"https:\/\/www.sertras.com\/gestao-de-fornecedores\/author\/rodolfo-sandoval\/"}]}},"_links":{"self":[{"href":"https:\/\/www.sertras.com\/gestao-de-fornecedores\/wp-json\/wp\/v2\/posts\/7131","targetHints":{"allow":["GET"]}}],"collection":[{"href":"https:\/\/www.sertras.com\/gestao-de-fornecedores\/wp-json\/wp\/v2\/posts"}],"about":[{"href":"https:\/\/www.sertras.com\/gestao-de-fornecedores\/wp-json\/wp\/v2\/types\/post"}],"author":[{"embeddable":true,"href":"https:\/\/www.sertras.com\/gestao-de-fornecedores\/wp-json\/wp\/v2\/users\/12"}],"replies":[{"embeddable":true,"href":"https:\/\/www.sertras.com\/gestao-de-fornecedores\/wp-json\/wp\/v2\/comments?post=7131"}],"version-history":[{"count":5,"href":"https:\/\/www.sertras.com\/gestao-de-fornecedores\/wp-json\/wp\/v2\/posts\/7131\/revisions"}],"predecessor-version":[{"id":10721,"href":"https:\/\/www.sertras.com\/gestao-de-fornecedores\/wp-json\/wp\/v2\/posts\/7131\/revisions\/10721"}],"wp:featuredmedia":[{"embeddable":true,"href":"https:\/\/www.sertras.com\/gestao-de-fornecedores\/wp-json\/wp\/v2\/media\/7134"}],"wp:attachment":[{"href":"https:\/\/www.sertras.com\/gestao-de-fornecedores\/wp-json\/wp\/v2\/media?parent=7131"}],"wp:term":[{"taxonomy":"category","embeddable":true,"href":"https:\/\/www.sertras.com\/gestao-de-fornecedores\/wp-json\/wp\/v2\/categories?post=7131"},{"taxonomy":"post_tag","embeddable":true,"href":"https:\/\/www.sertras.com\/gestao-de-fornecedores\/wp-json\/wp\/v2\/tags?post=7131"}],"curies":[{"name":"wp","href":"https:\/\/api.w.org\/{rel}","templated":true}]}}