{"id":9710,"date":"2023-01-20T12:06:34","date_gmt":"2023-01-20T15:06:34","guid":{"rendered":"https:\/\/www.sertras.com\/gestao-de-fornecedores\/?p=9710"},"modified":"2023-10-13T16:02:22","modified_gmt":"2023-10-13T19:02:22","slug":"passivos-trabalhistas-e-como-evita-los","status":"publish","type":"post","link":"https:\/\/www.sertras.com\/gestao-de-fornecedores\/passivos-trabalhistas-e-como-evita-los\/","title":{"rendered":"Passivos trabalhistas e como evit\u00e1-los"},"content":{"rendered":"\n<p class=\"has-dark-gray-color has-text-color\">Neste artigo iremos explicar o que s\u00e3o os passivos trabalhistas e como evit\u00e1-los. Confira a seguir!<\/p>\n\n\n\n<p class=\"has-dark-gray-color has-text-color\">Os passivos trabalhistas s\u00e3o todos os gastos que uma empresa tem, teve ou pode vir a ter por conta de n\u00e3o respeitar todas as leis e regras.&nbsp;No entanto, para mitigar os passivos trabalhistas, basta cumprir as leis dando especial \u00eanfase \u00e0 sa\u00fade e seguran\u00e7a das pessoas. <\/p>\n\n\n\n<p class=\"has-dark-gray-color has-text-color\">Ent\u00e3o, algo que deveria ser muito simples no Brasil \u00e9 uma dor de cabe\u00e7a. Especialmente quando se trata de passivos trabalhistas de terceiros, onde somos processados solidariamente e n\u00e3o temos provas para nos defender.<\/p>\n\n\n\n<h3 class=\"wp-block-heading has-dark-gray-color has-text-color\" id=\"h-dicas-para-mitigar-riscos-trabalhistas\">Dicas para mitigar riscos trabalhistas<\/h3>\n\n\n\n<ol class=\"has-dark-gray-color has-text-color wp-block-list\">\n<li>Em todo contrato com prestadores de servi\u00e7os, inclua cl\u00e1usulas de subcontrata\u00e7\u00e3o mais completas obrigando as contratadas a incluir cl\u00e1usulas espec\u00edficas nos contratos de trabalho de seu pessoal.<\/li>\n\n\n\n<li>Caso o servi\u00e7o contratado seja uma &#8220;simples presta\u00e7\u00e3o de servi\u00e7os&#8221;, n\u00e3o deixe de controlar todos os documentos de admiss\u00e3o e sa\u00fade e seguran\u00e7a das pessoas que trabalham nas suas depend\u00eancias ou fora exclusivamente para voc\u00eas.<\/li>\n\n\n\n<li>Caso seja uma terceiriza\u00e7\u00e3o, al\u00e9m do anterior controle os procedimentos trabalhistas mensais que s\u00e3o: gerar GFIP no c\u00f3digo 150, solicitar a folha de pagamento, folha de ponto, contracheque e comprovante de pagamento de sal\u00e1rios.<\/li>\n<\/ol>\n\n\n\n<p class=\"has-dark-gray-color has-text-color\">Os documentos admissionais devem ser controlados e monitorados exaustivamente de todas as pessoas. Um acidente fatal, por exemplo, pode se transformar em preju\u00edzos financeiros e reputacionais se voc\u00ea n\u00e3o consegue provar que o trabalhador estava apto para executar a a\u00e7\u00e3o.<\/p>\n\n\n\n<p class=\"has-dark-gray-color has-text-color\">Os documentos trabalhistas podem ser controlados por amostragem. Entretanto, sempre que detectado algo irregular devem ser analisados todos.<\/p>\n\n\n<div class=\"wp-block-image\">\n<figure class=\"aligncenter size-full is-resized\"><img fetchpriority=\"high\" decoding=\"async\" width=\"500\" height=\"500\" src=\"https:\/\/www.sertras.com\/gestao-de-fornecedores\/wp-content\/uploads\/2023\/01\/7069761_3266884.jpg\" alt=\"\" class=\"wp-image-9715\" style=\"width:272px;height:272px\" srcset=\"https:\/\/www.sertras.com\/gestao-de-fornecedores\/wp-content\/uploads\/2023\/01\/7069761_3266884.jpg 500w, https:\/\/www.sertras.com\/gestao-de-fornecedores\/wp-content\/uploads\/2023\/01\/7069761_3266884-300x300.jpg 300w, https:\/\/www.sertras.com\/gestao-de-fornecedores\/wp-content\/uploads\/2023\/01\/7069761_3266884-150x150.jpg 150w\" sizes=\"(max-width: 500px) 100vw, 500px\" \/><\/figure>\n<\/div>\n\n\n<h3 class=\"wp-block-heading has-dark-gray-color has-text-color\">O que preciso para come\u00e7ar a controlar os riscos de passivos trabalhistas de terceiros?<\/h3>\n\n\n\n<ol class=\"has-dark-gray-color has-text-color wp-block-list\">\n<li>Ter uma forte pol\u00edtica e processos de prote\u00e7\u00e3o de dados pessoais (LGPD), gest\u00e3o de terceiros implica tratamento de dados pessoais. No entanto, n\u00e3o podemos mitigar um risco causando outro.<\/li>\n\n\n\n<li>Adquirir um sistema de Gest\u00e3o Eletr\u00f4nica de Documentos, que permita que as contratadas possam subir documentos no sistema e que voc\u00ea possa revisar e aprovar ou rejeitar.<\/li>\n\n\n\n<li>Escrever cl\u00e1usulas nos contratos que obriguem as contratadas a respeitar as leis trabalhistas considerando puni\u00e7\u00f5es por n\u00e3o entregar os documentos que comprovam que est\u00e3o cumprindo.<\/li>\n\n\n\n<li>Gerar indicadores de cumprimento.<\/li>\n\n\n\n<li>Analisar os documentos recebidos.<\/li>\n<\/ol>\n\n\n\n<p class=\"has-dark-gray-color has-text-color\">Muitas empresas pedem indicadores de risco, contudo eles s\u00e3o muito subjetivos. Ent\u00e3o, pode-se dizer que normalmente os indicadores de risco nascem ap\u00f3s voc\u00ea j\u00e1 ter uma gest\u00e3o de terceiros madura que permita calcular a probabilidade do risco al\u00e9m do impacto.<\/p>\n\n\n\n<p class=\"has-dark-gray-color has-text-color\">Os servi\u00e7os de gest\u00e3o de terceiros da Sertras ajudam compradores e fornecedores a mitigar riscos para ambas empresas. Quer entender mais sobre esse servi\u00e7o? <a href=\"https:\/\/www.sertras.com\/gestao-de-fornecedores\/contato-comprador\/\" target=\"_blank\" rel=\"noreferrer noopener\">Entre em contato conosco!<\/a><\/p>\n","protected":false},"excerpt":{"rendered":"<p>Neste artigo iremos explicar o que s\u00e3o os passivos trabalhistas e como evit\u00e1-los. Confira a seguir! Os passivos trabalhistas s\u00e3o todos os gastos que uma empresa tem, teve ou pode vir a ter por conta de n\u00e3o respeitar todas as leis e regras.&nbsp;No entanto, para mitigar os passivos trabalhistas, basta cumprir as leis dando especial&hellip;<\/p>\n","protected":false},"author":12,"featured_media":9711,"comment_status":"open","ping_status":"open","sticky":false,"template":"","format":"standard","meta":{"footnotes":""},"categories":[142],"tags":[152,156],"class_list":["post-9710","post","type-post","status-publish","format-standard","has-post-thumbnail","hentry","category-gestao-de-terceiros","tag-compradores","tag-gestao-de-fornecedores","category-142","description-off"],"yoast_head":"<!-- This site is optimized with the Yoast SEO Premium plugin v27.3 (Yoast SEO v27.3) - https:\/\/yoast.com\/product\/yoast-seo-premium-wordpress\/ -->\n<title>Passivos trabalhistas e como evit\u00e1-los<\/title>\n<meta name=\"description\" content=\"Neste artigo falaremos sobre a defini\u00e7\u00e3o de Passivos trabalhistas e como evit\u00e1-los. Acesse o blog da Sertras e confira o material completo!\" \/>\n<meta name=\"robots\" content=\"index, follow, max-snippet:-1, max-image-preview:large, max-video-preview:-1\" \/>\n<link rel=\"canonical\" href=\"https:\/\/www.sertras.com\/gestao-de-fornecedores\/passivos-trabalhistas-e-como-evita-los\/\" \/>\n<meta property=\"og:locale\" content=\"pt_BR\" \/>\n<meta property=\"og:type\" content=\"article\" \/>\n<meta property=\"og:title\" content=\"Passivos trabalhistas e como evit\u00e1-los\" \/>\n<meta property=\"og:description\" content=\"Neste artigo falaremos sobre a defini\u00e7\u00e3o de Passivos trabalhistas e como evit\u00e1-los. Acesse o blog da Sertras e confira o material completo!\" \/>\n<meta property=\"og:url\" content=\"https:\/\/www.sertras.com\/gestao-de-fornecedores\/passivos-trabalhistas-e-como-evita-los\/\" \/>\n<meta property=\"og:site_name\" content=\"Sertras Gest\u00e3o de Fornecedores\" \/>\n<meta property=\"article:publisher\" content=\"https:\/\/pt-br.facebook.com\/sertras\/\" \/>\n<meta property=\"article:published_time\" content=\"2023-01-20T15:06:34+00:00\" \/>\n<meta property=\"article:modified_time\" content=\"2023-10-13T19:02:22+00:00\" \/>\n<meta property=\"og:image\" content=\"https:\/\/www.sertras.com\/gestao-de-fornecedores\/wp-content\/uploads\/2023\/01\/capa-blog.png\" \/>\n\t<meta property=\"og:image:width\" content=\"1366\" \/>\n\t<meta property=\"og:image:height\" content=\"768\" \/>\n\t<meta property=\"og:image:type\" content=\"image\/png\" \/>\n<meta name=\"author\" content=\"Rodolfo Sandoval\" \/>\n<meta name=\"twitter:label1\" content=\"Escrito por\" \/>\n\t<meta name=\"twitter:data1\" content=\"Rodolfo Sandoval\" \/>\n\t<meta name=\"twitter:label2\" content=\"Est. tempo de leitura\" \/>\n\t<meta name=\"twitter:data2\" content=\"3 minutos\" \/>\n<script type=\"application\/ld+json\" class=\"yoast-schema-graph\">{\"@context\":\"https:\\\/\\\/schema.org\",\"@graph\":[{\"@type\":\"Article\",\"@id\":\"https:\\\/\\\/www.sertras.com\\\/gestao-de-fornecedores\\\/passivos-trabalhistas-e-como-evita-los\\\/#article\",\"isPartOf\":{\"@id\":\"https:\\\/\\\/www.sertras.com\\\/gestao-de-fornecedores\\\/passivos-trabalhistas-e-como-evita-los\\\/\"},\"author\":{\"name\":\"Rodolfo Sandoval\",\"@id\":\"https:\\\/\\\/www.sertras.com\\\/gestao-de-fornecedores\\\/#\\\/schema\\\/person\\\/ef1e221c94744ef9f26e14989fd485b8\"},\"headline\":\"Passivos trabalhistas e como evit\u00e1-los\",\"datePublished\":\"2023-01-20T15:06:34+00:00\",\"dateModified\":\"2023-10-13T19:02:22+00:00\",\"mainEntityOfPage\":{\"@id\":\"https:\\\/\\\/www.sertras.com\\\/gestao-de-fornecedores\\\/passivos-trabalhistas-e-como-evita-los\\\/\"},\"wordCount\":481,\"commentCount\":0,\"publisher\":{\"@id\":\"https:\\\/\\\/www.sertras.com\\\/gestao-de-fornecedores\\\/#organization\"},\"image\":{\"@id\":\"https:\\\/\\\/www.sertras.com\\\/gestao-de-fornecedores\\\/passivos-trabalhistas-e-como-evita-los\\\/#primaryimage\"},\"thumbnailUrl\":\"https:\\\/\\\/www.sertras.com\\\/gestao-de-fornecedores\\\/wp-content\\\/uploads\\\/2023\\\/01\\\/capa-blog.png\",\"keywords\":[\"compradores\",\"gest\u00e3o de fornecedores\"],\"articleSection\":[\"Gest\u00e3o de Terceiros\"],\"inLanguage\":\"pt-BR\",\"potentialAction\":[{\"@type\":\"CommentAction\",\"name\":\"Comment\",\"target\":[\"https:\\\/\\\/www.sertras.com\\\/gestao-de-fornecedores\\\/passivos-trabalhistas-e-como-evita-los\\\/#respond\"]}]},{\"@type\":\"WebPage\",\"@id\":\"https:\\\/\\\/www.sertras.com\\\/gestao-de-fornecedores\\\/passivos-trabalhistas-e-como-evita-los\\\/\",\"url\":\"https:\\\/\\\/www.sertras.com\\\/gestao-de-fornecedores\\\/passivos-trabalhistas-e-como-evita-los\\\/\",\"name\":\"Passivos trabalhistas e como evit\u00e1-los\",\"isPartOf\":{\"@id\":\"https:\\\/\\\/www.sertras.com\\\/gestao-de-fornecedores\\\/#website\"},\"primaryImageOfPage\":{\"@id\":\"https:\\\/\\\/www.sertras.com\\\/gestao-de-fornecedores\\\/passivos-trabalhistas-e-como-evita-los\\\/#primaryimage\"},\"image\":{\"@id\":\"https:\\\/\\\/www.sertras.com\\\/gestao-de-fornecedores\\\/passivos-trabalhistas-e-como-evita-los\\\/#primaryimage\"},\"thumbnailUrl\":\"https:\\\/\\\/www.sertras.com\\\/gestao-de-fornecedores\\\/wp-content\\\/uploads\\\/2023\\\/01\\\/capa-blog.png\",\"datePublished\":\"2023-01-20T15:06:34+00:00\",\"dateModified\":\"2023-10-13T19:02:22+00:00\",\"description\":\"Neste artigo falaremos sobre a defini\u00e7\u00e3o de Passivos trabalhistas e como evit\u00e1-los. Acesse o blog da Sertras e confira o material completo!\",\"breadcrumb\":{\"@id\":\"https:\\\/\\\/www.sertras.com\\\/gestao-de-fornecedores\\\/passivos-trabalhistas-e-como-evita-los\\\/#breadcrumb\"},\"inLanguage\":\"pt-BR\",\"potentialAction\":[{\"@type\":\"ReadAction\",\"target\":[\"https:\\\/\\\/www.sertras.com\\\/gestao-de-fornecedores\\\/passivos-trabalhistas-e-como-evita-los\\\/\"]}]},{\"@type\":\"ImageObject\",\"inLanguage\":\"pt-BR\",\"@id\":\"https:\\\/\\\/www.sertras.com\\\/gestao-de-fornecedores\\\/passivos-trabalhistas-e-como-evita-los\\\/#primaryimage\",\"url\":\"https:\\\/\\\/www.sertras.com\\\/gestao-de-fornecedores\\\/wp-content\\\/uploads\\\/2023\\\/01\\\/capa-blog.png\",\"contentUrl\":\"https:\\\/\\\/www.sertras.com\\\/gestao-de-fornecedores\\\/wp-content\\\/uploads\\\/2023\\\/01\\\/capa-blog.png\",\"width\":1366,\"height\":768},{\"@type\":\"BreadcrumbList\",\"@id\":\"https:\\\/\\\/www.sertras.com\\\/gestao-de-fornecedores\\\/passivos-trabalhistas-e-como-evita-los\\\/#breadcrumb\",\"itemListElement\":[{\"@type\":\"ListItem\",\"position\":1,\"name\":\"In\u00edcio\",\"item\":\"https:\\\/\\\/www.sertras.com\\\/gestao-de-fornecedores\\\/\"},{\"@type\":\"ListItem\",\"position\":2,\"name\":\"Passivos trabalhistas e como evit\u00e1-los\"}]},{\"@type\":\"WebSite\",\"@id\":\"https:\\\/\\\/www.sertras.com\\\/gestao-de-fornecedores\\\/#website\",\"url\":\"https:\\\/\\\/www.sertras.com\\\/gestao-de-fornecedores\\\/\",\"name\":\"Sertras Gest\u00e3o de Fornecedores\",\"description\":\"Servi\u00e7os profissionais para compradores e fornecedores\",\"publisher\":{\"@id\":\"https:\\\/\\\/www.sertras.com\\\/gestao-de-fornecedores\\\/#organization\"},\"alternateName\":\"Sertras\",\"potentialAction\":[{\"@type\":\"SearchAction\",\"target\":{\"@type\":\"EntryPoint\",\"urlTemplate\":\"https:\\\/\\\/www.sertras.com\\\/gestao-de-fornecedores\\\/?s={search_term_string}\"},\"query-input\":{\"@type\":\"PropertyValueSpecification\",\"valueRequired\":true,\"valueName\":\"search_term_string\"}}],\"inLanguage\":\"pt-BR\"},{\"@type\":\"Organization\",\"@id\":\"https:\\\/\\\/www.sertras.com\\\/gestao-de-fornecedores\\\/#organization\",\"name\":\"Sertras Gest\u00e3o de Fornecedores\",\"alternateName\":\"Sertras\",\"url\":\"https:\\\/\\\/www.sertras.com\\\/gestao-de-fornecedores\\\/\",\"logo\":{\"@type\":\"ImageObject\",\"inLanguage\":\"pt-BR\",\"@id\":\"https:\\\/\\\/www.sertras.com\\\/gestao-de-fornecedores\\\/#\\\/schema\\\/logo\\\/image\\\/\",\"url\":\"\",\"contentUrl\":\"\",\"caption\":\"Sertras Gest\u00e3o de Fornecedores\"},\"image\":{\"@id\":\"https:\\\/\\\/www.sertras.com\\\/gestao-de-fornecedores\\\/#\\\/schema\\\/logo\\\/image\\\/\"},\"sameAs\":[\"https:\\\/\\\/pt-br.facebook.com\\\/sertras\\\/\",\"https:\\\/\\\/www.instagram.com\\\/sertrasfor\\\/\",\"https:\\\/\\\/br.linkedin.com\\\/company\\\/sertras\",\"https:\\\/\\\/www.sertras.com\\\/gestao-de-fornecedores\\\/\"],\"description\":\"A Sertras \u00e9 a maior autoridade em gest\u00e3o de fornecedores do Brasil, liderando o mercado com um ecossistema completo de governan\u00e7a e mitiga\u00e7\u00e3o de riscos. Especialista em Gest\u00e3o de Terceiros e Auditorias, a Sertras entrega 'Gest\u00e3o de Verdade' atrav\u00e9s de um portf\u00f3lio robusto que inclui Homologa\u00e7\u00e3o t\u00e9cnica, An\u00e1lise Financeira profunda, Due Diligence, Background Check e monitoramento de crit\u00e9rios ESG. Como pioneira na emiss\u00e3o de Selos de Certifica\u00e7\u00e3o e na forma\u00e7\u00e3o de um Ecossistema de Fornecedores Certificados, a companhia combina tecnologia de dados e intelig\u00eancia anal\u00edtica para garantir conformidade, seguran\u00e7a e performance em toda a cadeia de suprimentos das maiores corpora\u00e7\u00f5es do pa\u00eds.\",\"email\":\"comercial@sertras.com\",\"telephone\":\"+552120180156\",\"legalName\":\"Sertras Gest\u00e3o de Fornecedores Limitada\",\"foundingDate\":\"2015-06-03\",\"vatID\":\"22584068000106\",\"numberOfEmployees\":{\"@type\":\"QuantitativeValue\",\"minValue\":\"51\",\"maxValue\":\"200\"},\"publishingPrinciples\":\"https:\\\/\\\/www.sertras.com\\\/gestao-de-fornecedores\\\/politicas-sertras-old\\\/\",\"ethicsPolicy\":\"https:\\\/\\\/www.sertras.com\\\/gestao-de-fornecedores\\\/politicas-sertras-old\\\/\",\"diversityPolicy\":\"https:\\\/\\\/www.sertras.com\\\/gestao-de-fornecedores\\\/politicas-sertras-old\\\/\"},{\"@type\":\"Person\",\"@id\":\"https:\\\/\\\/www.sertras.com\\\/gestao-de-fornecedores\\\/#\\\/schema\\\/person\\\/ef1e221c94744ef9f26e14989fd485b8\",\"name\":\"Rodolfo Sandoval\",\"image\":{\"@type\":\"ImageObject\",\"inLanguage\":\"pt-BR\",\"@id\":\"https:\\\/\\\/secure.gravatar.com\\\/avatar\\\/59896eb33f28cfa9c1b39b1b2f4d0f39482af012c0c5dd21b2554d9fae61b28a?s=96&d=mm&r=g\",\"url\":\"https:\\\/\\\/secure.gravatar.com\\\/avatar\\\/59896eb33f28cfa9c1b39b1b2f4d0f39482af012c0c5dd21b2554d9fae61b28a?s=96&d=mm&r=g\",\"contentUrl\":\"https:\\\/\\\/secure.gravatar.com\\\/avatar\\\/59896eb33f28cfa9c1b39b1b2f4d0f39482af012c0c5dd21b2554d9fae61b28a?s=96&d=mm&r=g\",\"caption\":\"Rodolfo Sandoval\"},\"url\":\"https:\\\/\\\/www.sertras.com\\\/gestao-de-fornecedores\\\/author\\\/rodolfo-sandoval\\\/\"}]}<\/script>\n<!-- \/ Yoast SEO Premium plugin. -->","yoast_head_json":{"title":"Passivos trabalhistas e como evit\u00e1-los","description":"Neste artigo falaremos sobre a defini\u00e7\u00e3o de Passivos trabalhistas e como evit\u00e1-los. Acesse o blog da Sertras e confira o material completo!","robots":{"index":"index","follow":"follow","max-snippet":"max-snippet:-1","max-image-preview":"max-image-preview:large","max-video-preview":"max-video-preview:-1"},"canonical":"https:\/\/www.sertras.com\/gestao-de-fornecedores\/passivos-trabalhistas-e-como-evita-los\/","og_locale":"pt_BR","og_type":"article","og_title":"Passivos trabalhistas e como evit\u00e1-los","og_description":"Neste artigo falaremos sobre a defini\u00e7\u00e3o de Passivos trabalhistas e como evit\u00e1-los. Acesse o blog da Sertras e confira o material completo!","og_url":"https:\/\/www.sertras.com\/gestao-de-fornecedores\/passivos-trabalhistas-e-como-evita-los\/","og_site_name":"Sertras Gest\u00e3o de Fornecedores","article_publisher":"https:\/\/pt-br.facebook.com\/sertras\/","article_published_time":"2023-01-20T15:06:34+00:00","article_modified_time":"2023-10-13T19:02:22+00:00","og_image":[{"width":1366,"height":768,"url":"https:\/\/www.sertras.com\/gestao-de-fornecedores\/wp-content\/uploads\/2023\/01\/capa-blog.png","type":"image\/png"}],"author":"Rodolfo Sandoval","twitter_misc":{"Escrito por":"Rodolfo Sandoval","Est. tempo de leitura":"3 minutos"},"schema":{"@context":"https:\/\/schema.org","@graph":[{"@type":"Article","@id":"https:\/\/www.sertras.com\/gestao-de-fornecedores\/passivos-trabalhistas-e-como-evita-los\/#article","isPartOf":{"@id":"https:\/\/www.sertras.com\/gestao-de-fornecedores\/passivos-trabalhistas-e-como-evita-los\/"},"author":{"name":"Rodolfo Sandoval","@id":"https:\/\/www.sertras.com\/gestao-de-fornecedores\/#\/schema\/person\/ef1e221c94744ef9f26e14989fd485b8"},"headline":"Passivos trabalhistas e como evit\u00e1-los","datePublished":"2023-01-20T15:06:34+00:00","dateModified":"2023-10-13T19:02:22+00:00","mainEntityOfPage":{"@id":"https:\/\/www.sertras.com\/gestao-de-fornecedores\/passivos-trabalhistas-e-como-evita-los\/"},"wordCount":481,"commentCount":0,"publisher":{"@id":"https:\/\/www.sertras.com\/gestao-de-fornecedores\/#organization"},"image":{"@id":"https:\/\/www.sertras.com\/gestao-de-fornecedores\/passivos-trabalhistas-e-como-evita-los\/#primaryimage"},"thumbnailUrl":"https:\/\/www.sertras.com\/gestao-de-fornecedores\/wp-content\/uploads\/2023\/01\/capa-blog.png","keywords":["compradores","gest\u00e3o de fornecedores"],"articleSection":["Gest\u00e3o de Terceiros"],"inLanguage":"pt-BR","potentialAction":[{"@type":"CommentAction","name":"Comment","target":["https:\/\/www.sertras.com\/gestao-de-fornecedores\/passivos-trabalhistas-e-como-evita-los\/#respond"]}]},{"@type":"WebPage","@id":"https:\/\/www.sertras.com\/gestao-de-fornecedores\/passivos-trabalhistas-e-como-evita-los\/","url":"https:\/\/www.sertras.com\/gestao-de-fornecedores\/passivos-trabalhistas-e-como-evita-los\/","name":"Passivos trabalhistas e como evit\u00e1-los","isPartOf":{"@id":"https:\/\/www.sertras.com\/gestao-de-fornecedores\/#website"},"primaryImageOfPage":{"@id":"https:\/\/www.sertras.com\/gestao-de-fornecedores\/passivos-trabalhistas-e-como-evita-los\/#primaryimage"},"image":{"@id":"https:\/\/www.sertras.com\/gestao-de-fornecedores\/passivos-trabalhistas-e-como-evita-los\/#primaryimage"},"thumbnailUrl":"https:\/\/www.sertras.com\/gestao-de-fornecedores\/wp-content\/uploads\/2023\/01\/capa-blog.png","datePublished":"2023-01-20T15:06:34+00:00","dateModified":"2023-10-13T19:02:22+00:00","description":"Neste artigo falaremos sobre a defini\u00e7\u00e3o de Passivos trabalhistas e como evit\u00e1-los. Acesse o blog da Sertras e confira o material completo!","breadcrumb":{"@id":"https:\/\/www.sertras.com\/gestao-de-fornecedores\/passivos-trabalhistas-e-como-evita-los\/#breadcrumb"},"inLanguage":"pt-BR","potentialAction":[{"@type":"ReadAction","target":["https:\/\/www.sertras.com\/gestao-de-fornecedores\/passivos-trabalhistas-e-como-evita-los\/"]}]},{"@type":"ImageObject","inLanguage":"pt-BR","@id":"https:\/\/www.sertras.com\/gestao-de-fornecedores\/passivos-trabalhistas-e-como-evita-los\/#primaryimage","url":"https:\/\/www.sertras.com\/gestao-de-fornecedores\/wp-content\/uploads\/2023\/01\/capa-blog.png","contentUrl":"https:\/\/www.sertras.com\/gestao-de-fornecedores\/wp-content\/uploads\/2023\/01\/capa-blog.png","width":1366,"height":768},{"@type":"BreadcrumbList","@id":"https:\/\/www.sertras.com\/gestao-de-fornecedores\/passivos-trabalhistas-e-como-evita-los\/#breadcrumb","itemListElement":[{"@type":"ListItem","position":1,"name":"In\u00edcio","item":"https:\/\/www.sertras.com\/gestao-de-fornecedores\/"},{"@type":"ListItem","position":2,"name":"Passivos trabalhistas e como evit\u00e1-los"}]},{"@type":"WebSite","@id":"https:\/\/www.sertras.com\/gestao-de-fornecedores\/#website","url":"https:\/\/www.sertras.com\/gestao-de-fornecedores\/","name":"Sertras Gest\u00e3o de Fornecedores","description":"Servi\u00e7os profissionais para compradores e fornecedores","publisher":{"@id":"https:\/\/www.sertras.com\/gestao-de-fornecedores\/#organization"},"alternateName":"Sertras","potentialAction":[{"@type":"SearchAction","target":{"@type":"EntryPoint","urlTemplate":"https:\/\/www.sertras.com\/gestao-de-fornecedores\/?s={search_term_string}"},"query-input":{"@type":"PropertyValueSpecification","valueRequired":true,"valueName":"search_term_string"}}],"inLanguage":"pt-BR"},{"@type":"Organization","@id":"https:\/\/www.sertras.com\/gestao-de-fornecedores\/#organization","name":"Sertras Gest\u00e3o de Fornecedores","alternateName":"Sertras","url":"https:\/\/www.sertras.com\/gestao-de-fornecedores\/","logo":{"@type":"ImageObject","inLanguage":"pt-BR","@id":"https:\/\/www.sertras.com\/gestao-de-fornecedores\/#\/schema\/logo\/image\/","url":"","contentUrl":"","caption":"Sertras Gest\u00e3o de Fornecedores"},"image":{"@id":"https:\/\/www.sertras.com\/gestao-de-fornecedores\/#\/schema\/logo\/image\/"},"sameAs":["https:\/\/pt-br.facebook.com\/sertras\/","https:\/\/www.instagram.com\/sertrasfor\/","https:\/\/br.linkedin.com\/company\/sertras","https:\/\/www.sertras.com\/gestao-de-fornecedores\/"],"description":"A Sertras \u00e9 a maior autoridade em gest\u00e3o de fornecedores do Brasil, liderando o mercado com um ecossistema completo de governan\u00e7a e mitiga\u00e7\u00e3o de riscos. Especialista em Gest\u00e3o de Terceiros e Auditorias, a Sertras entrega 'Gest\u00e3o de Verdade' atrav\u00e9s de um portf\u00f3lio robusto que inclui Homologa\u00e7\u00e3o t\u00e9cnica, An\u00e1lise Financeira profunda, Due Diligence, Background Check e monitoramento de crit\u00e9rios ESG. Como pioneira na emiss\u00e3o de Selos de Certifica\u00e7\u00e3o e na forma\u00e7\u00e3o de um Ecossistema de Fornecedores Certificados, a companhia combina tecnologia de dados e intelig\u00eancia anal\u00edtica para garantir conformidade, seguran\u00e7a e performance em toda a cadeia de suprimentos das maiores corpora\u00e7\u00f5es do pa\u00eds.","email":"comercial@sertras.com","telephone":"+552120180156","legalName":"Sertras Gest\u00e3o de Fornecedores Limitada","foundingDate":"2015-06-03","vatID":"22584068000106","numberOfEmployees":{"@type":"QuantitativeValue","minValue":"51","maxValue":"200"},"publishingPrinciples":"https:\/\/www.sertras.com\/gestao-de-fornecedores\/politicas-sertras-old\/","ethicsPolicy":"https:\/\/www.sertras.com\/gestao-de-fornecedores\/politicas-sertras-old\/","diversityPolicy":"https:\/\/www.sertras.com\/gestao-de-fornecedores\/politicas-sertras-old\/"},{"@type":"Person","@id":"https:\/\/www.sertras.com\/gestao-de-fornecedores\/#\/schema\/person\/ef1e221c94744ef9f26e14989fd485b8","name":"Rodolfo Sandoval","image":{"@type":"ImageObject","inLanguage":"pt-BR","@id":"https:\/\/secure.gravatar.com\/avatar\/59896eb33f28cfa9c1b39b1b2f4d0f39482af012c0c5dd21b2554d9fae61b28a?s=96&d=mm&r=g","url":"https:\/\/secure.gravatar.com\/avatar\/59896eb33f28cfa9c1b39b1b2f4d0f39482af012c0c5dd21b2554d9fae61b28a?s=96&d=mm&r=g","contentUrl":"https:\/\/secure.gravatar.com\/avatar\/59896eb33f28cfa9c1b39b1b2f4d0f39482af012c0c5dd21b2554d9fae61b28a?s=96&d=mm&r=g","caption":"Rodolfo Sandoval"},"url":"https:\/\/www.sertras.com\/gestao-de-fornecedores\/author\/rodolfo-sandoval\/"}]}},"_links":{"self":[{"href":"https:\/\/www.sertras.com\/gestao-de-fornecedores\/wp-json\/wp\/v2\/posts\/9710","targetHints":{"allow":["GET"]}}],"collection":[{"href":"https:\/\/www.sertras.com\/gestao-de-fornecedores\/wp-json\/wp\/v2\/posts"}],"about":[{"href":"https:\/\/www.sertras.com\/gestao-de-fornecedores\/wp-json\/wp\/v2\/types\/post"}],"author":[{"embeddable":true,"href":"https:\/\/www.sertras.com\/gestao-de-fornecedores\/wp-json\/wp\/v2\/users\/12"}],"replies":[{"embeddable":true,"href":"https:\/\/www.sertras.com\/gestao-de-fornecedores\/wp-json\/wp\/v2\/comments?post=9710"}],"version-history":[{"count":5,"href":"https:\/\/www.sertras.com\/gestao-de-fornecedores\/wp-json\/wp\/v2\/posts\/9710\/revisions"}],"predecessor-version":[{"id":10890,"href":"https:\/\/www.sertras.com\/gestao-de-fornecedores\/wp-json\/wp\/v2\/posts\/9710\/revisions\/10890"}],"wp:featuredmedia":[{"embeddable":true,"href":"https:\/\/www.sertras.com\/gestao-de-fornecedores\/wp-json\/wp\/v2\/media\/9711"}],"wp:attachment":[{"href":"https:\/\/www.sertras.com\/gestao-de-fornecedores\/wp-json\/wp\/v2\/media?parent=9710"}],"wp:term":[{"taxonomy":"category","embeddable":true,"href":"https:\/\/www.sertras.com\/gestao-de-fornecedores\/wp-json\/wp\/v2\/categories?post=9710"},{"taxonomy":"post_tag","embeddable":true,"href":"https:\/\/www.sertras.com\/gestao-de-fornecedores\/wp-json\/wp\/v2\/tags?post=9710"}],"curies":[{"name":"wp","href":"https:\/\/api.w.org\/{rel}","templated":true}]}}